{"id":41519,"date":"2023-07-03T22:04:40","date_gmt":"2023-07-03T22:04:40","guid":{"rendered":"https:\/\/www.radioempire.it\/?p=41519"},"modified":"2023-07-03T22:04:40","modified_gmt":"2023-07-03T22:04:40","slug":"phoenix-splende-nel-civm-spicca-nel-crz","status":"publish","type":"post","link":"https:\/\/www.radioempire.it\/index.php\/2023\/07\/03\/phoenix-splende-nel-civm-spicca-nel-crz\/","title":{"rendered":"Phoenix splende nel CIVM spicca nel CRZ"},"content":{"rendered":"<p><b><i>Successo di classe Rs+ 1600 per Venuti su Peugeot 106, a ridosso delle Turbo alla Coppa Carotti. Al 21\u00b0 Rally di Caltanissetta Nucci-Rosato, nonostante 4 successi parziali con la Skoda Fabia , sono fuori dal podio per aver tentato l\u2019assalto alla vetta all\u2019ultimo respiro. Gioiscono Bonomo-Stanca per il successo su Peugeot 106 di classe N2<\/i><\/b><\/p>\n<p><b><i>\u00a0<\/i><\/b><\/p>\n<p><b>Santa Teresa Riva (ME) 3 Luglio.<\/b> Bilancio ancora esaltante per il weekend del Team Automobilistico Phoenix, che nel Lazio, alla Coppa Carotti, ha ottenuto il massimo risultato\u00a0 con Salvatore Venuti e in Sicilia al 21\u00b0 Rally di Caltanissetta e del Vallone sfiora il colpaccio.<\/p>\n<p>Al tradizionale appuntamento con l&#8217;espressione pi\u00f9 vera della velocit\u00e0 in montagna per la 58^ edizione Rieti-Terminillo. Venuti si \u00e8 confermato pilota di carattere, molto determinato in gara nonostante una botta rimediata nelle ricognizioni. Il risultato parla chiaro, il messinese ha vinto di misura la sua classe 1600 ed \u00e8 stato il migliore di gruppo RS+ dietro le inarrivabili Turbo.<\/p>\n<p>-&#8220;<i>In prova ho avuto un bel brivido con una toccata che mi ha fatto capire ancora meglio di che gara si tratta. Ho riparato la vettura e domenica ho sferrato l&#8217;attacco che ha portato all&#8217;ottimo risultato. Una gioia particolare condividere con la scuderia questa soddisfazione sul Terminillo<\/i>&#8221;<\/p>\n<p>Al 21\u00b0 Rally di Caltanissetta e del Vallone spicca la prestazione degli agrigentini Dino Clemente Nucci e Ivan Rosato, che su Skoda Fabia assistita dal Team Lions hanno chiuso al quarto posto, ma non solo avrebbero meritato il podio in virt\u00f9 di 4 successi parziali, potevano addirittura andare a vincere se \u2026\u2026<\/p>\n<p><img loading=\"lazy\" class=\"size-medium wp-image-41521 alignleft\" src=\"https:\/\/www.radioempire.it\/wp-content\/uploads\/2023\/07\/Nucci-300x200.jpg\" alt=\"\" width=\"300\" height=\"200\" srcset=\"https:\/\/www.radioempire.it\/wp-content\/uploads\/2023\/07\/Nucci-300x200.jpg 300w, https:\/\/www.radioempire.it\/wp-content\/uploads\/2023\/07\/Nucci-1024x683.jpg 1024w, https:\/\/www.radioempire.it\/wp-content\/uploads\/2023\/07\/Nucci-768x512.jpg 768w, https:\/\/www.radioempire.it\/wp-content\/uploads\/2023\/07\/Nucci-1536x1024.jpg 1536w, https:\/\/www.radioempire.it\/wp-content\/uploads\/2023\/07\/Nucci-2048x1365.jpg 2048w\" sizes=\"(max-width: 300px) 100vw, 300px\" \/>La cronaca\u00a0 della loro gara comincia dalla prova spettacolo dove Nucci ha difficolt\u00e0 nelle inversioni e subisce anche lo spegnimento della vettura, poi ancora un problema a districarsi fra le rotoballe sulla 5 speciale della domenica. Intanto a compensare le perdite di tempo arrivano 4 pesantissimi scratch e 3 secondi posti. In pratica l\u2019equipaggio \u00e8 il pi\u00f9 veloce per tutta la gara ed infine l\u2019episodio che ha compromesso il podio, ovvero un testa coda proprio sulle curve finali dell\u2019ultima speciale.<\/p>\n<p>\u201c<i>Abbiamo deciso di giocarcela<\/i> &#8211;\u00a0 ha dichiarato Nucci \u2013 <i>ritengo che i crono parlino chiaro e nonostante i piccoli errori siamo arrivati alla resa dei conti con un gap di 5 secondi. Dall\u2019analisi dei tempi ero pure passato avanti, ma le gare sono fatte di episodi e ci sta anche questo<\/i>\u201d.<\/p>\n<p>Per quanto riguarda le altre classi Francesco Bonomo e Teresa Stanca si sono imposti con la scattante Peugeot 106 in N2, col terzo posto di Gruppo RC5N. Davvero interessante la loro prestazione che sin dalla prova spettacolo li ha visti primeggiare in categoria.<\/p>\n<p>Un vero peccato per Michele Antinoro e Amedeo Lo Destro che stavano dominando la A5, sempre su Peugeot 106, ma hanno dovuto alzare bandiera bianca per un problema alla frizione come Alex Bonomo e Giuseppe Augliera anche loro costretti all\u2019abbandono per delle noie al propulsore della loro Renault Twingo<b>.<\/b><\/p>\n","protected":false},"excerpt":{"rendered":"<p>Successo di classe Rs+ 1600 per Venuti su Peugeot 106, a ridosso delle Turbo alla Coppa Carotti. Al 21\u00b0 Rally di Caltanissetta Nucci-Rosato, nonostante 4 successi parziali con la Skoda<\/p>\n<div><a class=\"permalink\" href=\"https:\/\/www.radioempire.it\/index.php\/2023\/07\/03\/phoenix-splende-nel-civm-spicca-nel-crz\/\">Read More&#8230;<\/a><\/div>\n","protected":false},"author":2,"featured_media":41520,"comment_status":"closed","ping_status":"closed","sticky":false,"template":"","format":"standard","meta":[],"categories":[3,36],"tags":[],"_links":{"self":[{"href":"https:\/\/www.radioempire.it\/index.php\/wp-json\/wp\/v2\/posts\/41519"}],"collection":[{"href":"https:\/\/www.radioempire.it\/index.php\/wp-json\/wp\/v2\/posts"}],"about":[{"href":"https:\/\/www.radioempire.it\/index.php\/wp-json\/wp\/v2\/types\/post"}],"author":[{"embeddable":true,"href":"https:\/\/www.radioempire.it\/index.php\/wp-json\/wp\/v2\/users\/2"}],"replies":[{"embeddable":true,"href":"https:\/\/www.radioempire.it\/index.php\/wp-json\/wp\/v2\/comments?post=41519"}],"version-history":[{"count":1,"href":"https:\/\/www.radioempire.it\/index.php\/wp-json\/wp\/v2\/posts\/41519\/revisions"}],"predecessor-version":[{"id":41522,"href":"https:\/\/www.radioempire.it\/index.php\/wp-json\/wp\/v2\/posts\/41519\/revisions\/41522"}],"wp:featuredmedia":[{"embeddable":true,"href":"https:\/\/www.radioempire.it\/index.php\/wp-json\/wp\/v2\/media\/41520"}],"wp:attachment":[{"href":"https:\/\/www.radioempire.it\/index.php\/wp-json\/wp\/v2\/media?parent=41519"}],"wp:term":[{"taxonomy":"category","embeddable":true,"href":"https:\/\/www.radioempire.it\/index.php\/wp-json\/wp\/v2\/categories?post=41519"},{"taxonomy":"post_tag","embeddable":true,"href":"https:\/\/www.radioempire.it\/index.php\/wp-json\/wp\/v2\/tags?post=41519"}],"curies":[{"name":"wp","href":"https:\/\/api.w.org\/{rel}","templated":true}]}}