{"id":41698,"date":"2023-07-11T14:59:19","date_gmt":"2023-07-11T14:59:19","guid":{"rendered":"https:\/\/www.radioempire.it\/?p=41698"},"modified":"2023-07-11T14:59:19","modified_gmt":"2023-07-11T14:59:19","slug":"le-orestiadi-di-gibellina-sabato-15-luglio-omaggiano-la-grande-poetessa-degli-esclusi-alda-merini-in-scena-il-canto-degli-esclusi-a-cura-di-e-con-alessio-boni-e-marcello-prayer","status":"publish","type":"post","link":"https:\/\/www.radioempire.it\/index.php\/2023\/07\/11\/le-orestiadi-di-gibellina-sabato-15-luglio-omaggiano-la-grande-poetessa-degli-esclusi-alda-merini-in-scena-il-canto-degli-esclusi-a-cura-di-e-con-alessio-boni-e-marcello-prayer\/","title":{"rendered":"Le Orestiadi di Gibellina, sabato 15 luglio, omaggiano la grande \u201cpoetessa degli esclusi\u201d Alda Merini: in scena il CANTO DEGLI ESCLUSI a cura di e con ALESSIO BONI e MARCELLO PRAYER."},"content":{"rendered":"<p>Le <strong>Orestiadi di Gibellina<\/strong>, <strong>sabato 15 luglio<\/strong>al Baglio di Stefano,omaggiano la grande \u201cpoetessa degli esclusi\u201d <strong>Alda Merini<\/strong>. La poesia, da sempre ha avuto un\u2019attenzione particolare alle Orestiadi, uno spazio importante, \u00e8 stata una guida tra le arti contemporanee.<\/p>\n<p>Nel <strong><em>Canto degli Esclusi<\/em><\/strong> in scena <strong>Alessio Boni <\/strong>con <strong>Marcello Prayer<\/strong>, costruiscono una partitura ritmica che fonde due voci in una sola, riuscendo ad esaltare versi di grande intensit\u00e0 emotiva. Con sensibilit\u00e0 e intelligenza interpretativa, fra disvelamenti e apparizioni, fra consapevolezze amare e istintive felicit\u00e0, i due indagano cos\u00ec lo spazio mentale della Merini, che irrompe nella fantasia e negli empiti primari dell\u2019anima, con le parole libere della vera poesia.<\/p>\n<p><img loading=\"lazy\" class=\"size-medium wp-image-41700 alignleft\" src=\"https:\/\/www.radioempire.it\/wp-content\/uploads\/2023\/07\/Boni-e-Prayer-2-300x166.jpg\" alt=\"\" width=\"300\" height=\"166\" srcset=\"https:\/\/www.radioempire.it\/wp-content\/uploads\/2023\/07\/Boni-e-Prayer-2-300x166.jpg 300w, https:\/\/www.radioempire.it\/wp-content\/uploads\/2023\/07\/Boni-e-Prayer-2-768x424.jpg 768w, https:\/\/www.radioempire.it\/wp-content\/uploads\/2023\/07\/Boni-e-Prayer-2.jpg 1000w\" sizes=\"(max-width: 300px) 100vw, 300px\" \/> <img loading=\"lazy\" class=\"size-medium wp-image-41701 alignleft\" src=\"https:\/\/www.radioempire.it\/wp-content\/uploads\/2023\/07\/Boni-e-Prayer-300x175.jpg\" alt=\"\" width=\"300\" height=\"175\" srcset=\"https:\/\/www.radioempire.it\/wp-content\/uploads\/2023\/07\/Boni-e-Prayer-300x175.jpg 300w, https:\/\/www.radioempire.it\/wp-content\/uploads\/2023\/07\/Boni-e-Prayer-768x447.jpg 768w, https:\/\/www.radioempire.it\/wp-content\/uploads\/2023\/07\/Boni-e-Prayer.jpg 1000w\" sizes=\"(max-width: 300px) 100vw, 300px\" \/><\/p>\n<p><strong><em>\u201cSe un poeta dona le proprie carte con l\u2019intenzione di regalare i propri patimenti, le ansie, le sue mille anime, gli altri dovrebbero ringraziarlo perche\u0301, con gli occhi rarefatti dalla follia, sta guardando il destino anche per loro\u201d.<\/em><\/strong>\u00a0 (<strong>Alda Merini<\/strong>)<\/p>\n<p>&nbsp;<\/p>\n<p><em>\u201cDopo Pavese e Pasolini, abbiamo scelto di continuare il\u00a0gioco\u00a0della Poesia nella nudit\u00e0 scenica con Alda Merini, dove le nostre voci si alternano e s\u2019intrecciano (come sempre) per diventarne\u00a0Una,\u00a0a cadenzare la ritmicit\u00e0 del Suo verso\u00a0di forte intensit\u00e0 emotiva nel grumo di contraddizioni che l\u2019hanno abitata. Abbiamo immaginato d\u2019ascoltare la Sua voce dettarci, come gli antichi rapsodi, il Libro di Poesia da mettere in voce: cos\u00ec \u00e8 nata la necessit\u00e0 di questo altro viaggio che ora proponiamo\u201d.<\/em><\/p>\n<p><em>\u201cUna poesia istintiva, quasi ingenua nella sua spontaneit\u00e0, dotata di qualit\u00e0 visionarie ed orfiche: l\u2019autrice, infatti, compone i suoi versi per accostamenti di immagini, apparentemente senza alcun collegamento logico. Il suo stile \u00e8 dominato da una fantastica irruenza, ma tutto ci\u00f2 si unisce anche ad una spiccata tendenza narrativa. Una poesia che arriva indistintamente a tutti. Cos\u00ec potente, cos\u00ec diretta, senza filtri cerebrali. La sua sofferenza, profonda e terribile, autentica, vissuta sulla pelle, tocca il cuore di ogni tipo di pubblico\u201d. <\/em><strong>Alessio Boni e Marcello Prayer <\/strong><\/p>\n","protected":false},"excerpt":{"rendered":"<p>Le Orestiadi di Gibellina, sabato 15 luglioal Baglio di Stefano,omaggiano la grande \u201cpoetessa degli esclusi\u201d Alda Merini. La poesia, da sempre ha avuto un\u2019attenzione particolare alle Orestiadi, uno spazio importante,<\/p>\n<div><a class=\"permalink\" href=\"https:\/\/www.radioempire.it\/index.php\/2023\/07\/11\/le-orestiadi-di-gibellina-sabato-15-luglio-omaggiano-la-grande-poetessa-degli-esclusi-alda-merini-in-scena-il-canto-degli-esclusi-a-cura-di-e-con-alessio-boni-e-marcello-prayer\/\">Read More&#8230;<\/a><\/div>\n","protected":false},"author":2,"featured_media":41699,"comment_status":"closed","ping_status":"closed","sticky":false,"template":"","format":"standard","meta":[],"categories":[36,78],"tags":[],"_links":{"self":[{"href":"https:\/\/www.radioempire.it\/index.php\/wp-json\/wp\/v2\/posts\/41698"}],"collection":[{"href":"https:\/\/www.radioempire.it\/index.php\/wp-json\/wp\/v2\/posts"}],"about":[{"href":"https:\/\/www.radioempire.it\/index.php\/wp-json\/wp\/v2\/types\/post"}],"author":[{"embeddable":true,"href":"https:\/\/www.radioempire.it\/index.php\/wp-json\/wp\/v2\/users\/2"}],"replies":[{"embeddable":true,"href":"https:\/\/www.radioempire.it\/index.php\/wp-json\/wp\/v2\/comments?post=41698"}],"version-history":[{"count":1,"href":"https:\/\/www.radioempire.it\/index.php\/wp-json\/wp\/v2\/posts\/41698\/revisions"}],"predecessor-version":[{"id":41702,"href":"https:\/\/www.radioempire.it\/index.php\/wp-json\/wp\/v2\/posts\/41698\/revisions\/41702"}],"wp:featuredmedia":[{"embeddable":true,"href":"https:\/\/www.radioempire.it\/index.php\/wp-json\/wp\/v2\/media\/41699"}],"wp:attachment":[{"href":"https:\/\/www.radioempire.it\/index.php\/wp-json\/wp\/v2\/media?parent=41698"}],"wp:term":[{"taxonomy":"category","embeddable":true,"href":"https:\/\/www.radioempire.it\/index.php\/wp-json\/wp\/v2\/categories?post=41698"},{"taxonomy":"post_tag","embeddable":true,"href":"https:\/\/www.radioempire.it\/index.php\/wp-json\/wp\/v2\/tags?post=41698"}],"curies":[{"name":"wp","href":"https:\/\/api.w.org\/{rel}","templated":true}]}}