{"id":41724,"date":"2023-07-12T17:04:31","date_gmt":"2023-07-12T17:04:31","guid":{"rendered":"https:\/\/www.radioempire.it\/?p=41724"},"modified":"2023-07-12T21:03:31","modified_gmt":"2023-07-12T21:03:31","slug":"teatri-riflessi-8-oggi-giovedi-13-luglio-prima-giornata-del-festival-internazionale-di-corti-teatrali-e-coreutici","status":"publish","type":"post","link":"https:\/\/www.radioempire.it\/index.php\/2023\/07\/12\/teatri-riflessi-8-oggi-giovedi-13-luglio-prima-giornata-del-festival-internazionale-di-corti-teatrali-e-coreutici\/","title":{"rendered":"TEATRI RIFLESSI 8: oggi &#8211; gioved\u00ec 13 luglio &#8211; prima giornata del Festival Internazionale di corti teatrali e coreutici"},"content":{"rendered":"<p>Da oggi, fino a sabato 15 luglio, il Parco comunale di Zafferana Etnea ospiter\u00e0 Teatri Riflessi, concorso internazionale di corti teatrali e coreutici della durata massima di 15 minuti. Le 13 compagnie del concorso sono state selezionate tra oltre centotrenta candidature pervenute dall\u2019estero (40%) e da tutto il territorio nazionale.<\/p>\n<p>L&#8217;ottava edizione di Teatri Riflessi che apre anche la rassegna estiva Etna in Scena ha uno staff numeroso e partecipato formato dai direttori artistici, organizzatori, tirocinanti e volontari internazionali del Workcamp Lunaria gi\u00e0 all\u2019opera da qualche settimana.<\/p>\n<p>Nel frattempo, lo scorso 10 luglio a InCastro Festival ha debuttato Humus Saliens (Terra che danza) ideato per Teatri Riflessi 8 e coordinato da IterCulture,\u00a0 a cura di Erin B. Mee, docente presso la Tisch School of the Arts della New York University: un percorso itinerante di formazione e tutoraggio di giovani coreografi e danzatori finalizzato alla creazione di performance site specific che promuovano il patrimonio materiale e immateriale dei territori e delle comunit\u00e0 con cui si relazionano. I protagonisti del progetto sono gli allievi dell\u2019Avviamento Professionale Danzatori e della Scuola di Scrittura e Storytelling di Viagrande Studios che nel corso di questi mesi hanno lavorato con Valerio Verzin, co-direttore artistico di Teatri Riflessi, ed Erin B. Mee per creare 5 pezzi, ognuno ispirato a una delle figure femminili dell\u2019edizione. A queste opere si aggiunge \u2018Butterfly \u2013 Cocoon\u2019 di Beatrice Gigliuto. L\u2019appuntamento con le performance site &#8211; specific di Humus Saliens \u00e9 in programma sabato 15 luglio alle ore 18:30.<\/p>\n<p>Tra l\u201911 e il 12 luglio sono arrivate a Zafferana Etnea anche le 13 compagnie che partecipano al concorso, per dare un primo \u201cassaggio\u201d dei loro corti durante le prove tecniche.<\/p>\n<p>Il programma della giornata<\/p>\n<p>Gioved\u00ec 13 si inizia ufficialmente alle ore 16:30 con l\u2019apertura delle aree espositive di StuzzicaMente e i seguenti appuntamenti:<\/p>\n<ul>\n<li>alle ore 17:00 nell\u2019area Norma si svolger\u00e0 il primo incontro di TestiRiflessi per giovani sguardi con Storie della Terra laggi\u00f9 di Connie Mannella;<\/li>\n<\/ul>\n<p>sempre alle ore 17:00 nell\u2019area Madama Butterfly Erin B. Mee curer\u00e0 Viewpoints &amp; Composition, il workshop gratuito di co-creazione per performance site-specific aperto a partecipanti di ogni et\u00e0, con o senza esperienze precedenti;<\/p>\n<ul>\n<li>alle ore 17:30 il primo incontro con TestiRiflessi, le presentazioni di libri con Cettina Cali\u00f2, Di tu in noi e Veronica Tomassini, L\u2019inganno, curati da Grazia Calanna.<\/li>\n<\/ul>\n<p>Dalle ore 20:30 inizia la prima semifinale di corti, durante la quale si esibiranno i primi 7 corti:<\/p>\n<p>Tutto il mio amore di Melania Fiore &#8211; La Resistenza delle Formiche Teatro | Lazio<\/p>\n<p>Corrente di Beatriz Mira &amp; Tiago Barreiros | Portogallo<\/p>\n<p>Zoe di Sara Baldassare | Lombardia<\/p>\n<p>K(-A-)O di Kenji Shinohe | Giappone &#8211; Germania<\/p>\n<p>La vera storia di Turi u Bastaddu e Agatina puntini puntini di Retablo | Sicilia<\/p>\n<p>Gianna di Nello Provenzano | Campania<\/p>\n<p>They&#8217;re just joking di Alessia Ruffolo | Germania &#8211; Canada<\/p>\n<p><img loading=\"lazy\" class=\"size-medium wp-image-41726 alignleft\" src=\"https:\/\/www.radioempire.it\/wp-content\/uploads\/2023\/07\/teatro-in-p-300x169.jpg\" alt=\"\" width=\"300\" height=\"169\" srcset=\"https:\/\/www.radioempire.it\/wp-content\/uploads\/2023\/07\/teatro-in-p-300x169.jpg 300w, https:\/\/www.radioempire.it\/wp-content\/uploads\/2023\/07\/teatro-in-p-1024x576.jpg 1024w, https:\/\/www.radioempire.it\/wp-content\/uploads\/2023\/07\/teatro-in-p-768x432.jpg 768w, https:\/\/www.radioempire.it\/wp-content\/uploads\/2023\/07\/teatro-in-p-1536x864.jpg 1536w, https:\/\/www.radioempire.it\/wp-content\/uploads\/2023\/07\/teatro-in-p-2048x1152.jpg 2048w\" sizes=\"(max-width: 300px) 100vw, 300px\" \/>A osservarli e valutare le performance, sar\u00e0 la Giuria Tecnica delle Semifinali, suddivisa nella Commissione drammaturgia e nella Commissione regia e interpretazione e composte da direttori artistici di festival, rassegne e teatri nazionali, operatori culturali, giornalisti, critici e studiosi di arti performative. La loro valutazione decreter\u00e0 i cinque finalisti che saranno di nuovo sul palco sabato 15 luglio per l&#8217;assegnazione del premio finale Giovanni Di Bella Miglior Corto &#8211; Teatri Riflessi 8, attribuito dal giudizio complessivo della Giuria Tecnica della Finale, della Giuria Stampa, di una Giuria di operatori culturali e della Giuria Giovani. Durante le semifinali, saranno altres\u00ec presenti la Commissione Stampa, la Commissione Premi Speciali e la Commissione Giuria Giovani con il compito di assegnare le rispettive menzioni dell\u2019ottava edizione, a cui si aggiungeranno il Premio Valentina Nicosia per la miglior Interpretazione e i Premi Giovanni Di Bella per la miglior Regia e per le miglior Drammaturgie (danza, italiana e straniera) assegnati dalla Giuria Tecnica delle Semifinali.<\/p>\n<p>Prossimo appuntamento, venerd\u00ec 14 luglio con la seconda semifinale.<\/p>\n<p>Sul sito del festival \u00e8 possibile visionare il programma completo, con il catalogo dei corti in gara e tutti i dettagli delle aree. L\u2019ingresso a Teatri Riflessi 8 \u00e8 totalmente gratuito, cos\u00ec come a tutte le attivit\u00e0 programmate (workshop e laboratori, esposizioni, presentazioni di libri, laboratori ludo-didattici incontri e dj set).<\/p>\n<p>Teatri Riflessi, Festival internazionale di corti teatrali e coreutici, \u00e8 organizzato da IterCulture con la collaborazione del Comune di Zafferana Etnea, con il sostegno della Regione Siciliana, di Di Bella Costruzioni s.r.l. e con il patrocinio gratuito del Centro Nazionale di Drammaturgia Italiana Contemporanea e del DAMS dell\u2019Universit\u00e0 di Messina.<\/p>\n<p>Foto di Alice D\u2019Antone<\/p>\n<p>Comunicazione teatri.riflessi@iterculture.eu<\/p>\n<p>Ilaria Mirenna +39.3895603493 | Responsabile comunicazione<\/p>\n","protected":false},"excerpt":{"rendered":"<p>Da oggi, fino a sabato 15 luglio, il Parco comunale di Zafferana Etnea ospiter\u00e0 Teatri Riflessi, concorso internazionale di corti teatrali e coreutici della durata massima di 15 minuti. Le<\/p>\n<div><a class=\"permalink\" href=\"https:\/\/www.radioempire.it\/index.php\/2023\/07\/12\/teatri-riflessi-8-oggi-giovedi-13-luglio-prima-giornata-del-festival-internazionale-di-corti-teatrali-e-coreutici\/\">Read More&#8230;<\/a><\/div>\n","protected":false},"author":2,"featured_media":41725,"comment_status":"closed","ping_status":"closed","sticky":false,"template":"","format":"standard","meta":[],"categories":[36,78],"tags":[],"_links":{"self":[{"href":"https:\/\/www.radioempire.it\/index.php\/wp-json\/wp\/v2\/posts\/41724"}],"collection":[{"href":"https:\/\/www.radioempire.it\/index.php\/wp-json\/wp\/v2\/posts"}],"about":[{"href":"https:\/\/www.radioempire.it\/index.php\/wp-json\/wp\/v2\/types\/post"}],"author":[{"embeddable":true,"href":"https:\/\/www.radioempire.it\/index.php\/wp-json\/wp\/v2\/users\/2"}],"replies":[{"embeddable":true,"href":"https:\/\/www.radioempire.it\/index.php\/wp-json\/wp\/v2\/comments?post=41724"}],"version-history":[{"count":1,"href":"https:\/\/www.radioempire.it\/index.php\/wp-json\/wp\/v2\/posts\/41724\/revisions"}],"predecessor-version":[{"id":41727,"href":"https:\/\/www.radioempire.it\/index.php\/wp-json\/wp\/v2\/posts\/41724\/revisions\/41727"}],"wp:featuredmedia":[{"embeddable":true,"href":"https:\/\/www.radioempire.it\/index.php\/wp-json\/wp\/v2\/media\/41725"}],"wp:attachment":[{"href":"https:\/\/www.radioempire.it\/index.php\/wp-json\/wp\/v2\/media?parent=41724"}],"wp:term":[{"taxonomy":"category","embeddable":true,"href":"https:\/\/www.radioempire.it\/index.php\/wp-json\/wp\/v2\/categories?post=41724"},{"taxonomy":"post_tag","embeddable":true,"href":"https:\/\/www.radioempire.it\/index.php\/wp-json\/wp\/v2\/tags?post=41724"}],"curies":[{"name":"wp","href":"https:\/\/api.w.org\/{rel}","templated":true}]}}