{"id":41753,"date":"2023-07-13T18:18:20","date_gmt":"2023-07-13T18:18:20","guid":{"rendered":"https:\/\/www.radioempire.it\/?p=41753"},"modified":"2023-07-13T18:18:20","modified_gmt":"2023-07-13T18:18:20","slug":"musica-per-la-pace-venerdi-a-palazzo-dei-leoni-il-concerto-degli-artisti-ucraini-igor-saienko-e-viktor-rekalo","status":"publish","type":"post","link":"https:\/\/www.radioempire.it\/index.php\/2023\/07\/13\/musica-per-la-pace-venerdi-a-palazzo-dei-leoni-il-concerto-degli-artisti-ucraini-igor-saienko-e-viktor-rekalo\/","title":{"rendered":"&#8220;Musica per la Pace&#8221;, venerd\u00ec a Palazzo dei Leoni il concerto degli artisti ucraini Igor Saienko e Viktor Rekalo"},"content":{"rendered":"<div style=\"text-align: left;\">\n<div><span style=\"color: #0000ff; font-size: 10pt;\">Appuntamento nel Salone degli Specchi alle ore 17.30<\/span><\/div>\n<div><\/div>\n<div>Sar\u00e0 un concerto dalla forte valenza simbolica quello in programma domani 14 luglio 2023, alle ore 17,30, nel Salone degli Specchi di Palazzo dei Leoni.<\/div>\n<div>&#8220;Musica per la Pace&#8221; della Filarmonica Nazionale dell&#8217;Ucraina di Kyiv, organizzato dal Patriarcato di Costantinopoli &#8211; Sacra Arcidiocedi d&#8217;Italia &#8211; Esarcato per l&#8217;Europa Meridionale &#8211; Parrocchia San Giacomo Apostolo Maggiore Panaghia Sumel\u00e0, con il patrocinio della Citt\u00e0 Metropolitana di Messina, sar\u00e0 l&#8217;occasione per rinnovare la solidariet\u00e0 nei confronti del popolo ucraino e di tutte quelle popolazioni in guerra.<\/div>\n<div>L&#8217;evento, aperto dai saluti del Sindaco Metropolitano, Federico Basile, vedr\u00e0 la partecipazione di S. E. Vescovo Ausiliare Monsignor Cesare Di Pietro mentre sul palco gli artisti ucraini Igor Saienko (fisarmonicista della Filarmonica Nazionale dell&#8217;Ucraina di Kyiv) e Viktor Rekalo (violoncellista della Filarmonica Nazionale dell&#8217;Ucraina di Kharkiv) che eseguiranno il seguente programma:<\/div>\n<div>I Parte (18:9)<\/div>\n<div>&#8211; J. S. Bach Allemande and Courante from Cello Suite #1 (6:30)<\/div>\n<div>&#8211; J. S. Bach \u2013 Toccata in D-Minor (2:30)<\/div>\n<div>&#8211; Alessandro Marcello \/ J. S. Bach &#8211; Adagio (5:00)<\/div>\n<div>&#8211; Vincenzo Bellini &#8211; Casta Diva from &#8220;Norma&#8221; (5:30)<\/div>\n<div>II Parte (27:3)<\/div>\n<div>&#8211; Viktor Rekalo \u2013 Rhapsody for Cello Solo (5:30)<\/div>\n<div>&#8211; Volodymyr Zubitsky \u2013 Carpathian Suite, I, II, IV Movement (11:00)<\/div>\n<div>&#8211; Igor Sayenko \u2013 Serenade for Halyna (4:00)<\/div>\n<div>&#8211; Igor Sayenko \u2013 &#8220;Why?!?&#8221; (7:00)<\/div>\n<div><img loading=\"lazy\" class=\"size-medium wp-image-41756 alignleft\" src=\"https:\/\/www.radioempire.it\/wp-content\/uploads\/2023\/07\/Musica-per-la-pace-locandina-212x300.jpg\" alt=\"\" width=\"212\" height=\"300\" srcset=\"https:\/\/www.radioempire.it\/wp-content\/uploads\/2023\/07\/Musica-per-la-pace-locandina-212x300.jpg 212w, https:\/\/www.radioempire.it\/wp-content\/uploads\/2023\/07\/Musica-per-la-pace-locandina-724x1024.jpg 724w, https:\/\/www.radioempire.it\/wp-content\/uploads\/2023\/07\/Musica-per-la-pace-locandina-768x1087.jpg 768w, https:\/\/www.radioempire.it\/wp-content\/uploads\/2023\/07\/Musica-per-la-pace-locandina-1085x1536.jpg 1085w, https:\/\/www.radioempire.it\/wp-content\/uploads\/2023\/07\/Musica-per-la-pace-locandina.jpg 1436w\" sizes=\"(max-width: 212px) 100vw, 212px\" \/>Nel corso della manifestazione, ad ingresso libero, saranno esposti due quadri dell&#8217;artista messinese Francesco Trimarchi: si tratta di un&#8217;icona ortodossa che riproduce la Madre di Ges\u00f9 e del quadro &#8220;La forza della libert\u00e0 &#8211; \u0441\u0438\u043b\u0430 \u0441\u0432\u043e\u0431\u043e\u0434\u0438&#8221; dedicato alle donne ucraine che quotidianamente lottano per la conquista della pace e della libert\u00e0.<\/div>\n<div>Igor Saienko, nato nel 1983 a Galle, in Germania, all&#8217;et\u00e0 di due anni and\u00f2 in Ucraina con i genitori.<\/div>\n<div>Nel 2001, dopo il primo anno di studi all\u2019Accademia Nazionale di Musica dell\u2019Ucraina. Igor fu invitato a suonare nel quartetto di fisarmonicisti &#8220;Rizol&#8221; della Filarmonica Nazionale dell\u2019Ucraina mentre dal 2016 al 2019 ha ricoperto l&#8217;incarico di direttore artistico dell&#8217;ensemble.<\/div>\n<div>Nel 2019, il duo Kyiv Classic Accordion, di cui Saienko fu il cofondatore, \u00e8 protagonista di un video per la Televisione Nazionale Francese dedicato alla fisarmonica e basato sullo spettacolo \u201cAu Bonheur de Nacre\u201d.<\/div>\n<div>Prestigiosi gli incarichi ricoperti: delegato dell&#8217;Ucraina alla CMA (Confederazione Mondiale della Fisarmonica), membro della giuria di concorsi nazionali e internazionali, tra cui l&#8217;annuale &#8220;Troph\u00e9e Mondial De L\u2019accord\u00e9on\u201d e collaboratore delle principali orchestre ed ensemble nazionali di musica classica e contemporanea.<\/div>\n<div>I concerti di Igor includono esibizioni con fisarmonica a bottoni, accordino e bandoneon.<\/div>\n<div>Viktor Rekalo \u00e8 nato a Kharkiv, in Ucraina, laureato alla Scuola di Musica Specializzata di Kharkiv e all&#8217;Universit\u00e0 Nazionale delle Arti di Kharkiv.<\/div>\n<div>Ha migliorato i suoi studi e le competenze professionali con Walter Deshpalj, Reinhard Latzko, Denis Severin, Natalia Gutman e Lukasz Frant.<\/div>\n<div>A Victor sono stati assegnati vari premi nei concorsi internazionali in Germania, Ungheria, Polonia, Repubblica Ceca e Ucraina ed \u00e8 stato borsista dell&#8217;Associazione Internazionale delle Societ\u00e0 di Wagner (2010) e del Ministero della Cultura della Polonia (2015). Ha partecipato a numerosi festival internazionali tra i quali &#8220;Contrasti&#8221; e &#8220;Alpha Jazz Fest&#8221; (Lviv, Ucraina), l&#8217;Art Forum Contemporanea intitolato a Witold Lutoslawski (Lublino, Polonia), &#8220;Poznanska Wiosna Muzyczna&#8221; (Poznan, Polonia), Musicprotokoll (Graz. Austria).<\/div>\n<div>Dal 2017 al 2021 ha fatto parte del National Chamber Ensemble &#8220;Solisti di Kyiv&#8221; e dal 2022 \u00e8 violoncellista del Vilnius String Quartet (Lituania).<\/div>\n<div>Il messinese Francesco Trimarchi, dopo il successo della sua esposizione organizzata lo scorso aprile a Palazzo dei Leoni, \u00e8 un artista in ascesa e attualmente \u00e8 presente, insieme a Valery Yamtsev e Irina Riabinova, nella mostra &#8220;In Search of Form and Space&#8221;, in corso presso la Galleria &#8220;Under the Peacock&#8221; di Cracovia.<\/div>\n<div><\/div>\n<div><strong>Il Responsabile dell\u2019Ufficio Comunicazione Istituzionale<\/strong><\/div>\n<div><strong>Addetto Stampa dott. Giuseppe Span\u00f2<\/strong><\/div>\n<\/div>\n","protected":false},"excerpt":{"rendered":"<p>Appuntamento nel Salone degli Specchi alle ore 17.30 Sar\u00e0 un concerto dalla forte valenza simbolica quello in programma domani 14 luglio 2023, alle ore 17,30, nel Salone degli Specchi di<\/p>\n<div><a class=\"permalink\" href=\"https:\/\/www.radioempire.it\/index.php\/2023\/07\/13\/musica-per-la-pace-venerdi-a-palazzo-dei-leoni-il-concerto-degli-artisti-ucraini-igor-saienko-e-viktor-rekalo\/\">Read More&#8230;<\/a><\/div>\n","protected":false},"author":2,"featured_media":41755,"comment_status":"closed","ping_status":"closed","sticky":false,"template":"","format":"standard","meta":[],"categories":[36,78],"tags":[],"_links":{"self":[{"href":"https:\/\/www.radioempire.it\/index.php\/wp-json\/wp\/v2\/posts\/41753"}],"collection":[{"href":"https:\/\/www.radioempire.it\/index.php\/wp-json\/wp\/v2\/posts"}],"about":[{"href":"https:\/\/www.radioempire.it\/index.php\/wp-json\/wp\/v2\/types\/post"}],"author":[{"embeddable":true,"href":"https:\/\/www.radioempire.it\/index.php\/wp-json\/wp\/v2\/users\/2"}],"replies":[{"embeddable":true,"href":"https:\/\/www.radioempire.it\/index.php\/wp-json\/wp\/v2\/comments?post=41753"}],"version-history":[{"count":1,"href":"https:\/\/www.radioempire.it\/index.php\/wp-json\/wp\/v2\/posts\/41753\/revisions"}],"predecessor-version":[{"id":41757,"href":"https:\/\/www.radioempire.it\/index.php\/wp-json\/wp\/v2\/posts\/41753\/revisions\/41757"}],"wp:featuredmedia":[{"embeddable":true,"href":"https:\/\/www.radioempire.it\/index.php\/wp-json\/wp\/v2\/media\/41755"}],"wp:attachment":[{"href":"https:\/\/www.radioempire.it\/index.php\/wp-json\/wp\/v2\/media?parent=41753"}],"wp:term":[{"taxonomy":"category","embeddable":true,"href":"https:\/\/www.radioempire.it\/index.php\/wp-json\/wp\/v2\/categories?post=41753"},{"taxonomy":"post_tag","embeddable":true,"href":"https:\/\/www.radioempire.it\/index.php\/wp-json\/wp\/v2\/tags?post=41753"}],"curies":[{"name":"wp","href":"https:\/\/api.w.org\/{rel}","templated":true}]}}