{"id":41811,"date":"2023-07-15T20:18:23","date_gmt":"2023-07-15T20:18:23","guid":{"rendered":"https:\/\/www.radioempire.it\/?p=41811"},"modified":"2023-07-15T20:18:23","modified_gmt":"2023-07-15T20:18:23","slug":"cs_12-15-luglio-2023-piu-di-160-presenze-alla-cena-di-raccolta-fondi-del-banco-alimentare-della-sicilia-odv","status":"publish","type":"post","link":"https:\/\/www.radioempire.it\/index.php\/2023\/07\/15\/cs_12-15-luglio-2023-piu-di-160-presenze-alla-cena-di-raccolta-fondi-del-banco-alimentare-della-sicilia-odv\/","title":{"rendered":"CS_12 &#8211; 15 LUGLIO 2023 &#8211; Pi\u00f9 di 160 presenze alla cena di raccolta fondi del Banco Alimentare della Sicilia ODV"},"content":{"rendered":"<p><u><b class=\"ContentPasted3\">La serata \u00e8 stata ideata, promossa e organizzata da \u00c8xpo Grandi Eventi di Barbara Mirabella<\/b><\/u><\/p>\n<p><b class=\"ContentPasted3\">Pi\u00f9 di 160 presenze alla cena di raccolta fondi<\/b><\/p>\n<p><b class=\"ContentPasted3\">del Banco Alimentare della Sicilia ODV<\/b><\/p>\n<p><b class=\"ContentPasted3\">L\u2019impegno e la disponibilit\u00e0 di oltre 50 chef, sommelier e pasticceri hanno contribuito alla realizzazione dell\u2019evento <\/b><i><b class=\"ContentPasted3\">Banco in una sera di mezza estate<\/b><\/i><b class=\"ContentPasted3\"> <\/b><\/p>\n<p><b class=\"ContentPasted3\">CATANIA 15 LUGLIO 2023 &#8211; <\/b><span class=\"ContentPasted3\">Non era per niente scontato che pi\u00f9 di 50 tra chef, pasticceri e sommelier di tutta la Sicilia avrebbero offerto, gratuitamente, la loro professionalit\u00e0 per sostenere il <\/span><b class=\"ContentPasted3\">Banco Alimentare della Sicilia ODV<\/b><span class=\"ContentPasted3\"> nell\u2019aiuto che d\u00e0 alle fasce pi\u00f9 deboli della popolazione; eppure hanno aderito in tantissimi alla cena di raccolta fondi \u201cBanco in una sera di mezza estate\u201d ideata, promossa e organizzata, con un gesto di estrema generosit\u00e0, da <\/span><b class=\"ContentPasted3\">\u00c8xpo Grandi Eventi di Barbara Mirabella<\/b><span class=\"ContentPasted3\"> nella Casa del Banco che per una sera, quella del 12 luglio, si \u00e8 trasformata da magazzino a location scintillante per festeggiare i 25 anni di attivit\u00e0.<\/span><\/p>\n<p>Chef, pasticceri e sommelier, i protagonisti della serata, hanno aderito da tutta la Sicilia e non solo: <b class=\"ContentPasted3\">Federazione Italiana Cuochi con il presidente Rocco Pozzulo e il Pastry Chef Alessandro Laudadio, DSE Dipartimento Solidariet\u00e0 Emergenze, Unione Regionale Cuochi, Associazione Cuochi Catania, Conpait Pasticceri d&#8217;Italia con il suo presidente Peppe Leotta, AIS (Associazione Italiana Sommelier), Associazione Provinciale Cuochi e Pasticceri Agrigento &#8220;Salvatore Schifano&#8221;, Associazione Provinciale Cuochi e Pasticcieri Aretusei, Associazione Provinciale Cuochi e Pasticceri Palermo, Associazione Cuochi Catania, Cuochi Ennesi Provinciale, Associazione Provinciale Cuochi e Pasticceri Trapanesi, FIC Provinciale Messina, Associazione Provinciale Cuochi e Pasticceri di Caltanissetta e Associazione Provinciale Cuochi Iblei<\/b>. Il <b class=\"ContentPasted3\">Gruppo RMB e Sestarete<\/b> hanno dato voce all\u2019evento come media partner grazie alla conduzione di Valentina Mammino, mentre per la musica va un grazie pieno a<b class=\"ContentPasted3\"> Percussion Entertainment Miguel.<\/b><\/p>\n<p>Il successo \u00e8 stato confermato dalla presenza di oltre 160 ospiti e dal ricavato della serata che sar\u00e0 destinato alle attivit\u00e0 ordinarie del Banco Alimentare permettendo di recuperare e distribuire pi\u00f9 pasti destinati alle persone accolte dalle oltre 430 strutture caritative in partnership con il Banco Alimentare della Sicilia. L\u2019aiuto di un singolo pacco in pi\u00f9 dar\u00e0 loro la possibilit\u00e0 di investire risorse in indirizzi diversi, dal laboratorio di studio al supporto scolastico o, ancora, alle discipline sportive per i pi\u00f9 giovani. Un circolo virtuoso che supera il contrasto alla povert\u00e0 alimentare e diventa contrasto alla povert\u00e0 plurale.<\/p>\n<p class=\"ContentPasted3\">\u201cHo il cuore pieno di gratitudine &#8211; afferma <b class=\"ContentPasted3\">Pietro Maugeri, presidente del Banco Alimentare della Sicilia ODV<\/b> &#8211; a fine serata. Il 90 per cento di chef, pasticceri e sommelier hanno scoperto il Banco Alimentare pochissimo tempo prima della cena, ma quando hanno potuto toccare con mano quello che facciamo, hanno aderito alla serata con determinazione. Quella di stasera \u00e8 stata davvero una festa con tantissimi Compagni di Banco, senza i quali questa serata non ci sarebbe stata e non saremmo riusciti a raccogliere fondi per continuare ad aiutare chi \u00e8 meno fortunato. \u00c8 stata l\u2019occasione per mettere al centro il tema del cibo inteso sia come possibilit\u00e0 di recupero e di sostenibilit\u00e0 alimentare, ma \u00e8 stata anche l\u2019occasione per incontrare i volontari delle strutture caritative che sono la nostra interfaccia diretta con il territorio. Il file rouge che unisce tutto questo ha un unico scopo &#8211; conclude Maugeri &#8211; contribuire oggi al bene comune e migliorare un pezzetto del mondo in cui viviamo\u201d.<\/p>\n<p class=\"ContentPasted3\">\u201cOccuparsi del benessere dell\u2019altro, proprio qui nella casa del Banco Alimentare \u2013 sottolinea <b class=\"ContentPasted3\">Rocco Pozzulo presidente Federazione Italiana Cuochi<\/b> &#8211; aiuta a costruire anche la nostra serenit\u00e0 e il nostro equilibrio di societ\u00e0 economicamente progredita e civile. Inoltre, il dare crea una dimensione d\u2019insieme, il senso del noi e ricorda a \u201cloro\u201d, persone meno fortunate, e soprattutto a noi, che non si \u00e8 mai soli. Un plauso e un elogio da parte mia e dell\u2019intera Federazione Italiana Cuochi a coloro che pongono momenti di professionalit\u00e0 uniti alla solidariet\u00e0 e al sostegno altrui\u201d.<\/p>\n<p class=\"ContentPasted3\">\u201c25 anni di amore dovevano essere raccontati con un evento che mettesse insieme &#8211; commenta <b class=\"ContentPasted3\">Barbara Mirabella di \u00c8xpo Grandi Eventi <\/b>&#8211; la cultura dello stare insieme: la cucina, il cibo, la pasticceria, il buon vino. In fondo il convivio \u00e8 riassunto nell\u2019abbraccio che vediamo nel logo del Banco Alimentare, una grande rete che aiuta e abbraccia 200.000 nostri fratelli e sorelle tutti i giorni. L\u2019abbiamo voluto festeggiare con \u00c8xpo, con l\u2019Unione Regionale Cuochi, con la Federazione Italiana Cuochi con i Cuochi Catanesi, i Sommelier di Sicilia e i Pasticceri di Sicilia, ma anche con il Dipartimento Grandi Emergenze della Federazione Italiana Cuochi. Abbiamo voluto portare qui tantissimi ospiti istituzionali e non, professionisti, cittadini e cittadine perch\u00e9 stare insieme qui al Banco e scoprire questa grande realt\u00e0, questo grande hub di distribuzione, \u00e8 l\u2019unico modo per far capire come un piccolo gesto pu\u00f2 diventare una grande realt\u00e0\u201d.<\/p>\n<p><b class=\"ContentPasted3\">CHEF E PIATTI DELLA SERATA<\/b><\/p>\n<p><b class=\"ContentPasted3\">Seby Sorbello <\/b>&#8211; Gambero Rosso di Mazara con dadolata di ortaggi al timo e fonduta di ragusano Dop al tartufo &#8211; Responsabile nazionale degli Eventi Food per la Federcuochi (FIC)<\/p>\n<p><b class=\"ContentPasted3\">Alfio Visalli <\/b>&#8211; Fao 37 &#8211; Tonno Rosso all\u2019Eoliana \u201cNudo e Crudo\u201d \u201cBlu Lab Academy\u201d &#8211; Presidente Associazione Cuochi Catania<\/p>\n<p><b class=\"ContentPasted3\">Alessandra Ragusa <\/b>&#8211; Summer Crunch &#8211; Lady Chef e vicepresidente Associazione Cuochi Catania<\/p>\n<p><b class=\"ContentPasted3\">Angela Arceri <\/b>&#8211; Rotolino di cernia con melanzane alla norma ed emulsione al basilico &#8211; Consigliere Associazione cuochi Catania<\/p>\n<p><b class=\"ContentPasted3\">Pietro Arezzi <\/b>\u2013 Bocconcini di galletto ruspante con verdure estive in agrodolce e scaglie di mandorle tostate \u2013 Associazione Cuochi Catania<\/p>\n<p><b class=\"ContentPasted3\">Giuseppe Pastura <\/b>&#8211; Spaghetto con rag\u00f9 di Ricciola e &#8220;Muddica Atturrata&#8221; &#8211;<\/p>\n<p><b class=\"ContentPasted3\">Urso Maurizio <\/b>&#8211; Hamburgher di Vitello mousse di patate al rosmarino e tartufo con ciliegino confit &#8211; Associazione Provinciale Cuochi e Pasticcieri Aretusei (SR)<\/p>\n<p><b class=\"ContentPasted3\">Davide Pappalardo <\/b>&#8211; DEMETRA \u201cTerra Madre\u201dProsciutto di maialino in vellutata di caponata ed emulsione di stracciatella agli agrumi con chips croccanti e tartare di zucchine<\/p>\n<p><b class=\"ContentPasted3\">Alex Papa <\/b>&#8211; Gnocchetti al basilico con pomodorini melenzana perlina Mantecato con olio alla menta Julienne di ricotta salata<\/p>\n<p><b class=\"ContentPasted3\">Roberto Cascino &#8211; <\/b>Variante di Caponata profumata alla cannella (postazione Palermo Street food) &#8211; Referente DSE-FIC SICILIA<\/p>\n<p><b class=\"ContentPasted3\">Rosellina Clemente <\/b>&#8211; Street Food Palermitano focaccina con Milza e Polmone caciocavallo e dressing di verdello (postazione Palermo Street food) &#8211; Lady Chef Clemente Rosellina (Associazione Cuochi e Pasticceri Palermo)<\/p>\n<p><b class=\"ContentPasted3\">Anna Scuderi <\/b>&#8211; Street food Palermitano focaccine con panelle ai semi di finocchetto (postazione Palermo Street food) &#8211; Lady Chef Scuderi Anna Associazione Cuochi e Pasticceri Palermo<\/p>\n<p><b class=\"ContentPasted3\">Rosario Seidita <\/b>&#8211; Variante di Caponata profumata alla cannella (postazione Palermo Street food) &#8211; Presidente dell\u2019Unione Regionale Cuochi<\/p>\n<p><b class=\"ContentPasted3\">Giuseppe Rinallo <\/b>&#8211; Medaglione di filettino suino dei nebrodi accompagnato da pisellini e insalata fredda di patate \u2013 Presidente Associazione Provinciale Cuochi e Pasticceri Ennesi<\/p>\n<p><b class=\"ContentPasted3\">I PASTICCERI<\/b><\/p>\n<p><b class=\"ContentPasted3\">Santo Giarrusso <\/b>&#8211; Sfoglia di limone e fragole<\/p>\n<p><b class=\"ContentPasted3\">Lorenzo Gallina <\/b>&#8211; La Banana Leclair di San Michele di Ganzaria<\/p>\n<p><b class=\"ContentPasted3\">Gabriele Fiumara <\/b>&#8211; Le mille sfumature dei semifreddi<\/p>\n<p><b class=\"ContentPasted3\">Fulvio Massimino <\/b>&#8211; Gelati: Bianca di Navarra Melograno e pistacchi sabbiati Nocciola delle langhe igp Pesca e mango<\/p>\n<p><b class=\"ContentPasted3\">Antonino Alaimo <\/b>&#8211; Cannolicchi siciliani al Marsala con crema di ricotta e pistacchi &#8211; DSE FIC SICILIA<\/p>\n<p><b class=\"ContentPasted3\">Gaetano Stagno <\/b>&#8211; Cannolicchi siciliani al Marsala con crema di ricotta e pistacchi &#8211; DSE DSE Dipartimento Solidadriet\u00e0 Emergenze FIC Sicilia<\/p>\n<p><b class=\"ContentPasted3\">SOMMELIER<\/b><\/p>\n<p><b class=\"ContentPasted3\">Maria Grazia Barbagallo <\/b>&#8211; Vice presidente regionale AIS Associazione Italiana Sommelier &#8211; accompagnata dai sommelier <b class=\"ContentPasted3\">Andrea Sci\u00f2, Angelica Saraniti, Eleonora Andriolo, Madalina La Rocca, Francesco Carbone, Marinella Musmarra, Maria Cannav\u00f2, Prospero Fichera, Sebastiano D&#8217;Ambra, Orazio Raciti, Alessandro Lieto, Vera Mille, Alfredo Vacante<\/b>.<\/p>\n<p><b class=\"ContentPasted3\">Banco Alimentare Banco Alimentare della Sicilia<\/b><\/p>\n<p>Il Banco Alimentare della Sicilia ODV \u00e8 un ente del Terzo Settore che opera dal 1998 sul territorio siciliano. Aderisce alla Rete nazionale del Banco Alimentare, distribuendo gratuitamente cibo a 438 strutture caritative che si occupano di sostenere le persone che vivono in difficolt\u00e0. Opera su 7 province della Sicilia: Agrigento, Caltanissetta, Catania, Enna, Messina, Ragusa e Siracusa.<\/p>\n<p>Si occupa ogni giorno di recuperare cibo in ottime condizioni che, per diverse ragioni, non \u00e8 pi\u00f9 commercializzabile e lo distribuisce alle organizzazioni convenzionate le quali, a loro volta, lo distribuiscono alle persone pi\u00f9 fragili.<\/p>\n<p>Nel 2022 ha sostenuto, in Sicilia, pi\u00f9 di 160.000 persone, attraverso 438 strutture convenzionate.<\/p>\n<p>&#8212;&#8212;&#8212;&#8212;&#8212;&#8212;&#8212;&#8212;&#8212;&#8212;&#8212;&#8212;&#8212;&#8212;&#8212;&#8211;<\/p>\n<p><b class=\"ContentPasted3\">Ufficio Stampa<\/b><\/p>\n<p><b class=\"ContentPasted3\">Banco Alimentare della Sicilia ODV<\/b><\/p>\n<p>Monica Adorno<\/p>\n<p>tessera OdG 081656<\/p>\n<p>ufficiostampa@siciliact.bancoalimentare.it<\/p>\n<p>monica.adorno@gmail.com<\/p>\n<p>Cell. 393.2255522<\/p>\n","protected":false},"excerpt":{"rendered":"<p>La serata \u00e8 stata ideata, promossa e organizzata da \u00c8xpo Grandi Eventi di Barbara Mirabella Pi\u00f9 di 160 presenze alla cena di raccolta fondi del Banco Alimentare della Sicilia ODV<\/p>\n<div><a class=\"permalink\" href=\"https:\/\/www.radioempire.it\/index.php\/2023\/07\/15\/cs_12-15-luglio-2023-piu-di-160-presenze-alla-cena-di-raccolta-fondi-del-banco-alimentare-della-sicilia-odv\/\">Read More&#8230;<\/a><\/div>\n","protected":false},"author":2,"featured_media":41812,"comment_status":"closed","ping_status":"closed","sticky":false,"template":"","format":"standard","meta":[],"categories":[3,36],"tags":[],"_links":{"self":[{"href":"https:\/\/www.radioempire.it\/index.php\/wp-json\/wp\/v2\/posts\/41811"}],"collection":[{"href":"https:\/\/www.radioempire.it\/index.php\/wp-json\/wp\/v2\/posts"}],"about":[{"href":"https:\/\/www.radioempire.it\/index.php\/wp-json\/wp\/v2\/types\/post"}],"author":[{"embeddable":true,"href":"https:\/\/www.radioempire.it\/index.php\/wp-json\/wp\/v2\/users\/2"}],"replies":[{"embeddable":true,"href":"https:\/\/www.radioempire.it\/index.php\/wp-json\/wp\/v2\/comments?post=41811"}],"version-history":[{"count":1,"href":"https:\/\/www.radioempire.it\/index.php\/wp-json\/wp\/v2\/posts\/41811\/revisions"}],"predecessor-version":[{"id":41813,"href":"https:\/\/www.radioempire.it\/index.php\/wp-json\/wp\/v2\/posts\/41811\/revisions\/41813"}],"wp:featuredmedia":[{"embeddable":true,"href":"https:\/\/www.radioempire.it\/index.php\/wp-json\/wp\/v2\/media\/41812"}],"wp:attachment":[{"href":"https:\/\/www.radioempire.it\/index.php\/wp-json\/wp\/v2\/media?parent=41811"}],"wp:term":[{"taxonomy":"category","embeddable":true,"href":"https:\/\/www.radioempire.it\/index.php\/wp-json\/wp\/v2\/categories?post=41811"},{"taxonomy":"post_tag","embeddable":true,"href":"https:\/\/www.radioempire.it\/index.php\/wp-json\/wp\/v2\/tags?post=41811"}],"curies":[{"name":"wp","href":"https:\/\/api.w.org\/{rel}","templated":true}]}}