{"id":41861,"date":"2023-07-17T13:43:04","date_gmt":"2023-07-17T13:43:04","guid":{"rendered":"https:\/\/www.radioempire.it\/?p=41861"},"modified":"2023-07-17T17:07:45","modified_gmt":"2023-07-17T17:07:45","slug":"messina-lunedi-17-luglio-si-apre-la-xxi-edizione-dellhorcynus-festival","status":"publish","type":"post","link":"https:\/\/www.radioempire.it\/index.php\/2023\/07\/17\/messina-lunedi-17-luglio-si-apre-la-xxi-edizione-dellhorcynus-festival\/","title":{"rendered":"Messina, luned\u00ec 17 luglio si apre la XXI edizione dell\u2019Horcynus Festival"},"content":{"rendered":"<p style=\"text-align: left;\"><strong><em>Fino al 6 agosto l\u2019evento a cura della Fondazione Horcynus Orca e della Fondazione MeSSInA che ha in programma cinema, musica, laboratori educativi e momenti di riflessione, con al centro il tema \u201cVisioni, Immaginare le citt\u00e0 del futuro\u201d.<\/em><\/strong><\/p>\n<p>&nbsp;<\/p>\n<p><em>Messina, 15 luglio<\/em> &#8211; \u00c8 tutto pronto per la <strong>XXI edizione dell\u2019Horcynus Festiv<\/strong>al che prender\u00e0 il via <strong>luned\u00ec 17 luglio<\/strong> e che quest\u2019anno tratter\u00e0 il tema \u201cVisioni, Immaginare le citt\u00e0 del futuro\u201d.<\/p>\n<p>&nbsp;<\/p>\n<p>L\u2019evento, a cura della <strong>Fondazione Horcynus Orca <\/strong>e della <strong>Fondazione MeSSInA,<\/strong> si svolger\u00e0, come di consueto, al <strong>Parco Horcynus Orca di Capo Peloro<\/strong>. Sono in programma anche alcuni appuntamenti a <strong>Roccavaldina (Messina)<\/strong>, dove la Fondazione MeSSInA ha realizzato nell\u2019ex area artigianale del comune tirrenico un polo di ricerca e sviluppo per la produzione di manufatti in bio-materiali e bio-plastiche innovative.<\/p>\n<p>&nbsp;<\/p>\n<p>Decine le proiezioni cinematografiche in programma sul grande schermo all\u2019aperto del Parco Horcynus Orca, laboratori educativi, presentazione di libri e momenti di riflessione sulle questioni pi\u00f9 urgenti nell\u2019area mediterranea. Il programma cinematografico, per la storica sezione del Festival \u201cArcipelaghi della Visione\u201d, \u00e8 diretta da <strong>Franco Jannuzzi<\/strong>, mentre la sezione \u201cMusica Nomade\u201d \u00e8 curata da <strong>Giacomo Farina<\/strong> e <strong>Luigi Polimeni<\/strong>.<\/p>\n<p>&nbsp;<\/p>\n<p>Particolarmente atteso il concerto di <strong>Stefano \u201cCisco\u201d Bellotti<\/strong> di <strong>mercoled\u00ec 26 luglio alle 22.00<\/strong>, nella giornata dedicata ad un\u2019analisi della storia contemporanea italiana, attraverso un approfondimento sulla strage di Portella della Ginestra del 1947 e la lettura teatrale del premio UBU 2022 <strong>Marco Cavalcoli <\/strong>insieme a <strong>Caterina Simonelli, <\/strong>che si svolger\u00e0 <strong>marted\u00ec 25 luglio alle 21.15<\/strong>.<\/p>\n<p>&nbsp;<\/p>\n<p>Saranno consegnati due <strong>premi Horcynus Orca 2023<\/strong>. Il primo, <strong>marted\u00ec 25 luglio<\/strong>, a <strong>Luca Fois<\/strong>, co-direttore del master in Design for Kids&amp;Toys del Politecnico di Milano. <strong>Sabato 29 luglio<\/strong> il secondo premio Horcynus Orca sar\u00e0 consegnato allo scenografo <strong>Marco Dentici, <\/strong>originario di Galati Marina e vincitore nel corso della sua carriera di un David di Donatello e di tre Nastri d\u2019Argento.<\/p>\n<p>&nbsp;<\/p>\n<p>La novit\u00e0 di quest\u2019anno \u00e8 rappresentata dalla prima edizione di <strong>\u2018Vedere la Musica\u2019<\/strong>, un concorso nazionale di videoclip musicali. Unico concorso siciliano del genere, che si avvale della presidenza della giuria di <strong>Carlo Massarini<\/strong>, storico presentatore e innovatore della RAI.<\/p>\n<p>&nbsp;<\/p>\n<p>Anche per l\u2019edizione 2023 ritorna il <strong>Festival del Cine Espanol Y Latinoamericano<\/strong>, a cura di Iris Martin-Peralta e Federico Sartori, grazie alla collaborazione delle fondazioni messinesi con l\u2019Ambasciata di Spagna in Italia. Dal 30 luglio all\u20191 agosto tre giorni di pellicole, in versione originale con sottotitoli in italiano, con una selezione che d\u00e0 ampio spazio a film altrimenti invisibili in Italia.<\/p>\n<p>&nbsp;<\/p>\n<p><u>Di seguito il dettaglio del programma della prima settimana dell\u2019Horcynus Festival:<\/u><\/p>\n<p>&nbsp;<\/p>\n<p>Il Festival sar\u00e0 aperto <strong>luned\u00ec 17 alle 21.00<\/strong> dalla proiezione \u201cAndare\u201d del regista Nello Calabr\u00f2, che sar\u00e0 presente per spiegare questo progetto che parte dalla musica e crea immagini per la musica. Seguir\u00e0 alle <strong>22.00<\/strong> la proiezione dell\u2019opera rock \u201cOrfeo 9\u201d di Tito Schipa Jr. che nel corso della serata si collegher\u00e0 per dialogare con il pubblico.<\/p>\n<p>&nbsp;<\/p>\n<p><strong>Marted\u00ec 18 luglio<\/strong> alle ore 21.00 \u00e8 in programma la proiezione di una selezione di videoclip musicali, alla seguir\u00e0 alle 21.15 il film \u201cSong to song\u201d di Terrence Malick per la sezione \u201cArcipelaghi della Visione\u201d.<\/p>\n<p>&nbsp;<\/p>\n<p><strong>Mercoled\u00ec 19 luglio <\/strong>alle ore 19.00 \u00e8 in programma l\u2019incontro \u201cL\u2019Iran oggi. Tornare a leggere Lolita a Teheran\u201d, con Giacomo Longhi, Lidia Lo Schiavo, Alessandra Minniti e i giovani della comunit\u00e0 iraniana di Messina. Modera Katia Pastura. A seguire, la performance musicale di Amir Jafarian e Antonino Arena, duo chitarra-sitar italo iraniano. Alle 21.00 spazio ai videoclip musicali e alle 21.15, per Arcipelaghi della Visione, proiezione del film \u201cBuena Vista Social Club\u201d di Wim Wenders.<\/p>\n<p>&nbsp;<\/p>\n<p>Il pomeriggio di <strong>gioved\u00ec 20 luglio, <\/strong>a partire dalle 17.00, sar\u00e0 caratterizzato da attivit\u00e0 educative per bambini dai 3 anni in su, intorno all\u2019opera \u201cL\u2019orto sonoro\u201d di Alex Mendizabal, allestita nell\u2019<strong>Hub di Comunit\u00e0 di Maregrosso<\/strong>, mentre alle 18.30 il Centro socio-educativo \u201cIl Melograno\u201d ospiter\u00e0 un laboratorio sui codici educativi paterni.<\/p>\n<p>Alle ore 21.00 al Parco Horcynus Orca di Capo Peloro saranno proiettati cortometraggi dalla Palestina e alle 21.15 il film<strong> \u201c<\/strong>Yesterday\u201d di Danny Boyle.<\/p>\n<p>&nbsp;<\/p>\n<p>Il Festival si sposter\u00e0 a Roccavaldina nei giorni di <strong>venerd\u00ec 21 luglio<\/strong>, <strong>sabato 22 luglio<\/strong>, <strong>venerd\u00ec 28 luglio<\/strong> e <strong>domenica 6 agosto<\/strong>: a Piazza del Popolo si svolgeranno proiezioni di cortometraggi dalla Palestina e di film della sezione Arcipelaghi della Visione.<\/p>\n<p>&nbsp;<\/p>\n<p>La giornata di <strong>domenica 23 luglio <\/strong>al Parco Horcynus Orca si aprir\u00e0 alle 18.00 con il laboratorio educativo per bambini dai 6 anni in su \u201cLa canzone del mare\u201d, dedicato al riutilizzo creativo dei rifiuti a cura di Anita Magno e Lucrezia Piraino.<\/p>\n<p>Le proiezioni serali saranno particolarmente ricche di ospiti: alle 21.00 \u00e8 in programma il documentario \u201cAmuka, il risveglio dei contadini congolesi\u201d di Antonio Span\u00f2, che sar\u00e0 presente insieme a Paolo Benvenuti.<\/p>\n<p>Alle 22.15 spazio a un altro documentario: \u201cNel mondo grande e terribile\u201d di Daniele Maggioni, Laura Perini e Maria Grazia Perria. Saranno presenti Daniele Maggioni e Tore Cubeddu.<\/p>\n<p>&nbsp;<\/p>\n<p>&nbsp;<\/p>\n<p><strong>L\u2019Horcynus Festival si avvale del sostegno di Ministero della Cultura \u2013 Direzione Generale Educazione, Ricerca e Istituti Culturali, del Ministero della Cultura \u2013 Direzione Generale Cinema e Audiovisivo, della Regione Siciliana \u2013 Assessorato Turismo Sport e Spettacolo Sicilia Film Commission e del Comune di Messina.<\/strong><\/p>\n<p>&nbsp;<\/p>\n<p>&nbsp;<\/p>\n<p><strong>HORCYNUS FESTIVAL 2023<\/strong><\/p>\n<p>&nbsp;<\/p>\n<p>VISIONI, immaginare le citt\u00e0 del futuro<\/p>\n<p>&nbsp;<\/p>\n<p><strong><u>IL PROGRAMMA<\/u><\/strong><\/p>\n<p>&nbsp;<\/p>\n<p><strong>Luned\u00ec 17 luglio 2023 \u2013 Parco Horcynus Orca, Capo Peloro<\/strong><\/p>\n<p>21,00 Arcipelaghi della Visione \u2013 Andare di Nello Calabr\u00f2, 35\u2019 (Musicale \u2013 Italia \u2013 2023).<\/p>\n<p>Ospite Nello Calabr\u00f2<\/p>\n<p>&nbsp;<\/p>\n<p>22,00 Arcipelaghi della Visione \u2013 Orfeo 9 di Tito Schipa Jr., 82\u2019 (Opera rock \u2013 Italia \u2013 1973). In collegamento Tito Schipa Jr.<\/p>\n<p><strong>\u00a0<\/strong><\/p>\n<p><strong>Marted\u00ec 18 luglio 2023 \u2013 Parco Horcynus Orca, Capo Peloro<\/strong><\/p>\n<p>21,00 Selezione di videoclip musicali<\/p>\n<p>&nbsp;<\/p>\n<p>21,15 Arcipelaghi della Visione \u2013 Song to song di Terrence Malick, 129\u2019 (Drammatico\/Musicale \u2013 USA \u2013 2017)<\/p>\n<p><strong>\u00a0<\/strong><\/p>\n<p><strong>Mercoled\u00ec 19 luglio 2023 \u2013 Parco Horcynus Orca, Capo Peloro<\/strong><\/p>\n<p>19,00 L&#8217;Iran oggi. Tornare a leggere Lolita a Teheran \u2013 con Giacomo Longhi, Lidia Lo Schiavo, Alessandra Minniti e i giovani della comunit\u00e0 iraniana di Messina. Modera Katia Pastura.<\/p>\n<p>&nbsp;<\/p>\n<p>20,00 Performance musicale di Amir Jafarian e Antonino Arena, duo chitarra-sitar italo iraniano<\/p>\n<p>&nbsp;<\/p>\n<p>21,00 Selezione di videoclip musicali<\/p>\n<p>&nbsp;<\/p>\n<p>21,15 Arcipelaghi della Visione \u2013 Buena Vista Social Club di Wim Wenders, 101\u2019<\/p>\n<p>(Documentario\/Musicale \u2013 Germania \u20131998)<\/p>\n<p>&nbsp;<\/p>\n<p><strong>Gioved\u00ec 20 luglio 2023 \u2013 Hub di Comunit\u00e0 di Maregrosso<\/strong><\/p>\n<p>17,00 Laboratorio educativo su L\u2019orto sonoro di Alex Mendizabal (su prenotazione max 15 bambini dai 3 anni in su)<\/p>\n<p>&nbsp;<\/p>\n<p>18,30 Centro socio-educativo &#8220;Il Melograno&#8221; &#8211; Immaginare il futuro: laboratorio sui codici educativi paterni<\/p>\n<p>&nbsp;<\/p>\n<p><strong>Gioved\u00ec 20 luglio 2023 \u2013 Parco Horcynus Orca, Capo Peloro<\/strong><\/p>\n<p>21,00 Cortometraggi dalla Palestina<\/p>\n<p>&nbsp;<\/p>\n<p>21,15 Arcipelaghi della Visione \u2013 Yesterday di Danny Boyle, 116\u2019 (Commedia\/Musicale \u2013 Gran Bretagna \u2013 2019)<\/p>\n<p><strong>\u00a0<\/strong><\/p>\n<p><strong>Venerd\u00ec 21 luglio 2023 \u2013 Piazza del Popolo, Roccavaldina<\/strong><\/p>\n<p>21,00 Cortometraggi dalla Palestina<\/p>\n<p>&nbsp;<\/p>\n<p>21,15 Arcipelaghi della Visione \u2013 American graffiti di George Lucas, 110\u2019 (Drammatico\/Commedia \u2013 USA \u2013 1973)<\/p>\n<p>&nbsp;<\/p>\n<p><strong>Sabato 22 luglio 2023 \u2013 Piazza del Popolo, Roccavaldina<\/strong><\/p>\n<p>21,00 Cortometraggi dalla Palestina<\/p>\n<p>&nbsp;<\/p>\n<p>21,15 Arcipelaghi della Visione \u2013 Sing di Garth Jennings, 108\u2019 (Animazione \u2013 USA \u2013 2016)<\/p>\n<p><strong>\u00a0<\/strong><\/p>\n<p><strong>Domenica 23 luglio 2023 \u2013 Parco Horcynus Orca, Capo Peloro<\/strong><\/p>\n<p>18,00 La canzone del mare &#8211; laboratorio educativo sul riutilizzo creativo dei rifiuti a cura di Anita Magno e Lucrezia Piraino, su prenotazione (max 20 bimbi dai 6 anni)<\/p>\n<p>&nbsp;<\/p>\n<p>21,00 Arcipelaghi della Visione \u2013 Amuka, il risveglio dei contadini congolesi di Antonio Span\u00f2, 71\u2019 (Documentario \u2013 Belgio \u2013 2021).<\/p>\n<p>Ospiti Antonio Span\u00f2 e Paolo Benvenuti<\/p>\n<p>&nbsp;<\/p>\n<p>22,15 Arcipelaghi della Visione \u2013 Nel mondo grande e terribile di Daniele Maggioni, Laura Perini, Maria Grazia Perria, 78\u2019 (Drammatico\/Documentario \u2013 Italia \u2013 2017)<\/p>\n<p>Ospiti Daniele Maggioni e Tore Cubeddu<\/p>\n<p><strong>\u00a0<\/strong><\/p>\n<p><strong>Luned\u00ec 24 luglio 2023 \u2013 Parco Horcynus Orca, Capo Peloro<\/strong><\/p>\n<p>19,00 Workshop con Adriano Apr\u00e0 e docenti di Universit\u00e0 siciliane, modera il prof. Federico Vitella.<\/p>\n<p>&nbsp;<\/p>\n<p>21,00 Arcipelaghi della Visione \u2013 Rosso Cenere di Adriano Apr\u00e0 e Augusto Contento, 60\u2019 (Documentario \u2013 Italia\/Francia \u20132013). Ospiti Adriano Apr\u00e0 e Giancarlo Grande<\/p>\n<p>&nbsp;<\/p>\n<p>22,15 Coffee Talk Arte e neuroscienze.<\/p>\n<p>&nbsp;<\/p>\n<p>Ospiti il prof. Angelo Quartarone e le GLORIUS4, modera Marco Ferrazzoli. In collaborazione con l\u2019Istituto IRIB\/CNR di Messina; Flavia Marino, Rosa Musotto, Antonio Cerasa, Giovanni Pioggia, Antonio Barbera.<\/p>\n<p>&nbsp;<\/p>\n<p><strong>Marted\u00ec 25 luglio 2023 \u2013 Parco Horcynus Orca, Capo Peloro<\/strong><\/p>\n<p>21,15 Tomorrow\u2019s parties, lettura teatrale da uno spettacolo di Forced Entertainment. Con Marco Cavalcoli e Caterina Simonelli, traduzione di Roberto Castello.<\/p>\n<p><em>\u00a0<\/em><\/p>\n<p><em>Premio Horcynus Orca 2023, Luca Fois<\/em><\/p>\n<p>&nbsp;<\/p>\n<p><strong>Mercoled\u00ec 26 luglio 2023 \u2013 Parco Horcynus Orca, Capo Peloro<\/strong><\/p>\n<p>21,00 Portella della Ginestra: il film che non si fece, a cura di Luca Gaballo, 27\u2019 (Inchiesta \u2013 Italia \u2013 2023)<\/p>\n<p>&nbsp;<\/p>\n<p>21,30 Presentazione del libro Dietro tutte le trame \u2013 Gianfranco Alliata e le origini della strategia della tensione di e con Giovanni Tamburino. Dibattito con Ilaria Moroni (Rete degli archivi &#8220;Per non dimenticare&#8221;), Luca Gaballo, Paolo Benvenuti. Modera Corradino Mineo.<\/p>\n<p>&nbsp;<\/p>\n<p>22,00 Musica Nomade \u2013 Cisco in concerto (ex Modena City Ramblers).<\/p>\n<p><strong>\u00a0<\/strong><\/p>\n<p><strong>Venerd\u00ec 28 luglio 2023 \u2013 Piazza del Popolo, Roccavaldina<\/strong><\/p>\n<p><strong>\u00a0<\/strong><\/p>\n<p>21,00 Arcipelaghi della Visione \u2013 Sing 2, sempre pi\u00f9 forte di Garth Jennings, 114\u2019 (Animazione \u2013 USA \u2013 2021)<\/p>\n<p>&nbsp;<\/p>\n<p><strong>Sabato 29 luglio 2023 \u2013 Parco Horcynus Orca, Capo Peloro<\/strong><\/p>\n<p>19,30 Presentazione del libro Una trama divina. Ges\u00f9 in controcampo di Antonio Spadaro. Dialoga con l&#8217;autore Nadia Terranova<\/p>\n<p>&nbsp;<\/p>\n<p>21,15 Arcipelaghi della Visione \u2013 Metamorphosis di Michele Fasano, 106\u2019 (Animazione \u2013 Italia \u2013 2022).<\/p>\n<p>Ospite Michele Fasano<\/p>\n<p>&nbsp;<\/p>\n<p><em>Premio Horcynus Orca 2023, Marco Dentici<\/em><\/p>\n<p><em>\u00a0<\/em><\/p>\n<p><strong>Domenica 30 luglio 2023 \u2013 Parco Horcynus Orca, Capo Peloro<\/strong><\/p>\n<p>21,00 Festival del Cine Espanol Y Latinoamericano \u2013 Time (L)over di Alvaro Pinnel, 5\u2019<\/p>\n<p>&nbsp;<\/p>\n<p>21,15 Festival del Cine Espanol Y Latinoamericano \u2013 Suro di Mikel Gurrea, 90\u2019 (Fiction \u2013 Spagna \u2013 2022)<\/p>\n<p>Ospiti Federico Sartori e Iris Martin Peralta, in collegamento Mikel Gurrea<\/p>\n<p>&nbsp;<\/p>\n<p><strong>Luned\u00ec 31 luglio 2023 \u2013 Parco Horcynus Orca, Capo Peloro<\/strong><\/p>\n<p>18,30 Ti racconto lo Stretto: i miti greci. Letture\/gioco rivolte ai bambini dai 3 ai 6 anni. Su prenotazione (max 20 bimbi). A cura dell\u2019Associazione \u201cIntervolumina\u201d.<\/p>\n<p>&nbsp;<\/p>\n<p>21,00 Festival del Cine Espanol Y Latinoamericano \u2013 Cazatalentos di Jos\u00e8 Herrera, 7\u2019<\/p>\n<p>&nbsp;<\/p>\n<p>21,15 Festival del Cine Espanol Y Latinoamericano \u2013 La voluntaria di Nely Reguera, 99\u2019 (Fiction \u2013 Spagna\/Grecia \u2013 2021)<\/p>\n<p>Ospiti Federico Sartori e Iris Martin Peralta.<\/p>\n<p>&nbsp;<\/p>\n<p><strong>Marted\u00ec 1\u00b0 agosto 2023 \u2013 Parco Horcynus Orca, Capo Peloro<\/strong><\/p>\n<p>18,30 Ti racconto lo Stretto: i miti greci. Letture\/gioco rivolte ai bambini dai 7 ai 10 anni. Su prenotazione (max 20 bimbi). A cura dell\u2019Associazione \u201cIntervolumina\u201d.<\/p>\n<p>&nbsp;<\/p>\n<p>21,00 Festival del Cine Espanol Y Latinoamericano \u2013 Sushi di Ivan Morales, 19\u2019<\/p>\n<p>&nbsp;<\/p>\n<p>21,20 Festival del Cine Espanol Y Latinoamericano \u2013 El m\u00e9todo di Marcelo Pineyro, 115\u2019 (Drammatico \u2013 Spagna \u2013 2005)<\/p>\n<p>Ospiti Federico Sartori e Iris Martin Peralta<\/p>\n<p>&nbsp;<\/p>\n<p><strong>Mercoled\u00ec 2 agosto 2023 \u2013 Parco Horcynus Orca, Capo Peloro<\/strong><\/p>\n<p>19,00 Opera prima, 8 coreografie di Sarah Lanza (Sale espositive Museo MACHO)<\/p>\n<p>21,00 Arcipelaghi della Visione \u2013 La via del ferro di Francesco Cannav\u00e0, 22\u2019 (Docufilm \u2013 Italia \u2013 2022)<\/p>\n<p>Ospiti Francesco Cannav\u00e0 e Fabio Pilato.<\/p>\n<p>&nbsp;<\/p>\n<p>21,45 Arcipelaghi della Visione \u2013 Agente Lemmy Caution: Missione Alphaville di Jean-Luc Godard, 99\u2019 (Fantastico \u2013Francia\/Italia \u2013 1995)<\/p>\n<p>&nbsp;<\/p>\n<p><strong>Gioved\u00ec 3 agosto 2023 \u2013 Parco Horcynus Orca, Capo Peloro<\/strong><\/p>\n<p>21,00 Vedere la Musica \u2013 evento finale del concorso di videoclip musicali. Premiazione ed esibizione dell\u2019artista vincitore. Con Carlo Massarini e Christian Bisceglia<\/p>\n<p>&nbsp;<\/p>\n<p><strong>Sabato 5 agosto 2023 \u2013 Forte Petrazza, Camaro Superiore<\/strong><\/p>\n<p>19,00 La grande scala, inaugurazione della mostra a cura del Museo del Fango<\/p>\n<p>&nbsp;<\/p>\n<p><strong>Domenica 6 agosto 2023 \u2013 Piazza del Popolo, Roccavaldina<\/strong><\/p>\n<p>21,00 Cortometraggi dalla Palestina<\/p>\n<p>21,15 Arcipelaghi della Visione \u2013 Se mi lasci ti cancello di Michel Gondry, 108\u2019 (Commedia \u2013 USA \u2013 2004)<\/p>\n<p>&nbsp;<\/p>\n<p><strong>Agosto \u2013 Dicembre 2023<\/strong><\/p>\n<p><strong>\u00a0<\/strong><\/p>\n<p>Horcynus EDU \u2013 percorsi educativi di cinema in collaborazione con le scuole del territorio<\/p>\n<p>Summer School<\/p>\n<p>Scuola di Cinema a cura di Paolo Benvenuti<\/p>\n<p>Eventi letterari e di ricerca per intravedere &#8220;terre future&#8221;<\/p>\n<p>Seminari internazionali su nuovi paradigmi economici e di sviluppo umano sostenibile<\/p>\n<p>Premio Horcynus Orca 2023 a Souad Alwhaidi<\/p>\n<p>MACHO Inaugurazione nuove acquisizioni<\/p>\n","protected":false},"excerpt":{"rendered":"<p>Fino al 6 agosto l\u2019evento a cura della Fondazione Horcynus Orca e della Fondazione MeSSInA che ha in programma cinema, musica, laboratori educativi e momenti di riflessione, con al centro<\/p>\n<div><a class=\"permalink\" href=\"https:\/\/www.radioempire.it\/index.php\/2023\/07\/17\/messina-lunedi-17-luglio-si-apre-la-xxi-edizione-dellhorcynus-festival\/\">Read More&#8230;<\/a><\/div>\n","protected":false},"author":2,"featured_media":41862,"comment_status":"closed","ping_status":"closed","sticky":false,"template":"","format":"standard","meta":[],"categories":[36,78],"tags":[],"_links":{"self":[{"href":"https:\/\/www.radioempire.it\/index.php\/wp-json\/wp\/v2\/posts\/41861"}],"collection":[{"href":"https:\/\/www.radioempire.it\/index.php\/wp-json\/wp\/v2\/posts"}],"about":[{"href":"https:\/\/www.radioempire.it\/index.php\/wp-json\/wp\/v2\/types\/post"}],"author":[{"embeddable":true,"href":"https:\/\/www.radioempire.it\/index.php\/wp-json\/wp\/v2\/users\/2"}],"replies":[{"embeddable":true,"href":"https:\/\/www.radioempire.it\/index.php\/wp-json\/wp\/v2\/comments?post=41861"}],"version-history":[{"count":2,"href":"https:\/\/www.radioempire.it\/index.php\/wp-json\/wp\/v2\/posts\/41861\/revisions"}],"predecessor-version":[{"id":41881,"href":"https:\/\/www.radioempire.it\/index.php\/wp-json\/wp\/v2\/posts\/41861\/revisions\/41881"}],"wp:featuredmedia":[{"embeddable":true,"href":"https:\/\/www.radioempire.it\/index.php\/wp-json\/wp\/v2\/media\/41862"}],"wp:attachment":[{"href":"https:\/\/www.radioempire.it\/index.php\/wp-json\/wp\/v2\/media?parent=41861"}],"wp:term":[{"taxonomy":"category","embeddable":true,"href":"https:\/\/www.radioempire.it\/index.php\/wp-json\/wp\/v2\/categories?post=41861"},{"taxonomy":"post_tag","embeddable":true,"href":"https:\/\/www.radioempire.it\/index.php\/wp-json\/wp\/v2\/tags?post=41861"}],"curies":[{"name":"wp","href":"https:\/\/api.w.org\/{rel}","templated":true}]}}