{"id":42119,"date":"2023-07-24T08:06:59","date_gmt":"2023-07-24T08:06:59","guid":{"rendered":"https:\/\/www.radioempire.it\/?p=42119"},"modified":"2023-07-24T08:06:59","modified_gmt":"2023-07-24T08:06:59","slug":"posticipato-al-30-agosto-il-concerto-di-loredana-berte-a-catania","status":"publish","type":"post","link":"https:\/\/www.radioempire.it\/index.php\/2023\/07\/24\/posticipato-al-30-agosto-il-concerto-di-loredana-berte-a-catania\/","title":{"rendered":"POSTICIPATO al 30 agosto il concerto di LOREDANA BERT\u00c8 a Catania"},"content":{"rendered":"<p>Dai profili social ufficiali dell\u2019artista apprendiamo quanto segue: \u201cA causa della chiusura dell\u2019aeroporto internazionale di Catania conseguente al disastroso incendio che ha coinvolto il terminal A e, anche in seguito al fatto che l\u2019aeroporto Falcone e Borsellino di Palermo non accetter\u00e0 pi\u00f9 di 20 voli giornalieri destinati a Catania, siamo costretti a posticipare la data di Loredana Bert\u00e8 programmata alla Villa Bellini di Catania dal 24 luglio al 30 agosto 2023.\u201d<\/p>\n<p><b>POSTICIPATO AL 30 AGOSTO IL CONCERTO DI LOREDANA BERT\u00c8 A CATANIA!<\/b><\/p>\n<p>I biglietti gi\u00e0 acquistati resteranno comunque validi per la nuova data. Per chi sar\u00e0 impossibilitato, potr\u00e0 richiedere il rimborso del biglietto entro e non oltre il 4 agosto presso la prevendita dove \u00e8 stato acquistato.<\/p>\n<p><b>Per ulteriori informazioni\u00a0<\/b>\u00e8 possibile contattare Arena Eventi Communication al numero\u00a0<b>+39 340 4751652<\/b> o inviare un\u2019email a\u00a0<a href=\"mailto:arenaeventisrl@gmail.com\" target=\"_blank\" rel=\"noopener\"><b>arenaeventisrl@gmail.com<\/b><\/a>.<\/p>\n","protected":false},"excerpt":{"rendered":"<p>Dai profili social ufficiali dell\u2019artista apprendiamo quanto segue: \u201cA causa della chiusura dell\u2019aeroporto internazionale di Catania conseguente al disastroso incendio che ha coinvolto il terminal A e, anche in seguito<\/p>\n<div><a class=\"permalink\" href=\"https:\/\/www.radioempire.it\/index.php\/2023\/07\/24\/posticipato-al-30-agosto-il-concerto-di-loredana-berte-a-catania\/\">Read More&#8230;<\/a><\/div>\n","protected":false},"author":2,"featured_media":42120,"comment_status":"closed","ping_status":"closed","sticky":false,"template":"","format":"standard","meta":[],"categories":[3,36],"tags":[],"_links":{"self":[{"href":"https:\/\/www.radioempire.it\/index.php\/wp-json\/wp\/v2\/posts\/42119"}],"collection":[{"href":"https:\/\/www.radioempire.it\/index.php\/wp-json\/wp\/v2\/posts"}],"about":[{"href":"https:\/\/www.radioempire.it\/index.php\/wp-json\/wp\/v2\/types\/post"}],"author":[{"embeddable":true,"href":"https:\/\/www.radioempire.it\/index.php\/wp-json\/wp\/v2\/users\/2"}],"replies":[{"embeddable":true,"href":"https:\/\/www.radioempire.it\/index.php\/wp-json\/wp\/v2\/comments?post=42119"}],"version-history":[{"count":1,"href":"https:\/\/www.radioempire.it\/index.php\/wp-json\/wp\/v2\/posts\/42119\/revisions"}],"predecessor-version":[{"id":42121,"href":"https:\/\/www.radioempire.it\/index.php\/wp-json\/wp\/v2\/posts\/42119\/revisions\/42121"}],"wp:featuredmedia":[{"embeddable":true,"href":"https:\/\/www.radioempire.it\/index.php\/wp-json\/wp\/v2\/media\/42120"}],"wp:attachment":[{"href":"https:\/\/www.radioempire.it\/index.php\/wp-json\/wp\/v2\/media?parent=42119"}],"wp:term":[{"taxonomy":"category","embeddable":true,"href":"https:\/\/www.radioempire.it\/index.php\/wp-json\/wp\/v2\/categories?post=42119"},{"taxonomy":"post_tag","embeddable":true,"href":"https:\/\/www.radioempire.it\/index.php\/wp-json\/wp\/v2\/tags?post=42119"}],"curies":[{"name":"wp","href":"https:\/\/api.w.org\/{rel}","templated":true}]}}