{"id":42122,"date":"2023-07-24T08:15:37","date_gmt":"2023-07-24T08:15:37","guid":{"rendered":"https:\/\/www.radioempire.it\/?p=42122"},"modified":"2023-07-24T09:38:01","modified_gmt":"2023-07-24T09:38:01","slug":"e-necessario-cambiare-a-zafferana-etnea-la-conferenza-evento-di-salvo-noe","status":"publish","type":"post","link":"https:\/\/www.radioempire.it\/index.php\/2023\/07\/24\/e-necessario-cambiare-a-zafferana-etnea-la-conferenza-evento-di-salvo-noe\/","title":{"rendered":"\u00c8 NECESSARIO CAMBIARE! A Zafferana Etnea la conferenza-evento di SALVO NO\u00c8"},"content":{"rendered":"<p style=\"font-weight: 400;\"><strong>Torna a grande richiesta l\u2019evento motivazionale del dott. Salvo No\u00e8, luned\u00ec 31 luglio ore 21.15, all\u2019anfiteatro Falcone e Borsellino di Zafferana Etnea (CT).<\/strong><strong>\u00a0<\/strong>Un immancabile appuntamento ad ingresso libero, che vedr\u00e0 sul palco, oltre al rinomato psicologo, il gentleman della conduzione siciliana Ruggero Sardo. La straordinaria conferenza<strong>\u00a0<\/strong>dal titolo<strong>\u00a0\u201c\u00c8 necessario cambiare!\u201d\u00a0<\/strong>\u00e8 organizzata dalla No\u00e8Com e rientra tra le proposte artistico-culturali di Etna in scena.<\/p>\n<p style=\"font-weight: 400;\">In un\u2019epoca in cui le sfide sono sempre pi\u00f9 complesse, in famiglia, a scuola, sul lavoro, riconosciamo l\u2019urgenza di adottare nuove mentalit\u00e0 e prospettive.\u00a0<strong>\u00c8 necessario cambiare!\u00a0<\/strong>Non si tratta di una scelta opzionale, ma di una necessit\u00e0 imprescindibile per affrontare gli ostacoli del mondo moderno. Durante questa spettacolare conferenza il\u00a0<strong>dott. No\u00e8<\/strong>\u00a0affronter\u00e0 infatti il potente bisogno di cambiamento nelle nostre vite e nella nostra societ\u00e0.<\/p>\n<p style=\"font-weight: 400;\">L\u2019autore del libro\u00a0<em>\u201cLa paura come dono\u201d<\/em>, in dialogo con papa Francesco, guider\u00e0 il pubblico in un viaggio di auto esplorazione e trasformazione personale. Attraverso le sue competenze emotive e la sua semplice ma profonda riflessione,\u00a0<strong>Salvo No\u00e8<\/strong>\u00a0mostrer\u00e0 come il cambiamento autentico parte da ognuno di noi.<\/p>\n<p style=\"font-weight: 400;\"><em>\u00abC\u2019\u00e8 tanta gente infelice che tuttavia non prende l\u2019iniziativa di cambiare la propria situazione.\u00bb<\/em>\u00a0<strong>sottolinea lo psicologo citando\u00a0<em>Into the wild<\/em>\u00a0<\/strong><em>\u00abPerch\u00e9 \u00e8 condizionata dalla sicurezza, dal conformismo, dal tradizionalismo. Tutte cose che sembrano assicurare la pace dello spirito ma in realt\u00e0, per l\u2019animo avventuroso di un uomo, non esiste nulla di pi\u00f9 devastante di un futuro certo. La gioia di vivere deriva dall\u2019incontro con nuove esperienze.\u00bb<\/em>\u00a0<strong>continuando nella citazione<\/strong><em>\u00a0\u00abE quindi non esiste gioia pi\u00f9 grande dell\u2019avere un orizzonte in costante cambiamento, del trovarsi ogni giorno sotto un sole nuovo e diverso. Non dobbiamo che trovare il coraggio di rivoltarci contro lo stile di vita abituale e buttarci in un\u2019esistenza non convenzionale.\u00bb<\/em><\/p>\n<p style=\"font-weight: 400;\"><strong>\u00c8 necessario cambiare!<\/strong>\u00a0sar\u00e0 un\u2019esperienza coinvolgente e trasformativa, creando un ambiente di condivisione e crescita. Con una partecipazione attesa di migliaia di persone provenienti da diverse sfere della vita, si avr\u00e0 la concreta opportunit\u00e0 di connetterci tutti insieme. Con individui motivati e desiderosi di creare un cambiamento significativo, abbracciando una nuova prospettiva che aprir\u00e0 le porte a infinite possibilit\u00e0 nel quotidiano di ognuno. Una conferenza unica nel suo genere, durante la quale si potr\u00e0 essere ispirati dalle parole potenti e illuminanti de \u201clo psicologo del papa\u201d. \u00c8 il momento di cambiare, ed \u00e8 qui che inizia il nostro straordinario viaggio di trasformazione.<\/p>\n<p style=\"font-weight: 400;\">L\u2019evento motivazionale \u00e8 promosso da No\u00e8Com nell\u2019ambito di Etna in scena, in collaborazione con il Comune di Zafferana Etnea.\u00a0<strong>L\u2019appuntamento con il dott. Salvo No\u00e8 \u00e8 luned\u00ec 31 luglio alle ore 21.15. Ingresso libero.<\/strong><\/p>\n<p style=\"font-weight: 400;\"><strong>Info e contatti<\/strong><\/p>\n<p style=\"font-weight: 400;\">No\u00e8Com<\/p>\n<p style=\"font-weight: 400;\"><a href=\"https:\/\/www.noecom.it\/eventi\/\" data-saferedirecturl=\"https:\/\/www.google.com\/url?q=https:\/\/www.noecom.it\/eventi\/&amp;source=gmail&amp;ust=1690271155481000&amp;usg=AOvVaw0NW0gLYGPGdDmUw1CuDmec\">https:\/\/www.noecom.it\/eventi\/<\/a><\/p>\n<p style=\"font-weight: 400;\">+39 349 1550297<\/p>\n<p style=\"font-weight: 400;\"><a href=\"mailto:info@noecom.it\">info@noecom.it<\/a><\/p>\n","protected":false},"excerpt":{"rendered":"<p>Torna a grande richiesta l\u2019evento motivazionale del dott. Salvo No\u00e8, luned\u00ec 31 luglio ore 21.15, all\u2019anfiteatro Falcone e Borsellino di Zafferana Etnea (CT).\u00a0Un immancabile appuntamento ad ingresso libero, che vedr\u00e0<\/p>\n<div><a class=\"permalink\" href=\"https:\/\/www.radioempire.it\/index.php\/2023\/07\/24\/e-necessario-cambiare-a-zafferana-etnea-la-conferenza-evento-di-salvo-noe\/\">Read More&#8230;<\/a><\/div>\n","protected":false},"author":2,"featured_media":42123,"comment_status":"closed","ping_status":"closed","sticky":false,"template":"","format":"standard","meta":[],"categories":[36,78],"tags":[],"_links":{"self":[{"href":"https:\/\/www.radioempire.it\/index.php\/wp-json\/wp\/v2\/posts\/42122"}],"collection":[{"href":"https:\/\/www.radioempire.it\/index.php\/wp-json\/wp\/v2\/posts"}],"about":[{"href":"https:\/\/www.radioempire.it\/index.php\/wp-json\/wp\/v2\/types\/post"}],"author":[{"embeddable":true,"href":"https:\/\/www.radioempire.it\/index.php\/wp-json\/wp\/v2\/users\/2"}],"replies":[{"embeddable":true,"href":"https:\/\/www.radioempire.it\/index.php\/wp-json\/wp\/v2\/comments?post=42122"}],"version-history":[{"count":1,"href":"https:\/\/www.radioempire.it\/index.php\/wp-json\/wp\/v2\/posts\/42122\/revisions"}],"predecessor-version":[{"id":42124,"href":"https:\/\/www.radioempire.it\/index.php\/wp-json\/wp\/v2\/posts\/42122\/revisions\/42124"}],"wp:featuredmedia":[{"embeddable":true,"href":"https:\/\/www.radioempire.it\/index.php\/wp-json\/wp\/v2\/media\/42123"}],"wp:attachment":[{"href":"https:\/\/www.radioempire.it\/index.php\/wp-json\/wp\/v2\/media?parent=42122"}],"wp:term":[{"taxonomy":"category","embeddable":true,"href":"https:\/\/www.radioempire.it\/index.php\/wp-json\/wp\/v2\/categories?post=42122"},{"taxonomy":"post_tag","embeddable":true,"href":"https:\/\/www.radioempire.it\/index.php\/wp-json\/wp\/v2\/tags?post=42122"}],"curies":[{"name":"wp","href":"https:\/\/api.w.org\/{rel}","templated":true}]}}