{"id":42137,"date":"2023-07-24T14:04:27","date_gmt":"2023-07-24T14:04:27","guid":{"rendered":"https:\/\/www.radioempire.it\/?p=42137"},"modified":"2023-07-24T16:04:51","modified_gmt":"2023-07-24T16:04:51","slug":"terre-sicane-wine-fest-dal-28-al-30-luglio-un-appuntamento-per-celebrare-il-territorio","status":"publish","type":"post","link":"https:\/\/www.radioempire.it\/index.php\/2023\/07\/24\/terre-sicane-wine-fest-dal-28-al-30-luglio-un-appuntamento-per-celebrare-il-territorio\/","title":{"rendered":"Terre Sicane Wine Fest: dal 28 al 30 luglio un appuntamento per celebrare il territorio"},"content":{"rendered":"<p><strong><em>Torna il Terre Sicane Wine Fest a Contessa Entellina (PA): dal 28 al 30 luglio l\u2019intero territorio sar\u00e0 in festa per la quinta edizione della manifestazione dedicata ai vini, al paesaggio e al capitale umano delle Terre Sicane.<\/em><\/strong><\/p>\n<p>\u00c8 alle porte una nuova edizione per il Terre Sicane Wine Fest, l\u2019appuntamento siciliano dell\u2019estate che celebra vini, paesaggio e capitale umano delle Terre Sicane.<br \/>\nUn viaggio ideale da Menfi a Contessa Entellina passando per Sciacca, Sambuca, Montevago e Santa Margherita Bel\u00ecce per ripercorrere tutti i sapori e i profumi di una Sicilia autentica e intatta.<br \/>\nDal 28 al 30 luglio l\u2019appuntamento \u00e8 in Abbazia Santa Maria del Bosco a Contessa Entellina (PA), il plesso monastico monumentale che rappresenta una delle bellezze architettoniche meglio conservate del territorio belicino.<br \/>\n<em>\u201cIn cinque anni il Terre Sicane Wine Fest \u00e8 cresciuto tantissimo e partendo dal vino ha creato connessioni sempre pi\u00f9 forti <\/em>&#8211; spiega Leonardo Spera, Sindaco di Contessa Entellina amministrazione molto attiva nel promuovere i Sicani e il Wine Fest &#8211;<em> grandi sinergie che oggi si intrecciano con le produzioni sicane ormai diventate un brand conosciuto e di valore, con l\u2019accoglienza tipica locale e il turismo naturalistico ed esperienziale che \u00e8 parte della vita sostenibile dei nostri borghi. Ci stiamo preparando ad abbracciare il pubblico delle grandi occasioni: lo Spazio Greco del comune e l\u2019Abbazia Santa Maria del Bosco si riempiranno delle sfumature dei prodotti agricoli del nostro ricco territorio e concluderemo con un gran finale domenica 30: appuntamento tutti in piazza a Contessa Entellina con la premiazione dei migliori vini delle nostre comunit\u00e0, la musica live dell\u2019orchestra \u2018Caro Carosone Band\u2019 e lo spettacolo dell\u2019eccezionale Manlio Dov\u00ec, attore e imitatore conterraneo\u201d.<\/em><br \/>\nNella tre giorni di fine luglio si alterneranno masterclass guidate, banchi di degustazioni, spettacoli di danza e di fuoco, musica dal vivo e djset. Grande spazio dedicato ai vini di Toscana della Strada del Vino Nobile di Montepulciano e dei Sapori della Valdichiana Senese che quest\u2019anno \u00e8 il territorio ospite che porter\u00e0 in degustazione 100 referenze e si racconter\u00e0 attraverso la voce dei protagonisti in diversi momenti di confronto.<br \/>\nIl convegno \u201cLe Strade del vino, dell\u2019olio e dei sapori come modelli innovativi di accoglienza, organizzati, stabili e sostenibili\u201d moderato da Franco Nuccio direttore Ansa Sicilia in programma sabato 29 getter\u00e0 le basi di un dialogo nazionale.<br \/>\n<em>\u201cIl Terre Sicane Wine Fest \u00e8 nato soltanto cinque anni fa colmando un vuoto <\/em>&#8211; precisa Gunther Di Giovanna Presidente Strada del Vino Terre Sicane &#8211;<em> e in questo tempo siamo riusciti a farlo diventare un momento di incontro tra professionisti della filiera del vino, quella della produzione e quella della promozione enoica. \u00c8 la tre giorni in cui le Terre Sicane celebrano la Sicilia come continente enologico, un concetto che si riflette pienamente nel nostro areale fatto di viticolture che si snodano dal mare alla montagna\u201d.<\/em><br \/>\n<em>\u201cL\u2019Italia da Nord a Sud \u00e8 tutta un distretto di eccellenze ed artigianalit\u00e0 <\/em>&#8211; sottolinea Gori Sparacino, Direttore della Federazione Italiana Strade del Vino &#8211;<em> e le strade sono un circuito prezioso di raccordo tra produttori e visitatori: negli ultimi anni si \u00e8 consolidato un know how efficace e questo appuntamento ci permetter\u00e0 uno scambio che poi si tradurr\u00e0 in azioni pratiche nei nostri territori\u201d.<\/em> Tra i sostenitori del Terre Sicane Wine Fest insieme alla Strada del Vino Terre Sicane e al Comune di Contessa Entellina ci sono Planeta Winery, Fondazione Inycon, SicilBanca, Donnafugata: un virtuoso partenariato tra istituzioni pubbliche ed aziende private che si mettono insieme per scrivere un bel capitolo di rilancio per le Terre Sicane.<\/p>\n<p><em>\u201cPer la quinta edizione c\u2019era la voglia e il desiderio di creare diversi spin off per tenere viva l\u2019attenzione <\/em>&#8211; anticipa Michele Buscemi, Presidente dell\u2019Associazione Enonauti che \u00e8 organizzatrice del Terre Sicane Wine Fest &#8211; <em>cos\u00ec abbiamo pensato ad un\u2019anteprima: inizieremo sabato 15 luglio con quello che sar\u00e0 un assaggio dell\u2019evento che si inserisce nel palinsesto delle attivit\u00e0 che hanno permesso al territorio delle Terre Sicane di ottenere tra gli altri il riconoscimento \u2018Menfi Citt\u00e0 Italiana del Vino\u2019. Debutto 2023 in grande stile con la masterclass \u2018Donne del Vino e delle Terre Sicane\u2019 in collaborazione con la compagine siciliana dell\u2019Associazione Donne del Vino capitanata dalla delegata Roberta Urso, concluderemo a Menfi con un Beach Wine Party per degustare i vini del territorio vista mare\u201d.<\/em><\/p>\n<p>Per info programma e prenotazioni:<br \/>\nwww.terresicanewinefest.it<\/p>\n","protected":false},"excerpt":{"rendered":"<p>Torna il Terre Sicane Wine Fest a Contessa Entellina (PA): dal 28 al 30 luglio l\u2019intero territorio sar\u00e0 in festa per la quinta edizione della manifestazione dedicata ai vini, al<\/p>\n<div><a class=\"permalink\" href=\"https:\/\/www.radioempire.it\/index.php\/2023\/07\/24\/terre-sicane-wine-fest-dal-28-al-30-luglio-un-appuntamento-per-celebrare-il-territorio\/\">Read More&#8230;<\/a><\/div>\n","protected":false},"author":2,"featured_media":42138,"comment_status":"closed","ping_status":"closed","sticky":false,"template":"","format":"standard","meta":[],"categories":[36,78],"tags":[],"_links":{"self":[{"href":"https:\/\/www.radioempire.it\/index.php\/wp-json\/wp\/v2\/posts\/42137"}],"collection":[{"href":"https:\/\/www.radioempire.it\/index.php\/wp-json\/wp\/v2\/posts"}],"about":[{"href":"https:\/\/www.radioempire.it\/index.php\/wp-json\/wp\/v2\/types\/post"}],"author":[{"embeddable":true,"href":"https:\/\/www.radioempire.it\/index.php\/wp-json\/wp\/v2\/users\/2"}],"replies":[{"embeddable":true,"href":"https:\/\/www.radioempire.it\/index.php\/wp-json\/wp\/v2\/comments?post=42137"}],"version-history":[{"count":2,"href":"https:\/\/www.radioempire.it\/index.php\/wp-json\/wp\/v2\/posts\/42137\/revisions"}],"predecessor-version":[{"id":42168,"href":"https:\/\/www.radioempire.it\/index.php\/wp-json\/wp\/v2\/posts\/42137\/revisions\/42168"}],"wp:featuredmedia":[{"embeddable":true,"href":"https:\/\/www.radioempire.it\/index.php\/wp-json\/wp\/v2\/media\/42138"}],"wp:attachment":[{"href":"https:\/\/www.radioempire.it\/index.php\/wp-json\/wp\/v2\/media?parent=42137"}],"wp:term":[{"taxonomy":"category","embeddable":true,"href":"https:\/\/www.radioempire.it\/index.php\/wp-json\/wp\/v2\/categories?post=42137"},{"taxonomy":"post_tag","embeddable":true,"href":"https:\/\/www.radioempire.it\/index.php\/wp-json\/wp\/v2\/tags?post=42137"}],"curies":[{"name":"wp","href":"https:\/\/api.w.org\/{rel}","templated":true}]}}