{"id":42804,"date":"2023-08-09T13:41:00","date_gmt":"2023-08-09T13:41:00","guid":{"rendered":"https:\/\/www.radioempire.it\/?p=42804"},"modified":"2023-08-09T13:41:00","modified_gmt":"2023-08-09T13:41:00","slug":"milo-l11-agosto-torna-il-concerto-tributo-a-franco-battiato-e-lucio-dalla-protagonista-della-serata-sara-dolcenera","status":"publish","type":"post","link":"https:\/\/www.radioempire.it\/index.php\/2023\/08\/09\/milo-l11-agosto-torna-il-concerto-tributo-a-franco-battiato-e-lucio-dalla-protagonista-della-serata-sara-dolcenera\/","title":{"rendered":"Milo, l\u201911 agosto torna il concerto tributo a Franco Battiato e Lucio Dalla.\u00a0Protagonista della serata sar\u00e0 Dolcenera. \u00a0"},"content":{"rendered":"<p class=\"x_x_x_x_x_x_x_x_x_x_x_x_x_MsoNormal\"><span class=\"x_x_x_x_x_x_x_x_x_x_x_x_x_ContentPasted0\">Ad un anno dall\u2019installazione in piazza Belvedere della statua a grandezza naturale dedicata a Franco Battiato e Lucio Dalla, Milo torna a celebrare i due indimenticati artisti con un concerto evento. <\/span><span class=\"x_x_x_x_x_x_x_x_x_x_x_x_x_ContentPasted0\"><b class=\"x_x_x_x_x_x_x_x_x_x_x_x_x_ContentPasted0\">Venerd\u00ec 11 agosto<\/b><\/span><span class=\"x_x_x_x_x_x_x_x_x_x_x_x_x_ContentPasted0\">, alle <\/span><span class=\"x_x_x_x_x_x_x_x_x_x_x_x_x_ContentPasted0\"><b class=\"x_x_x_x_x_x_x_x_x_x_x_x_x_ContentPasted0\">ore 21<\/b><\/span><span class=\"x_x_x_x_x_x_x_x_x_x_x_x_x_ContentPasted0\">, il <\/span><span class=\"x_x_x_x_x_x_x_x_x_x_x_x_x_ContentPasted0\"><b class=\"x_x_x_x_x_x_x_x_x_x_x_x_x_ContentPasted0\">teatro \u2018Lucio Dalla\u2019 di Milo<\/b><\/span><span class=\"x_x_x_x_x_x_x_x_x_x_x_x_x_ContentPasted0\"> torner\u00e0 ad ospitare il tributo a <\/span><span class=\"x_x_x_x_x_x_x_x_x_x_x_x_x_ContentPasted0\"><b class=\"x_x_x_x_x_x_x_x_x_x_x_x_x_ContentPasted0\">Franco Battiato e Lucio Dalla &#8211; Premio Caro amico\u2026ti vengo a cercare<\/b><\/span><span class=\"x_x_x_x_x_x_x_x_x_x_x_x_x_ContentPasted0\">, organizzato dalla Pro Loco di Milo, con il patrocinio del Comune di Milo, dell\u2019Assemblea Regionale Siciliana, dell\u2019assessorato regionale al Turismo, Sport e Spettacolo, e dell\u2019Unpli, Unione Nazionale Pro Loco d\u2019Italia. \u201cPer il secondo anno consecutivo proponiamo un concerto omaggio ai due grandi cantautori legati indissolubilmente a Milo \u2013 dichiara il presidente della Pro Loco di Milo, Alfredo Cavallaro \u2013 La statua che li ritrae in piazza Belvedere \u00e8 stata meta di visitatori per tutto l\u2019anno. Ci\u00f2 significa che avevamo visto bene e che l\u2019obiettivo \u00e8 stato centrato. Anche il concerto dello scorso anno con Morgan \u00e8 stato un grande successo, una serata emozionante caratterizzata dalla bella musica. Ma anche quest\u2019anno \u2013 prosegue &#8211; avremo interpreti di spessore che riproporranno alcuni tra i brani pi\u00f9 amati di Franco Battiato e Lucio Dalla. Sono sicuro che sar\u00e0 un\u2019altra serata emozionante\u201d. <\/span><span class=\"x_x_x_x_x_x_x_x_x_x_x_x_x_ContentPasted0\">\u00a0<\/span><\/p>\n<p class=\"x_x_x_x_x_x_x_x_x_x_x_x_x_MsoNormal\"><img loading=\"lazy\" class=\"size-medium wp-image-42806 alignleft\" src=\"https:\/\/www.radioempire.it\/wp-content\/uploads\/2023\/08\/Statua-Battiato-e-Dalla-1-300x300.jpg\" alt=\"\" width=\"300\" height=\"300\" srcset=\"https:\/\/www.radioempire.it\/wp-content\/uploads\/2023\/08\/Statua-Battiato-e-Dalla-1-300x300.jpg 300w, https:\/\/www.radioempire.it\/wp-content\/uploads\/2023\/08\/Statua-Battiato-e-Dalla-1-150x150.jpg 150w, https:\/\/www.radioempire.it\/wp-content\/uploads\/2023\/08\/Statua-Battiato-e-Dalla-1-768x768.jpg 768w, https:\/\/www.radioempire.it\/wp-content\/uploads\/2023\/08\/Statua-Battiato-e-Dalla-1-188x188.jpg 188w, https:\/\/www.radioempire.it\/wp-content\/uploads\/2023\/08\/Statua-Battiato-e-Dalla-1.jpg 800w\" sizes=\"(max-width: 300px) 100vw, 300px\" \/><\/p>\n<p class=\"x_x_x_x_x_x_x_x_x_x_x_x_x_MsoNoSpacing x_x_x_x_x_x_x_x_x_x_x_x_x_ContentPasted0\"><span class=\"x_x_x_x_x_x_x_x_x_x_x_x_x_ContentPasted0\">La manifestazione, condotta da <\/span><span class=\"x_x_x_x_x_x_x_x_x_x_x_x_x_ContentPasted0\"><b class=\"x_x_x_x_x_x_x_x_x_x_x_x_x_ContentPasted0\">Salvo La Rosa<\/b><\/span><span class=\"x_x_x_x_x_x_x_x_x_x_x_x_x_ContentPasted0\">, vedr\u00e0 protagonista <\/span><span class=\"x_x_x_x_x_x_x_x_x_x_x_x_x_ContentPasted0\"><b class=\"x_x_x_x_x_x_x_x_x_x_x_x_x_ContentPasted0\">Dolcenera<\/b><\/span><span class=\"x_x_x_x_x_x_x_x_x_x_x_x_x_ContentPasted0\">, cantautrice dal timbro vocale inconfondibile. <\/span><span class=\"x_x_x_x_x_x_x_x_x_x_x_x_x_ContentPasted0\">Voce blues tra le pi\u00f9 espressive del panorama musicale italiano<\/span>, interpreter\u00e0 brani di Battiato, come La cura e Centro di gravit\u00e0 permanente, e di Dalla, tra cui L\u2019anno che verr\u00e0 e Disperato erotico stomp. Ad accompagnarla sar\u00e0 <b><span class=\"x_x_x_x_x_x_x_x_x_x_x_x_x_ContentPasted0\">Daniel Zappa<\/span><\/b><span class=\"x_x_x_x_x_x_x_x_x_x_x_x_x_ContentPasted0\">, nella doppia veste di direttore d\u2019orchestra e direttore artistico, con l\u2019<\/span><span class=\"x_x_x_x_x_x_x_x_x_x_x_x_x_ContentPasted0\"><b class=\"x_x_x_x_x_x_x_x_x_x_x_x_x_ContentPasted0\">Ethos<\/b><\/span><span class=\"x_x_x_x_x_x_x_x_x_x_x_x_x_ContentPasted0\"><b class=\"x_x_x_x_x_x_x_x_x_x_x_x_x_ContentPasted0\">Orchestra<\/b><\/span><span class=\"x_x_x_x_x_x_x_x_x_x_x_x_x_ContentPasted0\">, composta da oltre trenta elementi. Interpreteranno alcuni brani anche i solisti Dharma e Simone Romano, due cantautori prodotti dalla MeOSchool di Paolo Li Rosi.<\/span><span class=\"x_x_x_x_x_x_x_x_x_x_x_x_x_ContentPasted0\">\u00a0Il <\/span><span class=\"x_x_x_x_x_x_x_x_x_x_x_x_x_ContentPasted0\">brano \u201cEd io rinasco ancora\u201d\u00a0della cantante modicana Carmela Giann\u00ec, ispirato da Franco Battiato, aprir\u00e0 la serata. Sul palco si esibiranno anche Alexandra Smerando, Claudia Sciuti e Fabrizio Calanna, ballerini professionisti guidati dalla maestra e coreografa Erika Spagnolo. \u201cUn concerto, un&#8217;idea, una memoria, un ricordo che continua a camminare per mantenere viva l\u2019arte di due grandi artisti \u2013 commenta il direttore artistico Daniel Zappa \u2013 Siamo alla seconda edizione di un concerto all&#8217;insegna di brani indimenticabili di due artisti a tutto tondo, musicisti e cantautori, che con le loro canzoni hanno accompagnato pi\u00f9 di una generazione, attraversando generi e stili. La loro arte, impregnata di contenuti dal fortissimo potere terapeutico va promossa e commemorata. I loro brani -prosegue -vanno oltre la superficie per farci rendere conto che ogni canzone che ascoltiamo parla alla nostra parte meno razionale, parla di noi. Per questo motivo vanno mantenute vive e proposte all\u2019ascolto per creare dei veri momenti di illuminazione, di trascendenza. Attraverso la musica il ricordo prende forma. Condividere il palco con un&#8217;artista poliedrica come Dolcenera \u00e8 una grande emozione. La mia orchestra &#8211; conclude Zappa &#8211; \u00e8 pronta per accompagnare il pubblico in questo viaggio al di l\u00e0 del tempo e dello spazio in una cornice come quella di Milo dove quel &#8220;quid&#8221; insondabile di ispirazione prende forma\u201d. Quest\u2019anno la manifestazione si arricchisce di una novit\u00e0, la prima edizione del Premio <\/span><span class=\"x_x_x_x_x_x_x_x_x_x_x_x_x_ContentPasted0\">Caro amico\u2026ti vengo a cercare. \u201cAbbiamo deciso \u2013 prosegue Alfredo Cavallaro \u2013 di conferire un premio ad una eccellenza etnea. Cos\u00ec come Battiato e Dalla hanno rappresentato un\u2019eccellenza nel panorama musicale, vogliamo premiare coloro che si sono distinti ciascuno nel proprio settore di competenza. Il nostro territorio \u2013 conclude &#8211; ha la fortuna di esprimere diversi nomi e noi vogliamo legarli a questa manifestazione dedicata a due grandi maestri\u201d. <\/span><\/p>\n<p class=\"x_x_x_x_x_x_x_x_x_x_x_x_x_MsoNormal\">\n","protected":false},"excerpt":{"rendered":"<p>Ad un anno dall\u2019installazione in piazza Belvedere della statua a grandezza naturale dedicata a Franco Battiato e Lucio Dalla, Milo torna a celebrare i due indimenticati artisti con un concerto<\/p>\n<div><a class=\"permalink\" href=\"https:\/\/www.radioempire.it\/index.php\/2023\/08\/09\/milo-l11-agosto-torna-il-concerto-tributo-a-franco-battiato-e-lucio-dalla-protagonista-della-serata-sara-dolcenera\/\">Read More&#8230;<\/a><\/div>\n","protected":false},"author":2,"featured_media":42805,"comment_status":"closed","ping_status":"closed","sticky":false,"template":"","format":"standard","meta":[],"categories":[3,36],"tags":[],"_links":{"self":[{"href":"https:\/\/www.radioempire.it\/index.php\/wp-json\/wp\/v2\/posts\/42804"}],"collection":[{"href":"https:\/\/www.radioempire.it\/index.php\/wp-json\/wp\/v2\/posts"}],"about":[{"href":"https:\/\/www.radioempire.it\/index.php\/wp-json\/wp\/v2\/types\/post"}],"author":[{"embeddable":true,"href":"https:\/\/www.radioempire.it\/index.php\/wp-json\/wp\/v2\/users\/2"}],"replies":[{"embeddable":true,"href":"https:\/\/www.radioempire.it\/index.php\/wp-json\/wp\/v2\/comments?post=42804"}],"version-history":[{"count":1,"href":"https:\/\/www.radioempire.it\/index.php\/wp-json\/wp\/v2\/posts\/42804\/revisions"}],"predecessor-version":[{"id":42807,"href":"https:\/\/www.radioempire.it\/index.php\/wp-json\/wp\/v2\/posts\/42804\/revisions\/42807"}],"wp:featuredmedia":[{"embeddable":true,"href":"https:\/\/www.radioempire.it\/index.php\/wp-json\/wp\/v2\/media\/42805"}],"wp:attachment":[{"href":"https:\/\/www.radioempire.it\/index.php\/wp-json\/wp\/v2\/media?parent=42804"}],"wp:term":[{"taxonomy":"category","embeddable":true,"href":"https:\/\/www.radioempire.it\/index.php\/wp-json\/wp\/v2\/categories?post=42804"},{"taxonomy":"post_tag","embeddable":true,"href":"https:\/\/www.radioempire.it\/index.php\/wp-json\/wp\/v2\/tags?post=42804"}],"curies":[{"name":"wp","href":"https:\/\/api.w.org\/{rel}","templated":true}]}}