{"id":43013,"date":"2023-08-14T11:42:08","date_gmt":"2023-08-14T11:42:08","guid":{"rendered":"https:\/\/www.radioempire.it\/?p=43013"},"modified":"2023-08-14T11:42:08","modified_gmt":"2023-08-14T11:42:08","slug":"castelbuono-jazz-festival-piazza-castello","status":"publish","type":"post","link":"https:\/\/www.radioempire.it\/index.php\/2023\/08\/14\/castelbuono-jazz-festival-piazza-castello\/","title":{"rendered":"CASTELBUONO JAZZ FESTIVAL  &#8211; Piazza Castello"},"content":{"rendered":"<p><strong>Dal 18 al 26 agosto, nove giorni consecutivi di grande musica jazz, ma anche blues, musica argentina e brasiliana. In programma concerti dedicati ai pi\u00f9 grandi jazzisti di tutti i tempi, a Jonnhy Dorelli, all\u2019opera \u201cJesus Christ Superstar\u201d <\/strong><strong>e, quello conclusivo, dedicato alle donne.<\/strong><\/p>\n<p><strong>\u00a0<\/strong><strong>Il 18 inaugura la Mostra \u201cTutto cominci\u00f2 da Palermo Pop 70\u201d.<\/strong><\/p>\n<p><strong>\u00a0<\/strong><\/p>\n<p>Dopo diverse tappe in giro per la Sicilia, Il <strong>Castelbuono Jazz Festival<\/strong> ritorna nel suo luogo di origine, Piazza Castello a Castelbuono: dal 18 al 26 agosto (inizio concerti ore 22.00 \u2013 biglietto 12 euro per posto unico a sedere; biglietto 7 euro posto libero in Piazza) nove giorni consecutivi di grande musica <strong>jazz<\/strong>, <strong>blues<\/strong>, <strong>musica argentina e brasiliana<\/strong> con<strong> Toquinho, Roy Paci, Chiara Civello, Nicky Nicolai e Stefano Di Battista, Roberto Gatto 4t \u201cMy Secret Place\u201d, Palermo Spiritual Ensemble.<\/strong><\/p>\n<p>In programma anche un concerto in omaggio ai pi\u00f9 grandi jazzisti di tutti i tempi, \u201c<strong>La Notte Del Sax, Da John Coltrane a Fausto Papetti<\/strong>\u201d con <strong>Maurizio Giammarco, Orazio Maugeri, Claudio Giambruno, Rosario Giuliani <\/strong>e una festa per<strong> Jonnhy Dorelli<\/strong> con <strong>Nick La Rocca Orchestra<\/strong>, con ospite <strong>Gianluca Guidi<\/strong>.<\/p>\n<p>A chiudere la 26esima edizione di uno dei festival pi\u00f9 longevi d\u2019Italia, un evento dedicato alle donne &#8211; <strong><em>\u201c\u00c8 soltanto amore\u201d<\/em><\/strong> &#8211; con sei delle cantanti jazz pi\u00f9 apprezzate nel panorama italiano: <strong>Flora Faja, Daria Biancardi, Pamela Barone, Anna Bonomolo, Giuliana Di Liberto, Anita Vitale<\/strong>, con la partecipazione dell\u2019attrice <strong>Clelia Cucco<\/strong>.<\/p>\n<p>&nbsp;<\/p>\n<p>Si parte<strong> venerd\u00ec<\/strong> <strong>18 agosto<\/strong> con <strong>Toquinho <\/strong>(voce e chitarra), accompagnato da <strong>Camilla Faustino<\/strong> (voce), <strong>Dudu Penz<\/strong> (basso) e <strong>Mauro Martins<\/strong> (batteria), con un concerto in omaggio al grande giornalista <strong>Gianni Min\u00e0<\/strong>, originario proprio di Castelbuono. Con il suo timbro caldo e quel tocco delicato sulla chitarra, Toquinho, insieme alla splendida voce della brasiliana <strong>Camilla Faustino,<\/strong> sar\u00e0 protagonista di uno spettacolo di grande fascino che restituisce la \u201csaudade\u201d di Tom Jobim e del suo grande amico e collaboratore Vinicius de Moraes. Un concerto che entra direttamente in quell&#8217;anima poetica della bossa nova e nella magia inconfondibile degli \u201cAfro Sambas\u201d e ripercorre i brani che hanno fatto innamorare il pubblico di tutto il mondo.<\/p>\n<p>Ad anticipare il concerto, alle ore 18.00 (Via Sant\u2019Anna \u2013 Castelbuono, ingresso gratuito) inaugura la <strong>Mostra \u201cTutto cominci\u00f2 da Palermo Pop \u201870\u201d,<\/strong> un percorso fotografico (autori vari), con oltre 50 scatti, ideato dal direttore artistico <strong>Angelo Butera<\/strong> che racconta, a partire da quello che \u00e8 considerato uno degli eventi musicali pi\u00f9 importanti di Palermo del secolo scorso, il Palermo Pop \u201970, la storia artistica, dalla musica al teatro, dal cinema alla danza e allo sport, dai teatri ai luoghi di incontro degli artisti, un periodo d\u2019oro in cui nacquero e si affermarono grandi artisti, sportivi, giornalisti che oggi portano alto il nome della citt\u00e0 di Palermo.<\/p>\n<p>Il giorno dopo, <strong>sabato<\/strong> <strong>19 agosto<\/strong> sul palco <strong>Roberto Gatto 4t \u201cMy Secret Place\u201d,<\/strong> formazione caratterizzata da un\u2019interessante ricerca timbrica, un impeccabile tecnica esecutiva e da un grande calore tipico della cultura mediterranea. Questo fa sicuramente di Roberto Gatto uno dei pi\u00f9 interessanti batteristi e compositori in Europa e nel Mondo. Ad accompagnare Roberto Gatto alla batteria, ci saranno <strong>Alessandro Presti<\/strong> alla tromba, <strong>Alessandro Lanzoni<\/strong> al pianoforte e <strong>Matteo Bortone<\/strong> al contrabbasso.<\/p>\n<p><strong><img loading=\"lazy\" class=\"size-medium wp-image-43015 alignleft\" src=\"https:\/\/www.radioempire.it\/wp-content\/uploads\/2023\/08\/Chiara-Civello_ph-Azzurra-Primavera-2-300x200.jpg\" alt=\"\" width=\"300\" height=\"200\" srcset=\"https:\/\/www.radioempire.it\/wp-content\/uploads\/2023\/08\/Chiara-Civello_ph-Azzurra-Primavera-2-300x200.jpg 300w, https:\/\/www.radioempire.it\/wp-content\/uploads\/2023\/08\/Chiara-Civello_ph-Azzurra-Primavera-2-1024x683.jpg 1024w, https:\/\/www.radioempire.it\/wp-content\/uploads\/2023\/08\/Chiara-Civello_ph-Azzurra-Primavera-2-768x512.jpg 768w, https:\/\/www.radioempire.it\/wp-content\/uploads\/2023\/08\/Chiara-Civello_ph-Azzurra-Primavera-2.jpg 1500w\" sizes=\"(max-width: 300px) 100vw, 300px\" \/>Domenica 20 agosto<\/strong> la scena sar\u00e0 di <strong>Chiara Civello<\/strong> che porter\u00e0 sul palco <strong><em>\u201cSolo Canzoni\u201d<\/em><\/strong> un progetto esclusivo per il <strong>Castelbuono Jazz Festival<\/strong> che l\u2019artista ha concordato con il direttore artistico <strong>Angelo Butera. <\/strong>Tra le pi\u00f9 internazionali delle artiste italiane, Chiara Civello musicalmente \u00e8 sospesa tra il grande jazz e il pop di qualit\u00e0 venato di saporite sfumature latine. Il suo background artistico \u00e8 ricchissimo: dal primo album inciso per la Verve, alle collaborazioni con Burt Bacharach, Ana Carolina, Mark Ribot, Jaques Morelenbaum. Il Brasile e la sua musica negli ultimi anni hanno affascinato la cantante. Proprio a Rio Chiara Civello ha lavorato con Ana Carolina, nuovo astro pop della musica carioca e Diana Tejera. Della Bossa Nova, l\u2019artista italiana ha saputo mutuare il gusto per le atmosfere dolci e malinconiche che riescono a essere una delle cifre che meglio la caratterizzano in concerto.<\/p>\n<p>Spazio anche alla musica contemporanea di argomentazione religiosa: <strong>luned\u00ec 21 agosto<\/strong> si esibir\u00e0 la <strong>Palermo Spiritual Ensemble<\/strong>: il gruppo, che giunge al traguardo dei 30 anni di attivit\u00e0, porter\u00e0 il loro Gospel sul palco le Castelbuono Jazz. La PSE omagger\u00e0 Jesus Christ Superstar, nel cinquantesimo anniversario dall\u2019uscita del film tratto da questa celebre opera. I <strong>Palermo Spiritual Ensemble<\/strong> sono: <strong>Sebastiano Alioto<\/strong> (Batteria), <strong>Diego Spitaleri<\/strong> (Piano), <strong>Dino Pizzuto<\/strong> (tastiere) <strong>Davide Femminino<\/strong> (Basso), <strong>Anna Bonomolo, Gabriella Portallo, Vito De Canzio, Giampiero Militello<\/strong> (Voci). Di loro ha detto <strong>Renzo Arbore<\/strong> <em>&#8220;I Palermo Spiritual Ensemble sono sorprendenti: per bravura, per fedelt\u00e0 ai modelli, per avere assimilato e fatto loro quel &#8216;Blue&#8217; misterioso che ama chi ama questa musica. \u00a0Misteri della Sicilia e dei siciliani&#8221;.<\/em><\/p>\n<p><strong>Marted\u00ec 22 agosto<\/strong> <strong>Roy Paci<\/strong> salir\u00e0 sul palco accompagnato da una straordinaria compagine esecutiva di 10 elementi, nata appositamente per ristabilire <img loading=\"lazy\" class=\"size-medium wp-image-43016 alignleft\" src=\"https:\/\/www.radioempire.it\/wp-content\/uploads\/2023\/08\/Roy-PaciFoto-Antonio-Triolo-300x200.jpg\" alt=\"\" width=\"300\" height=\"200\" srcset=\"https:\/\/www.radioempire.it\/wp-content\/uploads\/2023\/08\/Roy-PaciFoto-Antonio-Triolo-300x200.jpg 300w, https:\/\/www.radioempire.it\/wp-content\/uploads\/2023\/08\/Roy-PaciFoto-Antonio-Triolo-1024x683.jpg 1024w, https:\/\/www.radioempire.it\/wp-content\/uploads\/2023\/08\/Roy-PaciFoto-Antonio-Triolo-768x512.jpg 768w, https:\/\/www.radioempire.it\/wp-content\/uploads\/2023\/08\/Roy-PaciFoto-Antonio-Triolo.jpg 1500w\" sizes=\"(max-width: 300px) 100vw, 300px\" \/>un contatto, con l&#8217;alibi della rivisitazione, con quel mondo sonoro jazzistico tanto caro a Roy Paci, e nel quale la jam session degli strumenti \u00e8 il brodo primordiale. La performance approda in porti diversi e spazier\u00e0 dai successi iconici del repertorio dell\u2019artista, con qualche rarit\u00e0 inedita, a brani degli &#8216;swingatori&#8217; della canzone italiana riarrangiati per l&#8217;occasione, regalando al pubblico un prezioso varco nel tempo. La voce di Roy, per l\u2019occasione in versione crooner siciliano, sar\u00e0 sorretta da una formazione di musicisti tutti di grande valore e arricchita ulteriormente dalla presenza di un quartetto d&#8217;archi: <strong>Roy Paci<\/strong> (voce, tromba, flicorno), <strong>Roberto De Nittis<\/strong> (piano, cori), <strong>Gianmarco Straniero<\/strong> (contrabasso, cori), <strong>Paolo Vicari<\/strong> (batteria, cori), <strong>Martina Romeo<\/strong> (vocalist), <strong>Giuseppe Asaro<\/strong> (sassofono). Quartetto d&#8217;archi: <strong>Massimo Cantone<\/strong> (violino), <strong>Filippo Maggio<\/strong> (violino), <strong>Paolo Pellegrino<\/strong> (violoncello) e <strong>Alessio Corra<\/strong> (viola).<\/p>\n<p>Serata straordinaria, <strong>mercoled\u00ec<\/strong> <strong>23 agosto<\/strong> con <strong>\u201cLa Notte Del Sax, Da John Coltrane a Fausto Papetti<\/strong>\u201d pensata dal direttore artistico Angelo Butera per Castelbuono: quattro dei maggiori sassofonisti italiani &#8211; <strong>Maurizio Giammarco, Orazio Maugeri, Claudio Giambruno, Rosario Giuliani<\/strong> &#8211; faranno un omaggio ai grandi jazzisti di tutti i tempi con una scaletta di brani straordinari.\u00a0 Durante questa serata, in cui sar\u00e0 anche fatto un omaggio a <strong>Fausto Papetti<\/strong>, che ha avuto il merito di far conoscere il sax al grande pubblico negli anni \u201960, sar\u00e0 consegnato il Premio <strong>Marco Tamburini<\/strong> al piccolo <strong>Alfio Russo<\/strong> talento indiscusso del sassofono.<\/p>\n<p><strong>Gioved\u00ec 24 agosto <\/strong>sar\u00e0 la volta di <strong>Nicky Nicolai &amp; Stefano Di Battista<\/strong>, accompagnati da uno straordinario Trio Jazz (<strong>Andrea Rea, Daniele Sorrentino e Luigi Del Prete<\/strong>), sul palco con <strong>Le Mille Bolle Blu<\/strong>, un concerto che ripercorre gli anni d\u2019oro della musica italiana e internazionale interpretati in chiave swing e jazz: da <strong><em>\u201cSe stasera sono qui\u201d<\/em><\/strong> a <strong><em>\u201cNon gioco pi\u00f9\u201d,<\/em><\/strong> da <strong><em>\u201cSe telefonando\u2026\u201d <\/em><\/strong>a <strong><em>\u201cChe sar\u00e0\u201d<\/em><\/strong> fino a <strong><em>\u201cAll my loving\u201d<\/em><\/strong> e <strong><em>\u201cSmoke on the water\u201d<\/em><\/strong> e molti altri ancora. L\u2019inconfondibile voce di Nicky Nicolai e l\u2019estro creativo del sax di Stefano Di Battista, faranno rivivere i grandi successi italiani e internazionali degli anni \u201960 e \u201970. Ospite del concerto <strong>Giacomo Tantillo<\/strong> che ricever\u00e0 la prima targa Nick La Rocca.<\/p>\n<p>Grande \u201c<strong>Festa<\/strong> <strong>per Johnny Dorelli<\/strong>\u201d, <strong>venerd\u00ec 25 agosto<\/strong>, con ospite <strong>Gianluca Guidi<\/strong>: protagonisti della serata sar\u00e0 la neonata <strong>Nick La Rocca Orchestra, <\/strong>organico di 18 elementi che spazier\u00e0 tra le pi\u00f9 belle composizioni del \u2018900, diretta dallo straordinario <strong>Maestro Bruno Biriaco<\/strong>. Anche a Castelbuono la voce solista sar\u00e0 quella di Giuliana Di Liberto.<\/p>\n<p>L\u2019evento conclusivo, <strong>sabato 26 agosto<\/strong>, sar\u00e0 dedicato al concerto <strong><em>\u201c\u00c8 soltanto amore\u201d<\/em><\/strong> con sei delle cantanti jazz pi\u00f9 apprezzate nel panorama italiano: <strong>Flora Faja, Daria Biancardi, Pamela Barone, Anna Bonomolo, Giuliana Di Liberto, Anita Vitale<\/strong>, con la partecipazione dell\u2019attrice <strong>Clelia Cucco<\/strong>. Un concerto dedicato alle donne dalle donne. Alla loro professionalit\u00e0 alla loro libert\u00e0 al rispetto per le donne. Sar\u00e0 l\u2019attrice Clelia Cucco a concludere il concerto recitando un monologo di Bartezzaghi dedicato alle donne.<\/p>\n<p>Dopo quello svoltosi a Terrasini, spazio al secondo convegno che si terr\u00e0 <strong>luned\u00ec 21 agosto<\/strong> a Castelbuono (Atrio San Francesco). Il titolo dell\u2019open forum \u00e8 <strong><em>\u201cDicembre in Sicilia\u201d <\/em><\/strong>ed in questo caso sar\u00e0 la giornalista <strong>Michela Giuffrida<\/strong> a fare da moderatrice. Per l\u2019occasione, a Castelbuono sar\u00e0 presente l&#8217;assessore regionale al turismo Elvira Amata, saranno invitati altri organi istituzionali ed i Sindaci siciliani.<\/p>\n<p>Palermo, 14 agosto 2023<\/p>\n<p><strong>Resp comunicazione: Gabriele Lo Piccolo \u2013 <a href=\"mailto:info@gabrielelopiccolo.it\">info@gabrielelopiccolo.it<\/a> &#8211; 3204424268<\/strong><\/p>\n<p>&nbsp;<\/p>\n","protected":false},"excerpt":{"rendered":"<p>Dal 18 al 26 agosto, nove giorni consecutivi di grande musica jazz, ma anche blues, musica argentina e brasiliana. In programma concerti dedicati ai pi\u00f9 grandi jazzisti di tutti i<\/p>\n<div><a class=\"permalink\" href=\"https:\/\/www.radioempire.it\/index.php\/2023\/08\/14\/castelbuono-jazz-festival-piazza-castello\/\">Read More&#8230;<\/a><\/div>\n","protected":false},"author":2,"featured_media":43014,"comment_status":"closed","ping_status":"closed","sticky":false,"template":"","format":"standard","meta":[],"categories":[36,78],"tags":[],"_links":{"self":[{"href":"https:\/\/www.radioempire.it\/index.php\/wp-json\/wp\/v2\/posts\/43013"}],"collection":[{"href":"https:\/\/www.radioempire.it\/index.php\/wp-json\/wp\/v2\/posts"}],"about":[{"href":"https:\/\/www.radioempire.it\/index.php\/wp-json\/wp\/v2\/types\/post"}],"author":[{"embeddable":true,"href":"https:\/\/www.radioempire.it\/index.php\/wp-json\/wp\/v2\/users\/2"}],"replies":[{"embeddable":true,"href":"https:\/\/www.radioempire.it\/index.php\/wp-json\/wp\/v2\/comments?post=43013"}],"version-history":[{"count":1,"href":"https:\/\/www.radioempire.it\/index.php\/wp-json\/wp\/v2\/posts\/43013\/revisions"}],"predecessor-version":[{"id":43017,"href":"https:\/\/www.radioempire.it\/index.php\/wp-json\/wp\/v2\/posts\/43013\/revisions\/43017"}],"wp:featuredmedia":[{"embeddable":true,"href":"https:\/\/www.radioempire.it\/index.php\/wp-json\/wp\/v2\/media\/43014"}],"wp:attachment":[{"href":"https:\/\/www.radioempire.it\/index.php\/wp-json\/wp\/v2\/media?parent=43013"}],"wp:term":[{"taxonomy":"category","embeddable":true,"href":"https:\/\/www.radioempire.it\/index.php\/wp-json\/wp\/v2\/categories?post=43013"},{"taxonomy":"post_tag","embeddable":true,"href":"https:\/\/www.radioempire.it\/index.php\/wp-json\/wp\/v2\/tags?post=43013"}],"curies":[{"name":"wp","href":"https:\/\/api.w.org\/{rel}","templated":true}]}}