{"id":43121,"date":"2023-08-16T15:24:41","date_gmt":"2023-08-16T15:24:41","guid":{"rendered":"https:\/\/www.radioempire.it\/?p=43121"},"modified":"2023-08-16T19:25:35","modified_gmt":"2023-08-16T19:25:35","slug":"nicolo-carnesi-dal-vivo-questestate-i-prossimi-appuntamenti-19-08-trapani-20-08-catania","status":"publish","type":"post","link":"https:\/\/www.radioempire.it\/index.php\/2023\/08\/16\/nicolo-carnesi-dal-vivo-questestate-i-prossimi-appuntamenti-19-08-trapani-20-08-catania\/","title":{"rendered":"NICOL\u00d2 CARNESI DAL VIVO QUEST&#8217;ESTATE &#8211; I PROSSIMI APPUNTAMENTI: 19\/08 TRAPANI; 20\/08 CATANIA"},"content":{"rendered":"<table role=\"presentation\" border=\"0\" width=\"100%\" cellspacing=\"0\" cellpadding=\"10\">\n<tbody>\n<tr>\n<td>\n<div>\n<div>\n<p><strong>NICOL\u00d2 CARNESI<\/strong><\/p>\n<p><strong>QUEST&#8217;ESTATE IN TOUR<\/strong><\/p>\n<p><strong>GLI APPUNTAMENTI<\/strong><\/p>\n<\/div>\n<p>&nbsp;<\/p>\n<div>\n<p>19.08 \u2013\u00a0<strong>PETROSINO (TP)<\/strong>\u00a0\u2013 Rockarossa Music Fest<\/p>\n<p>20.08 \u2013\u00a0<strong>GIARRE<\/strong>\u00a0<strong>(CT)\u00a0<\/strong>\u2013 Fuorisalotto sull\u2019Etna<br \/>\n25.08 \u2013\u00a0<strong>PALERMO<\/strong>\u00a0\u2013 Villa Filippina<\/p>\n<\/div>\n<\/div>\n<\/td>\n<\/tr>\n<\/tbody>\n<\/table>\n<table role=\"presentation\" border=\"0\" width=\"100%\" cellspacing=\"0\" cellpadding=\"10\">\n<tbody>\n<tr>\n<td>\n<div>\n<div>\n<p>Nicol\u00f2 Carnesi prosegue la stagione estiva con una serie di nuovi appuntamenti dal vivo in giro per l\u2019Italia.<\/p>\n<p>&nbsp;<\/p>\n<p>Autore ironico e disincantato, dopo aver pubblicato nel 2022 la riedizione per i 10 anni de \u201cGli eroi non escono il sabato\u201d, l\u2019esordio discografico che lo ha fatto notare da pubblico e critica, riarrangiato e arricchito da numerosi featuring con artisti come Dente, Dimartino, Lo Stato Sociale e Brunori SAS, Carnesi \u00e8 tornato lo scorso 16 giugno con il brano \u201cDinamite\u201d, una ballata esistenzialista dal gusto volutamente retr\u00f2 che anticipa il suo prossimo album d\u2019inediti.<\/p>\n<p>&nbsp;<\/p>\n<p>\u201cDinamite\u201d \u00e8 un bilancio degli ultimi anni in cui delusione e felicit\u00e0 personale si scontrano con le grandi problematiche che hanno condizionato la societ\u00e0, dalla pandemia ai conflitti bellici, un piccolo viaggio introspettivo e malinconico che conferma ancora una volta le capacit\u00e0 di scrittura di uno dei nomi pi\u00f9 ispirati della nuova generazione di cantautori italiani.<\/p>\n<p>&nbsp;<\/p>\n<p><strong>NICOL\u00d2 CARNESI RACCONTA IL NUOVO SINGOLO \u201cDINAMITE\u201d<\/strong><\/p>\n<p><em>Il tempo che passa, le storie che mutano, i ricordi si sovrappongono mentre il mondo post pandemico si apre a scenari bellici dal sapore anacronistico, il contrasto tra il mondo interiore e quello che si palesa ai sensi.<\/em><\/p>\n<p><em>\u201cDinamite\u201d diventa metafora di un sentimento effimero e totalizzante come la felicit\u00e0, che pu\u00f2 esplodere in un<\/em><\/p>\n<p><em>attimo e diventare nostalgia nell\u2019eterno ricorrere dei nostri pensieri e ricordi.<\/em><\/p>\n<p><em>Il ricordo \u00e8 passato e contemporaneo allo stesso tempo perch\u00e9 rivissuto nel presente.<\/em><\/p>\n<p><em>Questa dualit\u00e0 in \u201cDinamite\u201d si esplicita anche nella scelta compositiva, nei suoi dichiarati rimandi agli arrangiamenti del passato che convivono con riferimenti attuali.<\/em><\/p>\n<p>&nbsp;<\/p>\n<p><strong>CREDITI &#8211; \u201cDINAMITE\u201d<\/strong><\/p>\n<p>Scritto da Nicol\u00f2 Carnesi<\/p>\n<p>Eseguito da Nicol\u00f2 Carnesi<\/p>\n<p>Prodotto da Nicol\u00f2 Carnesi e Pietro Paroletti<\/p>\n<p>Registrato e missatto da Pietro Paroletti presso Il Mudo Studio di Roma<\/p>\n<p>Registrazioni addizionali a cura di Nicol\u00f2 Carnesi presso il suo home studio a Bologna<\/p>\n<p>Masterizzato da Francesco Brini presso lo Spectrum Studio di Bologna<\/p>\n<p>Progetto grafico di Stefano Bazzano<\/p>\n<p>&nbsp;<\/p>\n<p><strong>Etichetta:<\/strong>\u00a0Garrincha dischi, Manita Dischi<br \/>\n<strong>Distribuzione:<\/strong>\u00a0Believe<strong><br \/>\nUfficio stampa e Promozione:<\/strong>\u00a0Big Time \u2013\u00a0<a href=\"mailto:pressoff@bigtimeweb.it\" target=\"_blank\" rel=\"noopener\">pressoff@bigtimeweb.it<\/a><\/p>\n<p><strong>Edizioni:<\/strong>\u00a0Garrincha Dischi e Big Time Edimusica<\/p>\n<p><strong>Booking:\u00a0<\/strong>Altini Cose &#8211;\u00a0<a href=\"mailto:alitinicose@gmail.com\" target=\"_blank\" rel=\"noopener\">alitinicose@gmail.com<\/a><\/p>\n<p><strong>\u00a0<\/strong><\/p>\n<p>&nbsp;<\/p>\n<p><strong>NICOL\u00d2 CARNESI \u2013 BIOGRAFIA<\/strong><\/p>\n<p><strong>\u00a0<\/strong><\/p>\n<p>Nicol\u00f2 Carnesi fa parlare di s\u00e9 fin dal suo esordio, poco pi\u00f9 che ventenne, nel 2012. Di origine palermitana, in poco tempo attira le attenzioni di addetti ai lavori, stampa, musicisti affermati, discografici (fino a ottenere un contratto come autore per Warner Chappell) per la sua incredibile capacit\u00e0 comunicativa e un approccio ironico, personalissimo e disincantato alla quotidianit\u00e0.<\/p>\n<p>&nbsp;<\/p>\n<p>Autore di canzoni dai testi acuti, sottili e cinici che viaggiano su sonorit\u00e0 elettroacustiche influenzate dalla tradizione italiana e dal british pop degli anni \u201980, Nicol\u00f2 Carnesi ha esordito con un album dalle molte sfaccettature, proponendosi ora come cantautore nella tradizione nazionale, ora come funambolico creatore di brani di blues elettronico, ora come autore lirico e contemporaneo.<\/p>\n<p>&nbsp;<\/p>\n<p>Dopo la pubblicazione del singolo \u201cIl Colpo\u201d e dell\u2019ep \u201cHo poca fantasia\u201d, Carnesi pubblica nel 2012 \u201cGli eroi non escono il sabato\u201d, il suo primo album, arricchito dalla collaborazione con Brunori SAS nel brano \u201cMi sono perso a Zanzibar\u201d. L\u2019album conferma il suo eclettismo, quello che potrebbe diventare un vero e proprio marchio di fabbrica: Nicol\u00f2 applica una continua rielaborazione dei diversi generi musicali in cui gli originali vengono svuotati della loro identit\u00e0, smontati e ridotti a tessere per un collage di suoni, melodie e riferimenti.<\/p>\n<p>&nbsp;<\/p>\n<p>Segue un lungo tour con oltre 200 concerti in tutta Italia.<\/p>\n<p>&nbsp;<\/p>\n<p>Nel 2014 il secondo album \u201cHo una galassia nell\u2019armadio\u201d (Candidato al Premio Tenco 2014) vede la collaborazione di Tommaso Colliva alla produzione, synth e vibrafono, Roberto Angelini alla slide, Rodrigo D\u2019Erasmo agli archi, i Selton alle ritmiche e Dimartino al basso.<\/p>\n<p>&nbsp;<\/p>\n<p>Segue un nuovo tour come special guest di Brunori SAS nei club pi\u00f9 prestigiosi d\u2018Italia e oltre cento date che si festeggiano a Milano con un ultimo appuntamento insieme a le Luci della centrale elettrica, Dente e i Selton.<\/p>\n<p>&nbsp;<\/p>\n<p>Il terzo album \u2013 \u201cBellissima Noia\u201d \u2013 arriva nel 2016 che conferma l\u2019apprezzamento della critica, incantata dall\u2019eleganza e dalla virtuosit\u00e0 dell\u2019artista.<\/p>\n<p>&nbsp;<\/p>\n<p>Tra le molteplici collaborazioni del cantautore, si citano quelle con Brunori SAS, Lo Stato Sociale, Dente, Dimartino, Luci della Centrale elettrica, Appino (The Zen Circus).<\/p>\n<p>&nbsp;<\/p>\n<p>Nel giugno 2019 Nicol\u00f2 Carnesi pubblica il singolo e video \u201cSpogliati\u201d, che vede l\u2019amichevole partecipazione di Brunori SAS.<\/p>\n<p>&nbsp;<\/p>\n<p>Link al videoclip del brano \u201cSpogliati\u201d su Youtube:\u00a0<a href=\"https:\/\/bigtimeedimusicasnc.musvc2.net\/e\/tr?q=A%3d2aCf8a%26q%3dY%26o%3dWEd0%26K%3d6a8cE%26S%3diPyNt_NV1Q_YF_PRyU_ZG_NV1Q_XKUxS.4MvPz0f.9tK_swXx_3l29u9m_PRyU_aGR_wyTv_8lJuWBghjC1GR%26B%3dnQxTdX.sCu%26Ex%3dY4e7%26Rt%3dXEZ4fCh9fDa2X6%26F%3d0Agb8dkc7AAd47EA9Yhc7Wgdd0Af4Y70fbkfb9Ed4a7g9eiYcahZ4eBBg8AA579b7f7Y&amp;mupckp=mupAtu4m8OiX0wt\" target=\"_blank\" rel=\"noopener\" data-saferedirecturl=\"https:\/\/www.google.com\/url?q=https:\/\/bigtimeedimusicasnc.musvc2.net\/e\/tr?q%3DA%253d2aCf8a%2526q%253dY%2526o%253dWEd0%2526K%253d6a8cE%2526S%253diPyNt_NV1Q_YF_PRyU_ZG_NV1Q_XKUxS.4MvPz0f.9tK_swXx_3l29u9m_PRyU_aGR_wyTv_8lJuWBghjC1GR%2526B%253dnQxTdX.sCu%2526Ex%253dY4e7%2526Rt%253dXEZ4fCh9fDa2X6%2526F%253d0Agb8dkc7AAd47EA9Yhc7Wgdd0Af4Y70fbkfb9Ed4a7g9eiYcahZ4eBBg8AA579b7f7Y%26mupckp%3DmupAtu4m8OiX0wt&amp;source=gmail&amp;ust=1692269126093000&amp;usg=AOvVaw09BdAWAyMltRN1CFrcWY2r\">https:\/\/www.youtube.com\/watch?<wbr \/>v=IORdfBeezkM<\/a><\/p>\n<p>&nbsp;<\/p>\n<p>A ottobre 2019 esce \u201cHo bisogno di dirti domani\u201d, il quarto album di inediti, presentato in numerose trasmissioni televisive e radiofoniche di qualit\u00e0 e con interviste e recensioni su diverse testate generaliste e di settore e sui principali magazine online, ottenendo un forte riscontro da parte della critica.<\/p>\n<p>&nbsp;<\/p>\n<p>Nel 2021 pubblica gli inediti \u201cVirtuale\u201d e \u201cConsumati\u201d.<\/p>\n<p>Link al videoclip del brano \u201cVirtuale\u201d:\u00a0<a href=\"https:\/\/bigtimeedimusicasnc.musvc2.net\/e\/tr?q=8%3dObUcUb%269%3dV%26B%3dXWaW%26L%3dNXUdW%26P%3d6QGKG_Onxn_ZX_Mozm_Wd_Onxn_YcRKT.LJIQH73.0BH_Fxpu_PmJ6H05_Mozm_XdS_Evqw_PiboUTJYecVuz%269%3dARFQ1Y.A0H%26FF%3dVQfO%26OG%3dYWWQgUeVgVXOYN%26C%3dX0N6UdNbWcVcQYRezexXyZ16ObyWXeT81ZNVW9VcSYVa4YUb2BUZPaTAVANZVX6y8x28&amp;mupckp=mupAtu4m8OiX0wt\" target=\"_blank\" rel=\"noopener\" data-saferedirecturl=\"https:\/\/www.google.com\/url?q=https:\/\/bigtimeedimusicasnc.musvc2.net\/e\/tr?q%3D8%253dObUcUb%25269%253dV%2526B%253dXWaW%2526L%253dNXUdW%2526P%253d6QGKG_Onxn_ZX_Mozm_Wd_Onxn_YcRKT.LJIQH73.0BH_Fxpu_PmJ6H05_Mozm_XdS_Evqw_PiboUTJYecVuz%25269%253dARFQ1Y.A0H%2526FF%253dVQfO%2526OG%253dYWWQgUeVgVXOYN%2526C%253dX0N6UdNbWcVcQYRezexXyZ16ObyWXeT81ZNVW9VcSYVa4YUb2BUZPaTAVANZVX6y8x28%26mupckp%3DmupAtu4m8OiX0wt&amp;source=gmail&amp;ust=1692269126093000&amp;usg=AOvVaw1nznm1CCOaId4vl_bybNCc\">https:\/\/www.youtube.com\/watch?<wbr \/>v=DH8yv2H88Nc<\/a><\/p>\n<p>&nbsp;<\/p>\n<p>Nel 2022, per i 10 anni dal disco d\u2019esordio \u201cGli eroi non escono il sabato\u201d, annuncia la pubblicazione di un\u2019edizione speciale del disco arricchita<strong>\u00a0<\/strong>da preziose collaborazioni. Il singolo apripista della riedizione \u00e8 il brano \u201cLevati\u201d con Dente, seguito da \u201cKinder cereali all\u2019amianto\u201d con i Fast Animals and Slow Kids e da \u201cPenelope, spara!\u201d con Dimartino. La riedizione \u00e8 uscita il 17 giugno 2022 per Garrincha Dischi \u2013 Manita Dischi.<\/p>\n<\/div>\n<\/div>\n<\/td>\n<\/tr>\n<\/tbody>\n<\/table>\n","protected":false},"excerpt":{"rendered":"<p>NICOL\u00d2 CARNESI QUEST&#8217;ESTATE IN TOUR GLI APPUNTAMENTI &nbsp; 19.08 \u2013\u00a0PETROSINO (TP)\u00a0\u2013 Rockarossa Music Fest 20.08 \u2013\u00a0GIARRE\u00a0(CT)\u00a0\u2013 Fuorisalotto sull\u2019Etna 25.08 \u2013\u00a0PALERMO\u00a0\u2013 Villa Filippina Nicol\u00f2 Carnesi prosegue la stagione estiva con una<\/p>\n<div><a class=\"permalink\" href=\"https:\/\/www.radioempire.it\/index.php\/2023\/08\/16\/nicolo-carnesi-dal-vivo-questestate-i-prossimi-appuntamenti-19-08-trapani-20-08-catania\/\">Read More&#8230;<\/a><\/div>\n","protected":false},"author":2,"featured_media":43122,"comment_status":"closed","ping_status":"closed","sticky":false,"template":"","format":"standard","meta":[],"categories":[36,78],"tags":[],"_links":{"self":[{"href":"https:\/\/www.radioempire.it\/index.php\/wp-json\/wp\/v2\/posts\/43121"}],"collection":[{"href":"https:\/\/www.radioempire.it\/index.php\/wp-json\/wp\/v2\/posts"}],"about":[{"href":"https:\/\/www.radioempire.it\/index.php\/wp-json\/wp\/v2\/types\/post"}],"author":[{"embeddable":true,"href":"https:\/\/www.radioempire.it\/index.php\/wp-json\/wp\/v2\/users\/2"}],"replies":[{"embeddable":true,"href":"https:\/\/www.radioempire.it\/index.php\/wp-json\/wp\/v2\/comments?post=43121"}],"version-history":[{"count":1,"href":"https:\/\/www.radioempire.it\/index.php\/wp-json\/wp\/v2\/posts\/43121\/revisions"}],"predecessor-version":[{"id":43123,"href":"https:\/\/www.radioempire.it\/index.php\/wp-json\/wp\/v2\/posts\/43121\/revisions\/43123"}],"wp:featuredmedia":[{"embeddable":true,"href":"https:\/\/www.radioempire.it\/index.php\/wp-json\/wp\/v2\/media\/43122"}],"wp:attachment":[{"href":"https:\/\/www.radioempire.it\/index.php\/wp-json\/wp\/v2\/media?parent=43121"}],"wp:term":[{"taxonomy":"category","embeddable":true,"href":"https:\/\/www.radioempire.it\/index.php\/wp-json\/wp\/v2\/categories?post=43121"},{"taxonomy":"post_tag","embeddable":true,"href":"https:\/\/www.radioempire.it\/index.php\/wp-json\/wp\/v2\/tags?post=43121"}],"curies":[{"name":"wp","href":"https:\/\/api.w.org\/{rel}","templated":true}]}}