{"id":43152,"date":"2023-08-16T16:09:57","date_gmt":"2023-08-16T16:09:57","guid":{"rendered":"https:\/\/www.radioempire.it\/?p=43152"},"modified":"2023-08-16T19:14:26","modified_gmt":"2023-08-16T19:14:26","slug":"milo-ct-successo-di-pubblico-per-lomaggio-a-battiato-e-dalla-premio-al-cavaliere-benanti-cavallaro-ha-dato-tanto-al-territorio","status":"publish","type":"post","link":"https:\/\/www.radioempire.it\/index.php\/2023\/08\/16\/milo-ct-successo-di-pubblico-per-lomaggio-a-battiato-e-dalla-premio-al-cavaliere-benanti-cavallaro-ha-dato-tanto-al-territorio\/","title":{"rendered":"Milo (CT), successo di pubblico per l\u2019omaggio a Battiato e Dalla."},"content":{"rendered":"<p><strong>Premio al cavaliere Benanti. Cavallaro: \u201cHa dato tanto al territorio\u201d<\/strong><\/p>\n<p>Atmosfera emozionante, musica di qualit\u00e0 e grande successo di pubblico sono stati gli elementi che hanno caratterizzato l&#8217;evento tributo dedicato a due icone indimenticabili della musica italiana, Franco Battiato e Lucio Dalla, che avevano scelto Milo (CT) per acquistare casa. L&#8217;emozione e la gratitudine per il loro lascito artistico continuano ad appassionare e coinvolgere il pubblico. E per celebrare l&#8217;eredit\u00e0 musicale di questi due indimenticabili artisti, ieri sera, il Teatro Lucio Dalla di Milo, che ha registrato il tutto esaurito, \u00e8 stato di nuovo il palcoscenico della serata evento a loro dedicata. Un concerto, atteso dal pubblico, organizzato dalla Pro Loco di Milo, con il patrocinio del Comune di Milo, dell&#8217;Assemblea Regionale Siciliana, dell&#8217;assessorato regionale al Turismo, Sport e Spettacolo, e dell&#8217;Unpli, l&#8217;Unione Nazionale Pro Loco d&#8217;Italia. La serata, condotta con la consueta padronanza del palco e con l\u2019inconfondibile garbo da Salvo La Rosa, ha visto Dolcenera, la cantautrice dal timbro vocale inconfondibile, attesa e indiscussa protagonista. La cantante e polistrumentista pugliese, ha dominato il palco iniziando il suo spettacolo cantando le sue canzoni pi\u00f9 famose. Con il brano intimo \u2018Mai Pi\u00f9 Noi Due\u2019 Dolcenera ha iniziato il viaggio musicale emozionante e coinvolgente attraverso il repertorio che l\u2019ha consacrata come artista indiscussa del panorama italiano. Tra le canzoni pi\u00f9 coinvolgenti \u2018Com&#8217;\u00e8 straordinaria la vita\u2019 e \u2018Siamo tutti l\u00e0 fuori\u2019. E poi ancora le note di \u2018Fino a Domani\u2019 e \u2018Ci vediamo a casa\u2019 hanno risuonato nel teatro offrendo un grande spettacolo. Dolcenera ha regalato al pubblico una performance sincera e appassionata anche con \u2018Amaremare\u2019, canzone che ha catturato l&#8217;essenza della serata. Infine, interpretando alcuni tra i brani pi\u00f9 amati e attesi dal pubblico, la cantautrice ha trasportato il pubblico in un mondo di emozioni profonde, ricordando l&#8217;amore e l&#8217;ispirazione che Lucio Dalla e Franco Battiato hanno portato nel mondo della musica. Tra le canzoni Interpretate: \u2018Cuccuruccucu\u2019, \u2018Disperato erotico stomp\u2019, \u2018Bandiera bianca\u2019, \u2018La Cura\u2019. Coinvolgenti anche le performance de \u201cL\u2019anno che verr\u00e0\u201d e \u201cCentro di gravit\u00e0 permanente\u201d.<\/p>\n<p>&nbsp;<\/p>\n<p>Ad accompagnare Dolcenera, nella doppia veste di direttore d&#8217;orchestra e direttore artistico, \u00e8 stato Daniel Zappa, con l&#8217;EthosOrchestra, una formazione composta da oltre trenta elementi. Anche i solisti Dharma e Simone Romano, due talentuosi cantautori prodotti dalla MeOSchool di Paolo Li Rosi, hanno incantato il pubblico con le loro esibizioni. Hanno acceso il pubblico con i grandi successi di Lucio Dalla come &#8220;Balla balla ballerino&#8221;, \u201cLa sera dei miracoli\u201d, \u201c4 Marzo\u201d, \u201cPiazza grande\u201d e l\u2019immancabile \u201cCaruso\u201d, un omaggio ad una canzone immortale come l\u2019arte del cantautore bolognese. Un tocco di vitalit\u00e0 e sfrontatezza \u00e8 arrivato con il ritmo coinvolgente di &#8220;Attenti al lupo&#8221;. L&#8217;energia contagiosa di questa canzone, eseguita con passione da Simone e Dharma, ha coinvolto un\u00a0pubblico\u00a0appassionato e partecipe. Le voci unite del coro hanno aggiunto un tocco di autenticit\u00e0 e tradizione alla serata, con l\u2019intermezzo straordinario di \u2018Stranizza d&#8217;amuri\u2019.<\/p>\n<p>Ma il concerto tributo ha regalato anche la performance intensa e coinvolgente di \u2018Gli uccelli\u2019 e \u2018Veni l&#8217;autunnu\u2019 con la voce di Daniel Zappa che ha catturato l&#8217;essenza eterea di queste canzoni iconiche. Un omaggio sentito a Battiato e alla sua capacit\u00e0 di evocare immagini poetiche attraverso la musica.\u00a0La serata ha vissuto un primo momento emozionante con l&#8217;esecuzione del brano \u2018Ed io rinasco ancora\u2019, ispirato da Franco Battiato, cantato dalla talentuosa cantante modicana Carmela Giann\u00ec, che ha aperto la serata.\u00a0La manifestazione ha anche visto la partecipazione dei talentuosi ballerini professionisti Alexandra Smerando, Claudia Sciuti e Fabrizio Calanna, guidati dalla maestra e coreografa Erika Spagnolo.<\/p>\n<p>&nbsp;<\/p>\n<p>Una novit\u00e0 ha aggiunto ulteriore prestigio all&#8217;evento di quest&#8217;anno: la prima edizione del \u201cPremio Caro amico\u2026ti vengo a cercare\u201d,\u00a0 riconoscimento conferito a personalit\u00e0 di spicco che si sono distinte nel mondo per i risultati raggiunti nel proprio ambito di competenza.<\/p>\n<p>\u201cImprenditore illuminato, mecenate ed interprete lungimirante delle potenzialit\u00e0 del territorio, per il suo grande contributo allo sviluppo ed al successo della viticoltura milese ed etnea\u201d, con questa motivazione il premio quest\u2019anno \u00e8 stato assegnato al cavaliere Giuseppe Benanti, scomparso lo scorso febbraio. L&#8217;imprenditore, attivo nel campo farmaceutico, mostr\u00f2 un profondo interesse per la valorizzazione dei prodotti vitivinicoli dell&#8217;area vulcanica siciliana. Una passione che lo port\u00f2 a fondare la propria azienda vinicola. A consegnare il premio alla moglie Carmen Benanti sono stati il presidente e il vicepresidente della Pro Loco di Milo, rispettivamente Alfredo Cavallaro e Giovanni Strano. \u201cAd un anno dall\u2019installazione della statua di Battiato e Dalla nella cornice di piazza Belvedere, era d\u2019obbligo continuare con questa esperienza e con questo evento. Il nostro obiettivo &#8211; ha commentato Cavallaro &#8211; \u00e8 quello di ripeterlo ogni anno, facendolo diventare un appuntamento fisso. Accanto allo spettacolo musicale da quest\u2019anno abbiamo istituito il \u2018Premio Caro amico..ti vengo a cercare\u2019 per premiate personalit\u00e0 che si sono distinte nel rappresentare l\u2019Etna e Milo nel mondo. In questa edizione abbiamo premiato il Cavaliere Benanti, un uomo che ha dato tanto al nostro territorio e al comparto vitivinicolo\u201d. Il presidente della Pro Loco ha espresso gratitudine e stima anche alla cantante Dolcenera. \u201cLa scelta di Dolcenera \u00e8 stata vincente perch\u00e9 si tratta di una grande professionista, piena di talento ma anche umanit\u00e0. L\u2019estate milese \u2013 ha infine annunciato Cavallaro &#8211; non si conclude con la serata dedicata a Battiato e Dalla ma continuer\u00e0 con tanti appuntamenti, tra cui l\u2019imperdibile ViniMilo, in programma a partire dal 28 agosto\u201d.<\/p>\n","protected":false},"excerpt":{"rendered":"<p>Premio al cavaliere Benanti. Cavallaro: \u201cHa dato tanto al territorio\u201d Atmosfera emozionante, musica di qualit\u00e0 e grande successo di pubblico sono stati gli elementi che hanno caratterizzato l&#8217;evento tributo dedicato<\/p>\n<div><a class=\"permalink\" href=\"https:\/\/www.radioempire.it\/index.php\/2023\/08\/16\/milo-ct-successo-di-pubblico-per-lomaggio-a-battiato-e-dalla-premio-al-cavaliere-benanti-cavallaro-ha-dato-tanto-al-territorio\/\">Read More&#8230;<\/a><\/div>\n","protected":false},"author":2,"featured_media":43153,"comment_status":"closed","ping_status":"closed","sticky":false,"template":"","format":"standard","meta":[],"categories":[3,36],"tags":[],"_links":{"self":[{"href":"https:\/\/www.radioempire.it\/index.php\/wp-json\/wp\/v2\/posts\/43152"}],"collection":[{"href":"https:\/\/www.radioempire.it\/index.php\/wp-json\/wp\/v2\/posts"}],"about":[{"href":"https:\/\/www.radioempire.it\/index.php\/wp-json\/wp\/v2\/types\/post"}],"author":[{"embeddable":true,"href":"https:\/\/www.radioempire.it\/index.php\/wp-json\/wp\/v2\/users\/2"}],"replies":[{"embeddable":true,"href":"https:\/\/www.radioempire.it\/index.php\/wp-json\/wp\/v2\/comments?post=43152"}],"version-history":[{"count":2,"href":"https:\/\/www.radioempire.it\/index.php\/wp-json\/wp\/v2\/posts\/43152\/revisions"}],"predecessor-version":[{"id":43164,"href":"https:\/\/www.radioempire.it\/index.php\/wp-json\/wp\/v2\/posts\/43152\/revisions\/43164"}],"wp:featuredmedia":[{"embeddable":true,"href":"https:\/\/www.radioempire.it\/index.php\/wp-json\/wp\/v2\/media\/43153"}],"wp:attachment":[{"href":"https:\/\/www.radioempire.it\/index.php\/wp-json\/wp\/v2\/media?parent=43152"}],"wp:term":[{"taxonomy":"category","embeddable":true,"href":"https:\/\/www.radioempire.it\/index.php\/wp-json\/wp\/v2\/categories?post=43152"},{"taxonomy":"post_tag","embeddable":true,"href":"https:\/\/www.radioempire.it\/index.php\/wp-json\/wp\/v2\/tags?post=43152"}],"curies":[{"name":"wp","href":"https:\/\/api.w.org\/{rel}","templated":true}]}}