{"id":43251,"date":"2023-08-18T14:18:11","date_gmt":"2023-08-18T14:18:11","guid":{"rendered":"https:\/\/www.radioempire.it\/?p=43251"},"modified":"2023-08-18T14:18:11","modified_gmt":"2023-08-18T14:18:11","slug":"citta-metropolitana-e-messinaservizi-effettueranno-a-partire-da-lunedi-la-bonifica-dei-rifiuti-sulla-strada-panoramica-dello-stretto","status":"publish","type":"post","link":"https:\/\/www.radioempire.it\/index.php\/2023\/08\/18\/citta-metropolitana-e-messinaservizi-effettueranno-a-partire-da-lunedi-la-bonifica-dei-rifiuti-sulla-strada-panoramica-dello-stretto\/","title":{"rendered":"Citt\u00e0 Metropolitana e Messinaservizi effettueranno a partire da luned\u00ec la bonifica dei rifiuti sulla Strada Panoramica dello Stretto"},"content":{"rendered":"<div><span style=\"font-size: 10pt; color: #0000ff;\"><strong>Le riduzioni di corsia saranno in vigore a partire da luned\u00ec 21 agosto, dalle ore 14.30 in poi.<\/strong><\/span><\/div>\n<div><\/div>\n<div>La Citt\u00e0 Metropolitana di Messina comunica che da luned\u00ec 21 agosto, dalle ore 14.30 in poi, grazie all\u2019intervento e al supporto di Messinaservizi Bene Comune e dell\u2019Amministrazione comunale, verr\u00e0 effettuata la bonifica dei rifiuti sul tratto della strada Panoramica dello Stretto, dalla Galleria Bosurgi a Granatari.<\/div>\n<div>L\u2019intervento si protrarr\u00e0 anche nei giorni seguenti.<\/div>\n<div>Sono previste, pertanto, delle temporanee riduzioni di corsie, lungo i tratti di strada lato monte e lato mare, per consentire agli operatori e ai mezzi le attivit\u00e0 di spazzamento, raccolta e pulizia previsti.<\/div>\n<div><\/div>\n<div><strong>Il Responsabile dell\u2019Ufficio Comunicazione Istituzionale<\/strong><\/div>\n<div><strong>Addetto Stampa dott. Giuseppe Span\u00f2<\/strong><\/div>\n","protected":false},"excerpt":{"rendered":"<p>Le riduzioni di corsia saranno in vigore a partire da luned\u00ec 21 agosto, dalle ore 14.30 in poi. La Citt\u00e0 Metropolitana di Messina comunica che da luned\u00ec 21 agosto, dalle<\/p>\n<div><a class=\"permalink\" href=\"https:\/\/www.radioempire.it\/index.php\/2023\/08\/18\/citta-metropolitana-e-messinaservizi-effettueranno-a-partire-da-lunedi-la-bonifica-dei-rifiuti-sulla-strada-panoramica-dello-stretto\/\">Read More&#8230;<\/a><\/div>\n","protected":false},"author":2,"featured_media":43252,"comment_status":"closed","ping_status":"closed","sticky":false,"template":"","format":"standard","meta":[],"categories":[3,36],"tags":[],"_links":{"self":[{"href":"https:\/\/www.radioempire.it\/index.php\/wp-json\/wp\/v2\/posts\/43251"}],"collection":[{"href":"https:\/\/www.radioempire.it\/index.php\/wp-json\/wp\/v2\/posts"}],"about":[{"href":"https:\/\/www.radioempire.it\/index.php\/wp-json\/wp\/v2\/types\/post"}],"author":[{"embeddable":true,"href":"https:\/\/www.radioempire.it\/index.php\/wp-json\/wp\/v2\/users\/2"}],"replies":[{"embeddable":true,"href":"https:\/\/www.radioempire.it\/index.php\/wp-json\/wp\/v2\/comments?post=43251"}],"version-history":[{"count":1,"href":"https:\/\/www.radioempire.it\/index.php\/wp-json\/wp\/v2\/posts\/43251\/revisions"}],"predecessor-version":[{"id":43253,"href":"https:\/\/www.radioempire.it\/index.php\/wp-json\/wp\/v2\/posts\/43251\/revisions\/43253"}],"wp:featuredmedia":[{"embeddable":true,"href":"https:\/\/www.radioempire.it\/index.php\/wp-json\/wp\/v2\/media\/43252"}],"wp:attachment":[{"href":"https:\/\/www.radioempire.it\/index.php\/wp-json\/wp\/v2\/media?parent=43251"}],"wp:term":[{"taxonomy":"category","embeddable":true,"href":"https:\/\/www.radioempire.it\/index.php\/wp-json\/wp\/v2\/categories?post=43251"},{"taxonomy":"post_tag","embeddable":true,"href":"https:\/\/www.radioempire.it\/index.php\/wp-json\/wp\/v2\/tags?post=43251"}],"curies":[{"name":"wp","href":"https:\/\/api.w.org\/{rel}","templated":true}]}}