{"id":43255,"date":"2023-08-18T15:27:43","date_gmt":"2023-08-18T15:27:43","guid":{"rendered":"https:\/\/www.radioempire.it\/?p=43255"},"modified":"2023-08-18T15:29:16","modified_gmt":"2023-08-18T15:29:16","slug":"oggi-venerdi-18-agosto-alle-1930-a-palazzo-vigo-a-torre-archirafi-frazione-di-riposto-va-in-scena-ricordi-di-un-tempo-mostra-spettacolo-organizzata-dallass","status":"publish","type":"post","link":"https:\/\/www.radioempire.it\/index.php\/2023\/08\/18\/oggi-venerdi-18-agosto-alle-1930-a-palazzo-vigo-a-torre-archirafi-frazione-di-riposto-va-in-scena-ricordi-di-un-tempo-mostra-spettacolo-organizzata-dallass\/","title":{"rendered":"Oggi, venerd\u00ec 18 agosto, alle 19:30, a Palazzo Vigo, a Torre Archirafi, frazione di Riposto, va in scena \u201cRicordi di un tempo\u201d, mostra \u2013 spettacolo organizzata dall\u2019associazione SiciliAntica con il patrocinio del Comune di Riposto"},"content":{"rendered":"<p>Si aprir\u00e0 con i versi scritti dal compianto <strong>Giuseppe Patan\u00e8<\/strong> la mostra spettacolo <strong>\u201cRicordi di un tempo\u201d<\/strong>, in programma stasera<strong> 18 agosto<\/strong>, alle <strong>19:30<\/strong>, a <strong>Palazzo Vigo<\/strong>, a <strong>Torre Archirafi<\/strong>, organizzata dall\u2019associazione <strong>SiciliAntica Giarre Mascali Riposto<\/strong>, con il patrocinio del <strong>Comune di Riposto<\/strong>, per suggellare il recente cambio di denominazione dell\u2019associazione che tanto si sta impegnando per valorizzare la cultura del territorio.<br \/>\nTema dell\u2019evento: \u201cGli antichi mestieri e le tradizioni di un tempo\u201d. Nel corso della serata, infatti, si potranno ammirare le artistiche coffe decorate dell\u2019artigiana <strong>Lucia Leotta<\/strong>, in arte LIOLETTA \u2013 Sicily Bags, i ricami e la biancheria antica di <strong>Masina Pecorino<\/strong>, antichi oggetti e strumenti di lavoro concessi da <strong>Patrizia Prestipino<\/strong>.<br \/>\nIn mostra anche: le foto del laboratorio <strong>FineArt<\/strong> di Giarre, che nasce dalla passione per la fotografia e la ricerca di <strong>Angelo Spina<\/strong>, le fotografie di <strong>Alfio Landro<\/strong>, fondatore del gruppo di fotografi <strong>\u201cI love Etna &amp;\u2026\u201d<\/strong> e una prestigiosa opera dell\u2019artista dei colori, il <strong>Maestro Edoardo Puglisi<\/strong>, presente nel panorama artistico internazionale da oltre sessant&#8217;anni.<br \/>\nNel corso dell\u2019evento verr\u00e0 presentato il coordinatore della sezione Giovani dell\u2019associazione SiciliAntica, il <strong>Dott. Salvo Faro<\/strong>. Al centro della serata l\u2019esibizione della <strong>Societ\u00e0 di Danza Catania<\/strong>, diretta da <strong>Gaspare Leone<\/strong>, e lo spettacolo a cura dell\u2019attore <strong>Gianni Sineri, \u201cLa Sicilia di ieri &#8211; U cuntu di Gianni Sineri\u201d<\/strong>. Arricchir\u00e0 la serata anche una coreografia di danza orientale, omaggio all\u2019Etna, delle allieve <strong>dell\u2019Accademia di Danze Orientali ed Indiane Tery al Kubra<\/strong> diretta da <strong>Sara Pappalardo<\/strong>.<br \/>\nUna serata in cui non mancheranno le emozioni amplificate dalla suggestiva cornice della monumentale residenza settecentesca di Palazzo Vigo, a Torre Archirafi.<br \/>\n\u201cIn qualit\u00e0 di Presidente di SiciliAntica di Giarre Mascali Riposto \u2013 dichiara <strong>Tiziana Patan\u00e8<\/strong> &#8211; ho voluto realizzare questa mostra &#8211; spettacolo per evocare, attraverso degli oggetti comuni usati un tempo, alcuni mestieri che ormai sono scomparsi, cancellati dall&#8217;industrializzazione e dalle nuove tecnologie. Questo racconto si completa con la mostra fotografica, grazie ai fotografi Angelo Spina ed Alfio Landro, ed un\u2019importante opera del prestigioso artista catanese Edoardo Puglisi. L\u2019evento sar\u00e0 arricchito dal ballo della Societ\u00e0 di Danza Catania e dall\u2019Accademia Tery al Kubra, insieme allo spettacolo del M\u00b0 Gianni Sineri che \u201ccunta\u201d la Sicilia di ieri, valorizzando la nostra amata Terra attraverso detti, miniminagghie e parole in disuso. Devo ringraziare <strong>l\u2019assessore alla cultura del Comune di Riposto, Elisa Torrisi<\/strong>, &#8211; continua Tiziana Patan\u00e8 &#8211; che tanto si \u00e8 prodigata per questo evento e diventa ufficialmente, da oggi, socia di SiciliAntica e il <strong>sindaco di Riposto, Davide Vasta,<\/strong> da subito disponibile ad accogliere le nostre iniziative.<br \/>\nSenza un passato non esiste futuro. Ecco perch\u00e9 \u00e8 importante ricordare le nostre radici, la nostra storia, perch\u00e9 quello che siamo oggi \u00e8 frutto del lavoro di ieri fatto di nostri antenati.\u201d \u2013 conclude la Presidente di SiciliAntica.<\/p>\n","protected":false},"excerpt":{"rendered":"<p>Si aprir\u00e0 con i versi scritti dal compianto Giuseppe Patan\u00e8 la mostra spettacolo \u201cRicordi di un tempo\u201d, in programma stasera 18 agosto, alle 19:30, a Palazzo Vigo, a Torre Archirafi,<\/p>\n<div><a class=\"permalink\" href=\"https:\/\/www.radioempire.it\/index.php\/2023\/08\/18\/oggi-venerdi-18-agosto-alle-1930-a-palazzo-vigo-a-torre-archirafi-frazione-di-riposto-va-in-scena-ricordi-di-un-tempo-mostra-spettacolo-organizzata-dallass\/\">Read More&#8230;<\/a><\/div>\n","protected":false},"author":2,"featured_media":43256,"comment_status":"closed","ping_status":"closed","sticky":false,"template":"","format":"standard","meta":[],"categories":[3,36],"tags":[],"_links":{"self":[{"href":"https:\/\/www.radioempire.it\/index.php\/wp-json\/wp\/v2\/posts\/43255"}],"collection":[{"href":"https:\/\/www.radioempire.it\/index.php\/wp-json\/wp\/v2\/posts"}],"about":[{"href":"https:\/\/www.radioempire.it\/index.php\/wp-json\/wp\/v2\/types\/post"}],"author":[{"embeddable":true,"href":"https:\/\/www.radioempire.it\/index.php\/wp-json\/wp\/v2\/users\/2"}],"replies":[{"embeddable":true,"href":"https:\/\/www.radioempire.it\/index.php\/wp-json\/wp\/v2\/comments?post=43255"}],"version-history":[{"count":2,"href":"https:\/\/www.radioempire.it\/index.php\/wp-json\/wp\/v2\/posts\/43255\/revisions"}],"predecessor-version":[{"id":43258,"href":"https:\/\/www.radioempire.it\/index.php\/wp-json\/wp\/v2\/posts\/43255\/revisions\/43258"}],"wp:featuredmedia":[{"embeddable":true,"href":"https:\/\/www.radioempire.it\/index.php\/wp-json\/wp\/v2\/media\/43256"}],"wp:attachment":[{"href":"https:\/\/www.radioempire.it\/index.php\/wp-json\/wp\/v2\/media?parent=43255"}],"wp:term":[{"taxonomy":"category","embeddable":true,"href":"https:\/\/www.radioempire.it\/index.php\/wp-json\/wp\/v2\/categories?post=43255"},{"taxonomy":"post_tag","embeddable":true,"href":"https:\/\/www.radioempire.it\/index.php\/wp-json\/wp\/v2\/tags?post=43255"}],"curies":[{"name":"wp","href":"https:\/\/api.w.org\/{rel}","templated":true}]}}