{"id":43567,"date":"2023-08-24T15:41:56","date_gmt":"2023-08-24T15:41:56","guid":{"rendered":"https:\/\/www.radioempire.it\/?p=43567"},"modified":"2023-08-24T15:41:56","modified_gmt":"2023-08-24T15:41:56","slug":"il-rally-del-tirreno-messina-da-il-via-alle-iscrizioni","status":"publish","type":"post","link":"https:\/\/www.radioempire.it\/index.php\/2023\/08\/24\/il-rally-del-tirreno-messina-da-il-via-alle-iscrizioni\/","title":{"rendered":"Il Rally del Tirreno &#8211; Messina da il via alle iscrizioni"},"content":{"rendered":"<p><strong><em>Iniziato ufficialmente l\u2019avvicinamento alla gara organizzata da Top Competition del 23 e 24 settembre con la validit\u00e0 di Coppa Rally 8^ Zona e Campionato Siciliano per auto moderne e storiche. La celebre Piazza Duomo torna al centro della scena con partenza ed arrivo<\/em><\/strong><\/p>\n<p><strong><em>\u00a0<\/em><\/strong><\/p>\n<p>Torregrotta (ME), 24 agosto 2023. Il 20\u00b0 Rally Tirreno Messina e 6\u00b0 Rally Storico Tirreno Messina ha aperto le iscrizioni. Inizia ufficialmente l\u2019avvicinamento alla gara organizzata da Top Competition che per i cinque lustri, il 23 e 24 settembre, torna nella citt\u00e0 dello Stretto dove al centro della scena si ripropone la celebre Piazza Duomo con il suo prestigioso campanile unico al mondo.<\/p>\n<p>Iniziano ad arrivare le adesioni dei protagonisti di Coppa Rally 8^ Zona e Campionato Siciliano Rally per auto moderne e storiche, attratti dal richiamo di uno tra i pi\u00f9 affascinanti e leggendari percorsi articolato su strade gi\u00e0 teatro di sfide internazionali, alle porte della citt\u00e0 dello stretto.<\/p>\n<p>I particolari sono stati definiti da Top Competition nella stretta interazione con il Comune di Messina e la collaborazione con l\u2019Automobile Club peloritano ed il sostegno della Delegazione ACI Sport Sicilia.<\/p>\n<p>Arrivata l\u2019attesa conferma che la Piazza Duomo di Messina torna al centro della scena per dei momenti tutti dedicati al pubblico ed agli appassionati. La citt\u00e0 ritrova la sua gara e la gara ritrova una citt\u00e0 tra le pi\u00f9 appassionate in una cornice ed in un contesto stimato ed apprezzato.<\/p>\n<p>Gli organizzatori hanno in serbo numerose sorprese, alcune delle quali saranno ufficializzate durante la Presentazione, che si terr\u00e0 a Palazzo dei Leoni, casa del Territorio Metropolitano, nella settimana che precede la competizione.<\/p>\n<p>Nel 2022 sul lungomare di Villafranca Tirrena festeggiarono Marcello Rizzo ed Antonio Pittella su Skoda Fabia in versione R5. L\u2019equipaggio messinese della New Turbomark ha dominato la gara 3\u00b0 round di Coppa Italia Rally 8^ Zona e Campionato Siciliano Rally, con scratch in 8 dei 9 crono in programma. Seconda posizione per i Roberto Lombardo e Andrea Span\u00f2 sulla Peugeot 207 Super 2000, rimasti sempre in scia e si \u00e8 imposto nella prova speciale numero 8. Terza piazza assoluta per il giovane Ernesto Riolo che su Peugeot 208 in versione Rally 4 ha agguantato il suo primo podio in carriera, con il supporto dell\u2019esperto navigatore Maurizio Marin.<\/p>\n<p>Tutte le info e le notizie in tempo reale disponibili su <a href=\"http:\/\/www.topcompetition.it\/rallydeltirreno\/it\/index.asp\">http:\/\/www.topcompetition.it\/rallydeltirreno\/it\/index.asp<\/a><\/p>\n<p><img loading=\"lazy\" class=\"alignnone size-medium wp-image-43569\" src=\"https:\/\/www.radioempire.it\/wp-content\/uploads\/2023\/08\/Arrivo-300x225.jpg\" alt=\"\" width=\"300\" height=\"225\" srcset=\"https:\/\/www.radioempire.it\/wp-content\/uploads\/2023\/08\/Arrivo-300x225.jpg 300w, https:\/\/www.radioempire.it\/wp-content\/uploads\/2023\/08\/Arrivo.jpg 640w\" sizes=\"(max-width: 300px) 100vw, 300px\" \/><img loading=\"lazy\" class=\"alignnone size-medium wp-image-43570\" src=\"https:\/\/www.radioempire.it\/wp-content\/uploads\/2023\/08\/rizzo-300x200.jpg\" alt=\"\" width=\"300\" height=\"200\" srcset=\"https:\/\/www.radioempire.it\/wp-content\/uploads\/2023\/08\/rizzo-300x200.jpg 300w, https:\/\/www.radioempire.it\/wp-content\/uploads\/2023\/08\/rizzo-1024x683.jpg 1024w, https:\/\/www.radioempire.it\/wp-content\/uploads\/2023\/08\/rizzo-768x512.jpg 768w, https:\/\/www.radioempire.it\/wp-content\/uploads\/2023\/08\/rizzo-1536x1024.jpg 1536w, https:\/\/www.radioempire.it\/wp-content\/uploads\/2023\/08\/rizzo-2048x1365.jpg 2048w\" sizes=\"(max-width: 300px) 100vw, 300px\" \/><\/p>\n","protected":false},"excerpt":{"rendered":"<p>Iniziato ufficialmente l\u2019avvicinamento alla gara organizzata da Top Competition del 23 e 24 settembre con la validit\u00e0 di Coppa Rally 8^ Zona e Campionato Siciliano per auto moderne e storiche.<\/p>\n<div><a class=\"permalink\" href=\"https:\/\/www.radioempire.it\/index.php\/2023\/08\/24\/il-rally-del-tirreno-messina-da-il-via-alle-iscrizioni\/\">Read More&#8230;<\/a><\/div>\n","protected":false},"author":2,"featured_media":43568,"comment_status":"closed","ping_status":"closed","sticky":false,"template":"","format":"standard","meta":[],"categories":[3,36],"tags":[],"_links":{"self":[{"href":"https:\/\/www.radioempire.it\/index.php\/wp-json\/wp\/v2\/posts\/43567"}],"collection":[{"href":"https:\/\/www.radioempire.it\/index.php\/wp-json\/wp\/v2\/posts"}],"about":[{"href":"https:\/\/www.radioempire.it\/index.php\/wp-json\/wp\/v2\/types\/post"}],"author":[{"embeddable":true,"href":"https:\/\/www.radioempire.it\/index.php\/wp-json\/wp\/v2\/users\/2"}],"replies":[{"embeddable":true,"href":"https:\/\/www.radioempire.it\/index.php\/wp-json\/wp\/v2\/comments?post=43567"}],"version-history":[{"count":1,"href":"https:\/\/www.radioempire.it\/index.php\/wp-json\/wp\/v2\/posts\/43567\/revisions"}],"predecessor-version":[{"id":43571,"href":"https:\/\/www.radioempire.it\/index.php\/wp-json\/wp\/v2\/posts\/43567\/revisions\/43571"}],"wp:featuredmedia":[{"embeddable":true,"href":"https:\/\/www.radioempire.it\/index.php\/wp-json\/wp\/v2\/media\/43568"}],"wp:attachment":[{"href":"https:\/\/www.radioempire.it\/index.php\/wp-json\/wp\/v2\/media?parent=43567"}],"wp:term":[{"taxonomy":"category","embeddable":true,"href":"https:\/\/www.radioempire.it\/index.php\/wp-json\/wp\/v2\/categories?post=43567"},{"taxonomy":"post_tag","embeddable":true,"href":"https:\/\/www.radioempire.it\/index.php\/wp-json\/wp\/v2\/tags?post=43567"}],"curies":[{"name":"wp","href":"https:\/\/api.w.org\/{rel}","templated":true}]}}