{"id":43973,"date":"2023-09-01T15:10:00","date_gmt":"2023-09-01T15:10:00","guid":{"rendered":"https:\/\/www.radioempire.it\/?p=43973"},"modified":"2023-09-01T15:10:00","modified_gmt":"2023-09-01T15:10:00","slug":"citta-del-ragazzo-il-5-e-6-settembre-a-palazzo-dei-leoni-workshop-dedicato-alla-presentazione-e-coprogettazione-del-progetto-di-rigenerazione-urbana","status":"publish","type":"post","link":"https:\/\/www.radioempire.it\/index.php\/2023\/09\/01\/citta-del-ragazzo-il-5-e-6-settembre-a-palazzo-dei-leoni-workshop-dedicato-alla-presentazione-e-coprogettazione-del-progetto-di-rigenerazione-urbana\/","title":{"rendered":"Citt\u00e0 del Ragazzo: il 5 e 6 settembre, a Palazzo dei Leoni, workshop dedicato alla presentazione e coprogettazione del progetto di rigenerazione urbana"},"content":{"rendered":"<p><strong><span dir=\"ltr\" role=\"presentation\">Il confronto si propone di condividere e contribuire a quanto fin qui proposto dalla compagine progettuale<\/span><\/strong><br role=\"presentation\" \/><strong><span dir=\"ltr\" role=\"presentation\">aggiudicataria<\/span><\/strong><br role=\"presentation\" \/><span dir=\"ltr\" role=\"presentation\">Si svolger\u00e0 marted\u00ec 5 e mercoled\u00ec 6 settembre, nel Salone degli Specchi di Palazzo dei Leoni, il<\/span><br role=\"presentation\" \/><span dir=\"ltr\" role=\"presentation\">workshop dedicato alla presentazione e coprogettazione dell&#8217;intervento di rigenerazione urbana<\/span><br role=\"presentation\" \/><span dir=\"ltr\" role=\"presentation\">del compendio \u201cCitt\u00e0 del Ragazzo\u201d di Gravitelli da destinare a finalit\u00e0 di inclusione sociale,<\/span><br role=\"presentation\" \/><span dir=\"ltr\" role=\"presentation\">nell&#8217;ambito del progetto \u201cDopo di Noi\u201d.<\/span><br role=\"presentation\" \/><span dir=\"ltr\" role=\"presentation\">All&#8217;incontro parteciperanno il Sindaco Metropolitano di Messina, dott. Federico Basile, il Vice<\/span><br role=\"presentation\" \/><span dir=\"ltr\" role=\"presentation\">Sindaco di Messina, ing. Salvatore Mondello, il Direttore Generale del Comune di Messina ed<\/span><br role=\"presentation\" \/><span dir=\"ltr\" role=\"presentation\">Esperto per le \u201cAttivit\u00e0 di pianificazione strategica degli interventi nell\u2019ambito del PNRR e dei<\/span><br role=\"presentation\" \/><span dir=\"ltr\" role=\"presentation\">Fondi extrabilancio della Citt\u00e0 Metropolitana di Messina\u201d dott. Salvo Puccio, i Dirigenti dott.<\/span><br role=\"presentation\" \/><span dir=\"ltr\" role=\"presentation\">Biagio Privitera e arch. Roberto Siracusano, il RUP ing. Giacomo Russo, l&#8217;Universit\u00e0 degli Studi di<\/span><br role=\"presentation\" \/><span dir=\"ltr\" role=\"presentation\">Messina, l&#8217;ASP di Messina, le Associazioni che hanno aderito all&#8217;avviso di manifestazione di<\/span><br role=\"presentation\" \/><span dir=\"ltr\" role=\"presentation\">interesse emanato dalla Citt\u00e0 Metropolitana di Messina e i rappresentanti del raggruppamento<\/span><br role=\"presentation\" \/><span dir=\"ltr\" role=\"presentation\">di imprese che sono impegnati nella elaborazione del progetto esecutivo.<\/span><br role=\"presentation\" \/><span dir=\"ltr\" role=\"presentation\">Il confronto si propone di condividere e contribuire a quanto fin qui proposto dalla compagine<\/span><br role=\"presentation\" \/><span dir=\"ltr\" role=\"presentation\">progettuale aggiudicataria.<\/span><br role=\"presentation\" \/><span dir=\"ltr\" role=\"presentation\">L\u2019importo<\/span> <span dir=\"ltr\" role=\"presentation\">destinato<\/span> <span dir=\"ltr\" role=\"presentation\">al<\/span> <span dir=\"ltr\" role=\"presentation\">recupero<\/span> <span dir=\"ltr\" role=\"presentation\">della<\/span> <span dir=\"ltr\" role=\"presentation\">Citt\u00e0<\/span> <span dir=\"ltr\" role=\"presentation\">del<\/span> <span dir=\"ltr\" role=\"presentation\">Ragazzo<\/span> <span dir=\"ltr\" role=\"presentation\">ammonta<\/span> <span dir=\"ltr\" role=\"presentation\">a<\/span> <span dir=\"ltr\" role=\"presentation\">complessivi<\/span> <span dir=\"ltr\" role=\"presentation\">euro<\/span><br role=\"presentation\" \/><span dir=\"ltr\" role=\"presentation\">55.660.266,00.<\/span><br role=\"presentation\" \/><span dir=\"ltr\" role=\"presentation\">Si tratta di fondi PNRR destinati a progetti finalizzati alla rigenerazione di aree ed edifici pubblici<\/span><br role=\"presentation\" \/><span dir=\"ltr\" role=\"presentation\">da adibire ad attivit\u00e0 di servizi sociali e inclusione sociale, o per finalit\u00e0 di fruizione turistica e<\/span><br role=\"presentation\" \/><span dir=\"ltr\" role=\"presentation\">culturale di risorse artistiche, paesaggistiche e ambientali.<\/span><br role=\"presentation\" \/><span dir=\"ltr\" role=\"presentation\">Il Responsabile dell\u2019Ufficio Comunicazione Istituzionale<\/span><br role=\"presentation\" \/><span dir=\"ltr\" role=\"presentation\">Palazzo dei Leoni &#8211; Corso Cavour, 87 &#8211; 98122 Messina<\/span><br role=\"presentation\" \/><span dir=\"ltr\" role=\"presentation\">https:\/\/www.cittametropolitana.me.it\/la-provincia\/comunicati\/default.aspx<\/span><br role=\"presentation\" \/><span dir=\"ltr\" role=\"presentation\">Mail &#8211;<\/span> <span dir=\"ltr\" role=\"presentation\">ufficiostampa@cittametropolitana.me.it<\/span><br role=\"presentation\" \/><strong><span dir=\"ltr\" role=\"presentation\">Responsabile: Addetto Stampa giornalista Giuseppe Span\u00f2 cell.<\/span> <span dir=\"ltr\" role=\"presentation\">328657092<\/span><\/strong><\/p>\n","protected":false},"excerpt":{"rendered":"<p>Il confronto si propone di condividere e contribuire a quanto fin qui proposto dalla compagine progettualeaggiudicatariaSi svolger\u00e0 marted\u00ec 5 e mercoled\u00ec 6 settembre, nel Salone degli Specchi di Palazzo dei<\/p>\n<div><a class=\"permalink\" href=\"https:\/\/www.radioempire.it\/index.php\/2023\/09\/01\/citta-del-ragazzo-il-5-e-6-settembre-a-palazzo-dei-leoni-workshop-dedicato-alla-presentazione-e-coprogettazione-del-progetto-di-rigenerazione-urbana\/\">Read More&#8230;<\/a><\/div>\n","protected":false},"author":2,"featured_media":43974,"comment_status":"closed","ping_status":"closed","sticky":false,"template":"","format":"standard","meta":[],"categories":[36,78],"tags":[],"_links":{"self":[{"href":"https:\/\/www.radioempire.it\/index.php\/wp-json\/wp\/v2\/posts\/43973"}],"collection":[{"href":"https:\/\/www.radioempire.it\/index.php\/wp-json\/wp\/v2\/posts"}],"about":[{"href":"https:\/\/www.radioempire.it\/index.php\/wp-json\/wp\/v2\/types\/post"}],"author":[{"embeddable":true,"href":"https:\/\/www.radioempire.it\/index.php\/wp-json\/wp\/v2\/users\/2"}],"replies":[{"embeddable":true,"href":"https:\/\/www.radioempire.it\/index.php\/wp-json\/wp\/v2\/comments?post=43973"}],"version-history":[{"count":1,"href":"https:\/\/www.radioempire.it\/index.php\/wp-json\/wp\/v2\/posts\/43973\/revisions"}],"predecessor-version":[{"id":43975,"href":"https:\/\/www.radioempire.it\/index.php\/wp-json\/wp\/v2\/posts\/43973\/revisions\/43975"}],"wp:featuredmedia":[{"embeddable":true,"href":"https:\/\/www.radioempire.it\/index.php\/wp-json\/wp\/v2\/media\/43974"}],"wp:attachment":[{"href":"https:\/\/www.radioempire.it\/index.php\/wp-json\/wp\/v2\/media?parent=43973"}],"wp:term":[{"taxonomy":"category","embeddable":true,"href":"https:\/\/www.radioempire.it\/index.php\/wp-json\/wp\/v2\/categories?post=43973"},{"taxonomy":"post_tag","embeddable":true,"href":"https:\/\/www.radioempire.it\/index.php\/wp-json\/wp\/v2\/tags?post=43973"}],"curies":[{"name":"wp","href":"https:\/\/api.w.org\/{rel}","templated":true}]}}