{"id":44303,"date":"2023-09-07T18:18:29","date_gmt":"2023-09-07T18:18:29","guid":{"rendered":"https:\/\/www.radioempire.it\/?p=44303"},"modified":"2023-09-07T18:25:40","modified_gmt":"2023-09-07T18:25:40","slug":"palacultura-antonello-da-messina-sabato-9-settembre-la-proiezione-del-docufilm-la-messina-bendata-di-lillo-scipilliti","status":"publish","type":"post","link":"https:\/\/www.radioempire.it\/index.php\/2023\/09\/07\/palacultura-antonello-da-messina-sabato-9-settembre-la-proiezione-del-docufilm-la-messina-bendata-di-lillo-scipilliti\/","title":{"rendered":"Palacultura \u201cAntonello da Messina\u201d: sabato 9 settembre la proiezione del docufilm &#8220;La Messina Bendata&#8221; di Lillo Scipilliti"},"content":{"rendered":"<div style=\"text-align: left;\">\n<div style=\"text-align: left;\"><span style=\"color: #0000ff; font-size: 10pt;\"><strong>L\u2019appuntamento, in programma alle ore 19.30, \u00e8 patrocinato dalla Citt\u00e0 Metropolitana, dal Comune di Messina e dalla Regione Siciliana, in partnership con i Lions Club Messina Colapesce.<\/strong><\/span><\/div>\n<div style=\"text-align: left;\"><\/div>\n<div style=\"text-align: left;\">Sar\u00e0 il Palacultura \u201cAntonello da Messina\u201d ad ospitare, con ingresso libero, due eventi di rilievo sabato 9 settembre 2023, alla presenza del sindaco metropolitano Federico Basile, del sottosegretario alla Cultura, Vittorio Sgarbi, e dell&#8217;assessore regionale al Turismo, Sport e Spettacolo, Elvira Amata, degli assessori comunali alle Politiche Culturali, Enzo Caruso, e agli Spettacoli e Grandi Eventi Cittadini, Massimo Finocchiaro.<\/div>\n<div style=\"text-align: left;\">Alle ore 18.00, nel foyer, verr\u00e0 inaugurata la mostra (visitabile fino al 16 settembre) che vedr\u00e0 protagonisti gli artisti che hanno dato lustro alla citt\u00e0 dello Stretto, partendo proprio da Antonello da Messina.<\/div>\n<div style=\"text-align: left;\">Alle ore 19.30 avr\u00e0 luogo la presentazione e la proiezione di \u201cLa Messina Bendata\u201d, ideato da Lillo Scipilliti, diretto da Salvo Grasso, condotto da Rosy Trapa e prodotto dalla CIS \u2013 Cinematografica Siciliana.<\/div>\n<div style=\"text-align: left;\">Sar\u00e0 presente l\u2019amministratore della CIS, Luigi Stancanelli.<\/div>\n<div style=\"text-align: left;\"><img loading=\"lazy\" class=\"size-medium wp-image-44307 alignleft\" src=\"https:\/\/www.radioempire.it\/wp-content\/uploads\/2023\/09\/Locandina-Messina-bendata-201x300.jpg\" alt=\"\" width=\"201\" height=\"300\" srcset=\"https:\/\/www.radioempire.it\/wp-content\/uploads\/2023\/09\/Locandina-Messina-bendata-201x300.jpg 201w, https:\/\/www.radioempire.it\/wp-content\/uploads\/2023\/09\/Locandina-Messina-bendata-686x1024.jpg 686w, https:\/\/www.radioempire.it\/wp-content\/uploads\/2023\/09\/Locandina-Messina-bendata-768x1146.jpg 768w, https:\/\/www.radioempire.it\/wp-content\/uploads\/2023\/09\/Locandina-Messina-bendata-1029x1536.jpg 1029w, https:\/\/www.radioempire.it\/wp-content\/uploads\/2023\/09\/Locandina-Messina-bendata.jpg 1372w\" sizes=\"(max-width: 201px) 100vw, 201px\" \/>L\u2019icona del docufilm \u00e8 raffigurata da una creazione di Scipilliti, una statuina raffigurante un volto con una benda davanti agli occhi, simbolo della cecit\u00e0 nei confronti del proprio patrimonio storico e culturale.<\/div>\n<div style=\"text-align: left;\">L\u2019opera, attraverso un percorso generazionale, si compone di interviste e testimonianze a partire\u00a0 dai maestri messinesi del primo &#8216;900 fino ad arrivare agli artisti dell\u2019arte moderna e contemporanea: Lelio Bonaccorso, Antonello Bonanno Conti, Carmelo Cacciola, Nino Cannistraci, Pino Coletta, Carmen Crisafulli, Enzo Curr\u00f2, Michele D\u2019Avenia, Fortunato Del Dotto, Concetta De Pasquale, Fabio Di Bella, Massimo Di Prima, Nino Gambadoro, Maurizio Gemelli, Luigi Ghersi, Mimmo Irrera,\u00a0 Mantilla, Fabio Pilato, Puccio, Stello\u00a0 Quartarone, Maria Rando, Bruno\u00a0 Samperi, Alfredo Santoro, Lillo Scipilliti, Piero Serboli, Sara Teresano, Togo e Ranieri Wanderligh.<\/div>\n<div style=\"text-align: left;\">Saranno presenti in sala molti degli intervenuti nel docufilm tra i quali Vittorio Sgarbi, Michele Ainis, Melo Freni, Vincenzo Bonaventura, Lucrezia Lorenzini, Caterina Di Giacomo, Nino Principato, Mos\u00e8 Previti, Enrica Carnazza, Francesco Mento, Orazio Micali, Anna Maria Tripodo e Pippo Previti, oltre a tutti gli artisti protagonisti.<\/div>\n<div style=\"text-align: left;\">Verranno assegnati dei riconoscimenti in memoria di Franz Riccobono, Luigi Ghersi e Linuccia Fazzari.<\/div>\n<div style=\"text-align: left;\">Al termine della manifestazione, condotta dalla giornalista Rosaria Brancato, agli artisti saranno consegnate targhe ricordo, in memoria di Franz Riccobono, e pergamene quali riconoscimenti alla carriera e al loro operato.<\/div>\n<div style=\"text-align: left;\">\u201cGli eventi dell\u2019estate 2023 a Messina non sono soltanto i concerti e le serate ludiche \u2013 ha affermato il sindaco metropolitano Basile &#8211; ma anche arte e cultura. Non dobbiamo dimenticare che questi sono fattori importanti e fondanti della nostra citt\u00e0, in quanto se non si conoscono le radici difficilmente si pu\u00f2 creare un&#8217;unione al proprio territorio per le generazioni future. Per questa ragione abbiamo deciso di affiancare, sia come Amministrazione cittadina che come Citt\u00e0 Metropolitana, l\u2019iniziativa che raccoglie in un docufilm gli artisti di Messina dell\u2019ultimo secolo che hanno trasmesso nelle loro opere le modifiche degli umori e dei sentimenti provenienti dal nostro territorio nell\u2019arco degli ultimi cento anni\u201d.<\/div>\n<div style=\"text-align: left;\">Da segnalare che nel docufilm \u00e8 inserita la Galleria di Arte Moderna \u201cLucio Barbera\u201d e che la fase organizzativa della Citt\u00e0 Metropolitana di Messina \u00e8 stata curata dalla dott.ssa Nuccia di Gennaro dell\u2019Ufficio Eventi Culturali.<\/div>\n<div style=\"text-align: left;\">Il progetto \u00e8 patrocinato dalla Citt\u00e0 Metropolitana di Messina, dal Comune di Messina e dalla Regione Siciliana, in partnership con i Lions Club Messina Colapesce.<\/div>\n<div style=\"text-align: left;\"><\/div>\n<div style=\"text-align: left;\"><strong>Il Responsabile dell\u2019Ufficio Comunicazione Istituzionale<\/strong><\/div>\n<div style=\"text-align: left;\"><strong>Addetto Stampa dott. Giuseppe Span\u00f2<\/strong><\/div>\n<\/div>\n","protected":false},"excerpt":{"rendered":"<p>L\u2019appuntamento, in programma alle ore 19.30, \u00e8 patrocinato dalla Citt\u00e0 Metropolitana, dal Comune di Messina e dalla Regione Siciliana, in partnership con i Lions Club Messina Colapesce. Sar\u00e0 il Palacultura<\/p>\n<div><a class=\"permalink\" href=\"https:\/\/www.radioempire.it\/index.php\/2023\/09\/07\/palacultura-antonello-da-messina-sabato-9-settembre-la-proiezione-del-docufilm-la-messina-bendata-di-lillo-scipilliti\/\">Read More&#8230;<\/a><\/div>\n","protected":false},"author":2,"featured_media":44306,"comment_status":"closed","ping_status":"closed","sticky":false,"template":"","format":"standard","meta":[],"categories":[36,78],"tags":[],"_links":{"self":[{"href":"https:\/\/www.radioempire.it\/index.php\/wp-json\/wp\/v2\/posts\/44303"}],"collection":[{"href":"https:\/\/www.radioempire.it\/index.php\/wp-json\/wp\/v2\/posts"}],"about":[{"href":"https:\/\/www.radioempire.it\/index.php\/wp-json\/wp\/v2\/types\/post"}],"author":[{"embeddable":true,"href":"https:\/\/www.radioempire.it\/index.php\/wp-json\/wp\/v2\/users\/2"}],"replies":[{"embeddable":true,"href":"https:\/\/www.radioempire.it\/index.php\/wp-json\/wp\/v2\/comments?post=44303"}],"version-history":[{"count":1,"href":"https:\/\/www.radioempire.it\/index.php\/wp-json\/wp\/v2\/posts\/44303\/revisions"}],"predecessor-version":[{"id":44308,"href":"https:\/\/www.radioempire.it\/index.php\/wp-json\/wp\/v2\/posts\/44303\/revisions\/44308"}],"wp:featuredmedia":[{"embeddable":true,"href":"https:\/\/www.radioempire.it\/index.php\/wp-json\/wp\/v2\/media\/44306"}],"wp:attachment":[{"href":"https:\/\/www.radioempire.it\/index.php\/wp-json\/wp\/v2\/media?parent=44303"}],"wp:term":[{"taxonomy":"category","embeddable":true,"href":"https:\/\/www.radioempire.it\/index.php\/wp-json\/wp\/v2\/categories?post=44303"},{"taxonomy":"post_tag","embeddable":true,"href":"https:\/\/www.radioempire.it\/index.php\/wp-json\/wp\/v2\/tags?post=44303"}],"curies":[{"name":"wp","href":"https:\/\/api.w.org\/{rel}","templated":true}]}}