{"id":44309,"date":"2023-09-07T18:25:12","date_gmt":"2023-09-07T18:25:12","guid":{"rendered":"https:\/\/www.radioempire.it\/?p=44309"},"modified":"2023-09-07T18:25:12","modified_gmt":"2023-09-07T18:25:12","slug":"phoenix-e-al-fianco-di-nucita-e-lo-cascio-al-1000-miglia","status":"publish","type":"post","link":"https:\/\/www.radioempire.it\/index.php\/2023\/09\/07\/phoenix-e-al-fianco-di-nucita-e-lo-cascio-al-1000-miglia\/","title":{"rendered":"Phoenix \u00e8 al fianco di Nucita e Lo Cascio al 1000 Miglia"},"content":{"rendered":"<div class=\"textLayer\"><span dir=\"ltr\" role=\"presentation\">Il sodalizio di Santa Teresa Riva alla gara bresciana sesto appuntamento<\/span><br role=\"presentation\" \/><span dir=\"ltr\" role=\"presentation\">del CIAR Sparco con il forte pilota navigato da Rudi Polet sulla Hyundai e<\/span><br role=\"presentation\" \/><span dir=\"ltr\" role=\"presentation\">del driver nisseno con Rappa alle note attualmente 2\u00b0 nel monomarca<\/span><br role=\"presentation\" \/><span dir=\"ltr\" role=\"presentation\">Toyota Yaris Rally Cup i20. Due giorni tutti in diretta streaming, RAI Sport e<\/span><br role=\"presentation\" \/><span dir=\"ltr\" role=\"presentation\">ACI Sport TV.<\/span> <span dir=\"ltr\" role=\"presentation\">\u201c<\/span><span dir=\"ltr\" role=\"presentation\">Ho desiderio di prove speciali<\/span><span dir=\"ltr\" role=\"presentation\">\u201d<\/span><span dir=\"ltr\" role=\"presentation\">.<\/span><br role=\"presentation\" \/><span dir=\"ltr\" role=\"presentation\">Santa<\/span> <span dir=\"ltr\" role=\"presentation\">Teresa<\/span> <span dir=\"ltr\" role=\"presentation\">Riva<\/span> <span dir=\"ltr\" role=\"presentation\">(ME),<\/span> <span dir=\"ltr\" role=\"presentation\">7<\/span> <span dir=\"ltr\" role=\"presentation\">settembre<\/span><span dir=\"ltr\" role=\"presentation\">.<\/span> <span dir=\"ltr\" role=\"presentation\">Il<\/span> <span dir=\"ltr\" role=\"presentation\">Team<\/span> <span dir=\"ltr\" role=\"presentation\">Automobilistico<\/span> <span dir=\"ltr\" role=\"presentation\">Phoenix<\/span> <span dir=\"ltr\" role=\"presentation\">\u00e8<\/span><br role=\"presentation\" \/><span dir=\"ltr\" role=\"presentation\">impegnato al fianco di Andrea Nucita e Salvatore Lo Cascio impegnati al 46\u00b0 Rally 1000<\/span><br role=\"presentation\" \/><span dir=\"ltr\" role=\"presentation\">Miglia.<\/span><br role=\"presentation\" \/><span dir=\"ltr\" role=\"presentation\">Riflettori puntati su Andrea Nucita, che navigato da Rudi Pollet torna sulle strade italiane<\/span><br role=\"presentation\" \/><span dir=\"ltr\" role=\"presentation\">sulla Hyundai i20 equipaggiata con pneumatici MRF Tyres. Il pilota originario di Santa<\/span><br role=\"presentation\" \/><span dir=\"ltr\" role=\"presentation\">Teresa Riva potr\u00e0 capitalizzare la sua vasta e poliedrica esperienza sulle strade bresciane<\/span><br role=\"presentation\" \/><span dir=\"ltr\" role=\"presentation\">teatro delle sfide del sesto appuntamento di Campionato italiano Assoluto Rally Sparco.<\/span><br role=\"presentation\" \/><span dir=\"ltr\" role=\"presentation\">L\u2019affiancamento<\/span> <span dir=\"ltr\" role=\"presentation\">con la scuderia di famiglia \u00e8 certamente una spinta motivazionale in<\/span><br role=\"presentation\" \/><span dir=\"ltr\" role=\"presentation\">pi\u00f9, come le rinforzate partnership che hanno permesso al pilota ed co &#8211; driver di<\/span><br role=\"presentation\" \/><span dir=\"ltr\" role=\"presentation\">tornare in campo in una gara della massima serie ACI Sport.<\/span><br role=\"presentation\" \/><span dir=\"ltr\" role=\"presentation\">&#8211;<\/span><span dir=\"ltr\" role=\"presentation\">\u201c<\/span><span dir=\"ltr\" role=\"presentation\">Ho desiderio di prova speciale e conto le ore che ci separano dal via<\/span> <span dir=\"ltr\" role=\"presentation\">&#8211; afferma<\/span><br role=\"presentation\" \/><span dir=\"ltr\" role=\"presentation\">Andrea Nucita &#8211;<\/span> <span dir=\"ltr\" role=\"presentation\">durante lo shakedown potremo affinare le regolazioni della nostra<\/span><br role=\"presentation\" \/><span dir=\"ltr\" role=\"presentation\">i20 per essere efficaci sin dai primi Km di gara. Sono felice di essere al via di<\/span><br role=\"presentation\" \/><span dir=\"ltr\" role=\"presentation\">questa gara<\/span><span dir=\"ltr\" role=\"presentation\">\u201d<\/span><span dir=\"ltr\" role=\"presentation\">-.<\/span><br role=\"presentation\" \/><span dir=\"ltr\" role=\"presentation\"><img loading=\"lazy\" class=\"size-medium wp-image-44311 alignleft\" src=\"https:\/\/www.radioempire.it\/wp-content\/uploads\/2023\/09\/FireShot-Capture-214-Rally-Piemonte-Alba_-i-risultati-dei-siciliani-nel-CIAR-Sicilia-Mot_-www.siciliamotori.it_-300x172.png\" alt=\"\" width=\"300\" height=\"172\" srcset=\"https:\/\/www.radioempire.it\/wp-content\/uploads\/2023\/09\/FireShot-Capture-214-Rally-Piemonte-Alba_-i-risultati-dei-siciliani-nel-CIAR-Sicilia-Mot_-www.siciliamotori.it_-300x172.png 300w, https:\/\/www.radioempire.it\/wp-content\/uploads\/2023\/09\/FireShot-Capture-214-Rally-Piemonte-Alba_-i-risultati-dei-siciliani-nel-CIAR-Sicilia-Mot_-www.siciliamotori.it_-768x441.png 768w, https:\/\/www.radioempire.it\/wp-content\/uploads\/2023\/09\/FireShot-Capture-214-Rally-Piemonte-Alba_-i-risultati-dei-siciliani-nel-CIAR-Sicilia-Mot_-www.siciliamotori.it_.png 905w\" sizes=\"(max-width: 300px) 100vw, 300px\" \/>Salvatore Lo Cascio con Gianfranco Rappa alle note \u00e8 tra i maggiori protagonisti della GR<\/span><br role=\"presentation\" \/><span dir=\"ltr\" role=\"presentation\">Yaris Rally Cup,<\/span> <span dir=\"ltr\" role=\"presentation\">l\u2019effervescente<\/span> <span dir=\"ltr\" role=\"presentation\">monomarca Toyota dove le sfide sono ravvicinate ed il<\/span><br role=\"presentation\" \/><span dir=\"ltr\" role=\"presentation\">giovanissimo pilota nisseno con<\/span> <span dir=\"ltr\" role=\"presentation\">l\u2019esperto<\/span> <span dir=\"ltr\" role=\"presentation\">co-driver palermitano sono ad un solo punto<\/span><br role=\"presentation\" \/><span dir=\"ltr\" role=\"presentation\">dal vertice, reduci da una gara superlativa al Rally San Martino di Castrozza. &#8211;<\/span><span dir=\"ltr\" role=\"presentation\">\u201cOgni<\/span> <span dir=\"ltr\" role=\"presentation\">Km \u00e8<\/span><br role=\"presentation\" \/><span dir=\"ltr\" role=\"presentation\">una conferma maggiore e<\/span> <span dir=\"ltr\" role=\"presentation\">l\u2019esperienza<\/span> <span dir=\"ltr\" role=\"presentation\">aumenta ad ogni gara &#8211; dichiara Lo Cascio &#8211; il<\/span><br role=\"presentation\" \/><span dir=\"ltr\" role=\"presentation\">programma pianificato con Phoenix e DLF produce sempre maggiori effetti in termini di<\/span><br role=\"presentation\" \/><span dir=\"ltr\" role=\"presentation\">apprendimento e di feeling con<\/span> <span dir=\"ltr\" role=\"presentation\">l\u2019auto<\/span> <span dir=\"ltr\" role=\"presentation\">e con<\/span> <span dir=\"ltr\" role=\"presentation\">l\u2019ambiente<\/span> <span dir=\"ltr\" role=\"presentation\">delle gare di vertice. Adesso si<\/span><br role=\"presentation\" \/><span dir=\"ltr\" role=\"presentation\">stratta di trovare in fretta<\/span> <span dir=\"ltr\" role=\"presentation\">l\u2019intesa<\/span> <span dir=\"ltr\" role=\"presentation\">con le strade del 1000<\/span> <span dir=\"ltr\" role=\"presentation\">Miglia\u201d<\/span><span dir=\"ltr\" role=\"presentation\">-.<\/span><br role=\"presentation\" \/><span dir=\"ltr\" role=\"presentation\">Una massiccia copertura mediatica fatta di servizi e dirette streaming e TV, predisposta da ACI<\/span><br role=\"presentation\" \/><span dir=\"ltr\" role=\"presentation\">Sport. Gi\u00e0 domani mattina,<\/span> <span dir=\"ltr\" role=\"presentation\">venerd\u00ec 8<\/span><span dir=\"ltr\" role=\"presentation\">, quando lo<\/span> <span dir=\"ltr\" role=\"presentation\">shakedown<\/span> <span dir=\"ltr\" role=\"presentation\">in localit\u00e0 Puegnago. ACI Sport<\/span><br role=\"presentation\" \/><span dir=\"ltr\" role=\"presentation\">TV (ch. 228 Sky, 52 tivusat, acisport.it, oppure su Facebook @CIRally @ACISportTV) inizier\u00e0<\/span><br role=\"presentation\" \/><span dir=\"ltr\" role=\"presentation\">dalle 7.50.<\/span> <span dir=\"ltr\" role=\"presentation\">L\u2019attesa<\/span> <span dir=\"ltr\" role=\"presentation\">vera \u00e8 per\u00f2 per la prima prova delle 9 in programma, l<\/span><span dir=\"ltr\" role=\"presentation\">a power stage<\/span><br role=\"presentation\" \/><span dir=\"ltr\" role=\"presentation\">\u201c<\/span><span dir=\"ltr\" role=\"presentation\">Valle Sabbia Dall<\/span><span dir=\"ltr\" role=\"presentation\">\u2019<\/span><span dir=\"ltr\" role=\"presentation\">Era Valerio<\/span><span dir=\"ltr\" role=\"presentation\">\u201d<\/span> <span dir=\"ltr\" role=\"presentation\">di 2,5 km<\/span><span dir=\"ltr\" role=\"presentation\">, che andr\u00e0 live anche in chiaro su<\/span> <span dir=\"ltr\" role=\"presentation\">RAI Sport a<\/span><br role=\"presentation\" \/><span dir=\"ltr\" role=\"presentation\">partire dalle 17.25.<\/span> <span dir=\"ltr\" role=\"presentation\">Nel giorno di sabato poi ci sar\u00e0 un altro collegamento sulla televisione<\/span><\/div>\n<p><span dir=\"ltr\" role=\"presentation\">pubblica,<\/span> <span dir=\"ltr\" role=\"presentation\">con<\/span> <span dir=\"ltr\" role=\"presentation\">il<\/span> <span dir=\"ltr\" role=\"presentation\">primo<\/span> <span dir=\"ltr\" role=\"presentation\">passaggio<\/span> <span dir=\"ltr\" role=\"presentation\">sulla<\/span> <span dir=\"ltr\" role=\"presentation\">\u201c<\/span><span dir=\"ltr\" role=\"presentation\">Provaglio<\/span> <span dir=\"ltr\" role=\"presentation\">Val<\/span> <span dir=\"ltr\" role=\"presentation\">Sabbia<\/span><span dir=\"ltr\" role=\"presentation\">\u201d<\/span><span dir=\"ltr\" role=\"presentation\">,<\/span> <span dir=\"ltr\" role=\"presentation\">la<\/span> <span dir=\"ltr\" role=\"presentation\">PS2,<\/span> <span dir=\"ltr\" role=\"presentation\">che<\/span> <span dir=\"ltr\" role=\"presentation\">sar\u00e0<\/span><br role=\"presentation\" \/><span dir=\"ltr\" role=\"presentation\">trasmessa<\/span> <span dir=\"ltr\" role=\"presentation\">alle 8.25<\/span><span dir=\"ltr\" role=\"presentation\">. ACI Sport TV, poi<\/span> <span dir=\"ltr\" role=\"presentation\">live entrambi i passaggi su questa speciale, alle<\/span><br role=\"presentation\" \/><span dir=\"ltr\" role=\"presentation\">8.25 ed alle 14.20<\/span><span dir=\"ltr\" role=\"presentation\">, avr\u00e0 un energico programma giornaliero. Il venerd\u00ec ci sar\u00e0 un collegamento<\/span><br role=\"presentation\" \/><span dir=\"ltr\" role=\"presentation\">infatti in occasione della<\/span> <span dir=\"ltr\" role=\"presentation\">partenza della gara<\/span><span dir=\"ltr\" role=\"presentation\">,<\/span><br role=\"presentation\" \/><span dir=\"ltr\" role=\"presentation\">mentre sabato le telecamere della federazione racconteranno anche<\/span> <span dir=\"ltr\" role=\"presentation\">il doppio passaggio<\/span><br role=\"presentation\" \/><span dir=\"ltr\" role=\"presentation\">sulla<\/span> <span dir=\"ltr\" role=\"presentation\">\u201c<\/span><span dir=\"ltr\" role=\"presentation\">Pertiche<\/span><span dir=\"ltr\" role=\"presentation\">\u201d<\/span><span dir=\"ltr\" role=\"presentation\">,<\/span> <span dir=\"ltr\" role=\"presentation\">con una live alle<\/span> <span dir=\"ltr\" role=\"presentation\">10.20 per la PS5 ed una alle 14.20 per la PS9<\/span><span dir=\"ltr\" role=\"presentation\">. Infine<\/span><br role=\"presentation\" \/><span dir=\"ltr\" role=\"presentation\">interviste<\/span> <span dir=\"ltr\" role=\"presentation\">a<\/span> <span dir=\"ltr\" role=\"presentation\">caldo,<\/span> <span dir=\"ltr\" role=\"presentation\">in<\/span> <span dir=\"ltr\" role=\"presentation\">studio<\/span> <span dir=\"ltr\" role=\"presentation\">dal<\/span> <span dir=\"ltr\" role=\"presentation\">riordino<\/span> <span dir=\"ltr\" role=\"presentation\">dopo<\/span> <span dir=\"ltr\" role=\"presentation\">il<\/span> <span dir=\"ltr\" role=\"presentation\">primo<\/span> <span dir=\"ltr\" role=\"presentation\">giro,<\/span> <span dir=\"ltr\" role=\"presentation\">con<\/span> <span dir=\"ltr\" role=\"presentation\">l\u2019intervento<\/span> <span dir=\"ltr\" role=\"presentation\">dei<\/span><br role=\"presentation\" \/><span dir=\"ltr\" role=\"presentation\">protagonisti tricolori<\/span> <span dir=\"ltr\" role=\"presentation\">previsto dalle 11.40.<\/span> <span dir=\"ltr\" role=\"presentation\">Non mancheranno inoltre gli interventi<\/span> <span dir=\"ltr\" role=\"presentation\">in diretta<\/span><br role=\"presentation\" \/><span dir=\"ltr\" role=\"presentation\">su ACI Radio<\/span> <span dir=\"ltr\" role=\"presentation\">(app ACI Radio, DAB ACI RADIO) in entrambi i giorni di gara,<\/span> <span dir=\"ltr\" role=\"presentation\">uno mattutino<\/span><br role=\"presentation\" \/><span dir=\"ltr\" role=\"presentation\">alle 12.25 ed uno serale alle 19.25<\/span><span dir=\"ltr\" role=\"presentation\">.<\/span> <span dir=\"ltr\" role=\"presentation\">Il luned<\/span><span dir=\"ltr\" role=\"presentation\">\u00ec\u2019<\/span> <span dir=\"ltr\" role=\"presentation\">infine<\/span><span dir=\"ltr\" role=\"presentation\">, dopo che si scoprir\u00e0 chi sar\u00e0 il<\/span><br role=\"presentation\" \/><span dir=\"ltr\" role=\"presentation\">vincitore del 46\u00b0 Rally 1000 Miglia, su<\/span> <span dir=\"ltr\" role=\"presentation\">\u201c<\/span><span dir=\"ltr\" role=\"presentation\">Gazzetta dello Sport<\/span><span dir=\"ltr\" role=\"presentation\">\u201d<\/span> <span dir=\"ltr\" role=\"presentation\">e su<\/span> <span dir=\"ltr\" role=\"presentation\">\u201c<\/span><span dir=\"ltr\" role=\"presentation\">Corriere dello<\/span><br role=\"presentation\" \/><span dir=\"ltr\" role=\"presentation\">Sport<\/span><span dir=\"ltr\" role=\"presentation\">\u201d<\/span> <span dir=\"ltr\" role=\"presentation\">usciranno delle pagine interamente dedicate al racconto ed ai retroscena delle sfide<\/span><br role=\"presentation\" \/><span dir=\"ltr\" role=\"presentation\">sugli asfalti bresciani.<\/span><br role=\"presentation\" \/><span dir=\"ltr\" role=\"presentation\">.<\/span><br role=\"presentation\" \/><strong><span dir=\"ltr\" role=\"presentation\">L<\/span><span dir=\"ltr\" role=\"presentation\">\u2019<\/span><span dir=\"ltr\" role=\"presentation\">Ufficio Stampa<\/span><\/strong><br role=\"presentation\" \/><strong><span dir=\"ltr\" role=\"presentation\">Rif. +39 3346233608 info@erregimedia.com<\/span><\/strong><\/p>\n<div class=\"annotationLayer\" data-main-rotation=\"0\"><\/div>\n","protected":false},"excerpt":{"rendered":"<p>Il sodalizio di Santa Teresa Riva alla gara bresciana sesto appuntamentodel CIAR Sparco con il forte pilota navigato da Rudi Polet sulla Hyundai edel driver nisseno con Rappa alle note<\/p>\n<div><a class=\"permalink\" href=\"https:\/\/www.radioempire.it\/index.php\/2023\/09\/07\/phoenix-e-al-fianco-di-nucita-e-lo-cascio-al-1000-miglia\/\">Read More&#8230;<\/a><\/div>\n","protected":false},"author":2,"featured_media":44310,"comment_status":"closed","ping_status":"closed","sticky":false,"template":"","format":"standard","meta":[],"categories":[3,36],"tags":[],"_links":{"self":[{"href":"https:\/\/www.radioempire.it\/index.php\/wp-json\/wp\/v2\/posts\/44309"}],"collection":[{"href":"https:\/\/www.radioempire.it\/index.php\/wp-json\/wp\/v2\/posts"}],"about":[{"href":"https:\/\/www.radioempire.it\/index.php\/wp-json\/wp\/v2\/types\/post"}],"author":[{"embeddable":true,"href":"https:\/\/www.radioempire.it\/index.php\/wp-json\/wp\/v2\/users\/2"}],"replies":[{"embeddable":true,"href":"https:\/\/www.radioempire.it\/index.php\/wp-json\/wp\/v2\/comments?post=44309"}],"version-history":[{"count":1,"href":"https:\/\/www.radioempire.it\/index.php\/wp-json\/wp\/v2\/posts\/44309\/revisions"}],"predecessor-version":[{"id":44312,"href":"https:\/\/www.radioempire.it\/index.php\/wp-json\/wp\/v2\/posts\/44309\/revisions\/44312"}],"wp:featuredmedia":[{"embeddable":true,"href":"https:\/\/www.radioempire.it\/index.php\/wp-json\/wp\/v2\/media\/44310"}],"wp:attachment":[{"href":"https:\/\/www.radioempire.it\/index.php\/wp-json\/wp\/v2\/media?parent=44309"}],"wp:term":[{"taxonomy":"category","embeddable":true,"href":"https:\/\/www.radioempire.it\/index.php\/wp-json\/wp\/v2\/categories?post=44309"},{"taxonomy":"post_tag","embeddable":true,"href":"https:\/\/www.radioempire.it\/index.php\/wp-json\/wp\/v2\/tags?post=44309"}],"curies":[{"name":"wp","href":"https:\/\/api.w.org\/{rel}","templated":true}]}}