{"id":44681,"date":"2023-09-15T13:20:11","date_gmt":"2023-09-15T13:20:11","guid":{"rendered":"https:\/\/www.radioempire.it\/?p=44681"},"modified":"2023-09-15T13:20:11","modified_gmt":"2023-09-15T13:20:11","slug":"biblioteca-regionale-di-messina-gep-2023-evento-la-musica-a-messina-nei-secoli-attraverso-i-fondi-musicali-della-g-longo-e-di-altre-istituzioni","status":"publish","type":"post","link":"https:\/\/www.radioempire.it\/index.php\/2023\/09\/15\/biblioteca-regionale-di-messina-gep-2023-evento-la-musica-a-messina-nei-secoli-attraverso-i-fondi-musicali-della-g-longo-e-di-altre-istituzioni\/","title":{"rendered":"Biblioteca Regionale di Messina \u2013 GEP 2023- Evento &#8220;La Musica a Messina nei secoli attraverso i Fondi Musicali della G. Longo e di altre Istituzioni."},"content":{"rendered":"<p><strong>Manoscritti musicali, Monografie, Spartiti\u2026 e altro ancora&#8221;\u2013Sabato 23 settembre, ore 18.<\/strong><\/p>\n<p>In occasione delle <strong>Giornate Europee del Patrimonio<\/strong>, edizione <strong>2023<\/strong>, indette dal <strong>M.I.C.,<\/strong> con il tema <strong>&#8220;Patrimonio In Vita&#8221;,<\/strong> di concerto con Enti e Associazioni culturali territoriali e avvalendosi dell&#8217;apporto di esperti e del ricco posseduto sulla tematica, la <strong>Biblioteca Regionale Universitaria &#8220;Giacomo Longo&#8221; organizza l&#8217;evento &#8220;La Musica a Messina nei secoli attraverso i Fondi Musicali della G. Longo e di altre Istituzioni. Manoscritti musicali, Monografie, Spartiti\u2026 e altro ancora&#8221;<\/strong>.<\/p>\n<p>Per esplorare la Musica a Messina fin dalle origini, verr\u00e0 inaugurata <strong>sabato 23 settembre, alle ore 18, presso il Salone Eventi d&#8217;Istituto, una Mostra bibliografico-documentale, alla quale far\u00e0 seguito presso la Sala Lettura, una Conferenza tematica<\/strong>.<\/p>\n<p>Il percorso espositivo verter\u00e0 dai preziosi Manoscritti bizantini e Corali al libro moderno, anche con testi e documenti di altri Enti culturali e Associazioni.<\/p>\n<p><strong>La mostra rester\u00e0 fruibile fino a gioved\u00ec 19 ottobre<\/strong>, negli orari di apertura al pubblico della Biblioteca (Luned\u00ec-Venerd\u00ec, 9-13; Mercoled\u00ec anche pomeriggio, 15-17,30).Visite per gruppi o scolaresche su prenotazione anche in giorni e orari differenti. L&#8217;interessante tematica sar\u00e0 approfondita negli incontri che seguiranno:30 settembre presso la Biblioteca;7 e 14 ottobre presso L&#8217;Ente Teatro di Messina, con l&#8217;apporto di esperti e studiosi, e l&#8217;ausilio di video registrazioni e powerpoint. Durante lo svolgimento dei suddetti tre stimolanti momenti, \u00e8 stata programmata l&#8217;apertura straordinaria dell&#8217;Esposizione bibliografico-documentale presso il Salone Eventi della Biblioteca, dalle ore 18 alle 20.<\/p>\n<p>Si allega il Comunicato Stampa e le Locandine.<\/p>\n<p>Si prega darne massima diffusione.<\/p>\n<p>E&#8217; gradita la presenza di un Vostro Operatore.<\/p>\n<p>In attesa di incontrarci in occasione della manifestazione culturale, si porgono Cordiali Saluti.<\/p>\n<p>Ufficio Relazioni con il Pubblico<br \/>\nLa Referente URP Funz. Dir.<br \/>\nMaria Rita Morgana<\/p>\n<p><a href=\"mailto:urpbibliome@regione.sicilia.it\">urpbibliome@regione.sicilia.it<br \/>\n<\/a>tel. 090674564<\/p>\n","protected":false},"excerpt":{"rendered":"<p>Manoscritti musicali, Monografie, Spartiti\u2026 e altro ancora&#8221;\u2013Sabato 23 settembre, ore 18. In occasione delle Giornate Europee del Patrimonio, edizione 2023, indette dal M.I.C., con il tema &#8220;Patrimonio In Vita&#8221;, di<\/p>\n<div><a class=\"permalink\" href=\"https:\/\/www.radioempire.it\/index.php\/2023\/09\/15\/biblioteca-regionale-di-messina-gep-2023-evento-la-musica-a-messina-nei-secoli-attraverso-i-fondi-musicali-della-g-longo-e-di-altre-istituzioni\/\">Read More&#8230;<\/a><\/div>\n","protected":false},"author":2,"featured_media":44684,"comment_status":"closed","ping_status":"closed","sticky":false,"template":"","format":"standard","meta":[],"categories":[36,78],"tags":[],"_links":{"self":[{"href":"https:\/\/www.radioempire.it\/index.php\/wp-json\/wp\/v2\/posts\/44681"}],"collection":[{"href":"https:\/\/www.radioempire.it\/index.php\/wp-json\/wp\/v2\/posts"}],"about":[{"href":"https:\/\/www.radioempire.it\/index.php\/wp-json\/wp\/v2\/types\/post"}],"author":[{"embeddable":true,"href":"https:\/\/www.radioempire.it\/index.php\/wp-json\/wp\/v2\/users\/2"}],"replies":[{"embeddable":true,"href":"https:\/\/www.radioempire.it\/index.php\/wp-json\/wp\/v2\/comments?post=44681"}],"version-history":[{"count":1,"href":"https:\/\/www.radioempire.it\/index.php\/wp-json\/wp\/v2\/posts\/44681\/revisions"}],"predecessor-version":[{"id":44685,"href":"https:\/\/www.radioempire.it\/index.php\/wp-json\/wp\/v2\/posts\/44681\/revisions\/44685"}],"wp:featuredmedia":[{"embeddable":true,"href":"https:\/\/www.radioempire.it\/index.php\/wp-json\/wp\/v2\/media\/44684"}],"wp:attachment":[{"href":"https:\/\/www.radioempire.it\/index.php\/wp-json\/wp\/v2\/media?parent=44681"}],"wp:term":[{"taxonomy":"category","embeddable":true,"href":"https:\/\/www.radioempire.it\/index.php\/wp-json\/wp\/v2\/categories?post=44681"},{"taxonomy":"post_tag","embeddable":true,"href":"https:\/\/www.radioempire.it\/index.php\/wp-json\/wp\/v2\/tags?post=44681"}],"curies":[{"name":"wp","href":"https:\/\/api.w.org\/{rel}","templated":true}]}}