{"id":45164,"date":"2023-09-25T14:49:52","date_gmt":"2023-09-25T14:49:52","guid":{"rendered":"https:\/\/www.radioempire.it\/?p=45164"},"modified":"2023-09-25T14:52:04","modified_gmt":"2023-09-25T14:52:04","slug":"due-equipaggi-phoenix-in-top-ten-al-20-rally-del-tirreno-messina","status":"publish","type":"post","link":"https:\/\/www.radioempire.it\/index.php\/2023\/09\/25\/due-equipaggi-phoenix-in-top-ten-al-20-rally-del-tirreno-messina\/","title":{"rendered":"Due equipaggi Phoenix in Top Ten al 20\u00b0 Rally del Tirreno Messina"},"content":{"rendered":"<p><strong><em>Celesti-Aliberto su Skoda sesti e Sturiale-Gentile su Renault Clio settimi brillano in una gara contraddistinta dalle avverse condizioni meteo, causa di tanti abbandoni anche fra le file del sodalizio messinese<\/em><\/strong><\/p>\n<p><strong><em>\u00a0<\/em><\/strong><strong>Santa Teresa Riva (ME), 25 Settembre.<\/strong> Il Team Automobilistico Phoenix ha onorato la\u00a0 20^ edizione del Rally Tirreno Messina, ultimo round della Coppa Italia 8^ zona e penultima del Campionato Siciliano, con una super partecipazione di 16 vetture al via e 2 prestigiosi piazzamenti in Top Ten oltre che alcuni successi di Classe.<\/p>\n<p>La gara per tutti gli equipaggi \u00e8 stata difficilissima, condizionata dalla variabilit\u00e0 del meteo, e dai fortissimi scrosci di pioggia che hanno reso alcuni punti delle prove speciali molto impegnative, cos\u00ec mentre per alcuni c\u2019\u00e8 stata la possibilit\u00e0 di emergere altri sono stati costretti all\u2019abbandono.<\/p>\n<p><img loading=\"lazy\" class=\"size-medium wp-image-45165 alignleft\" src=\"https:\/\/www.radioempire.it\/wp-content\/uploads\/2023\/09\/STURIALE-300x194.jpg\" alt=\"\" width=\"300\" height=\"194\" srcset=\"https:\/\/www.radioempire.it\/wp-content\/uploads\/2023\/09\/STURIALE-300x194.jpg 300w, https:\/\/www.radioempire.it\/wp-content\/uploads\/2023\/09\/STURIALE-1024x663.jpg 1024w, https:\/\/www.radioempire.it\/wp-content\/uploads\/2023\/09\/STURIALE-768x497.jpg 768w, https:\/\/www.radioempire.it\/wp-content\/uploads\/2023\/09\/STURIALE.jpg 1280w\" sizes=\"(max-width: 300px) 100vw, 300px\" \/>In particolare spiccano il sesto e il settimo posto nella classifica assoluta di Giovanni Celesti con Luigi Aliberto e il settimo di Angelo Sturiale e Claudia Gentile.<\/p>\n<p>Celesti, driver messinese di lungo corso, ha impostato la sua corsa in difesa non disponendo delle gomme adatte alle condizioni, mostrando per\u00f2 di trovarsi a suo agio alla sua \u201cprima\u201d con la vettura boema, che ha definito &#8220;davvero fantastica&#8221;.<\/p>\n<p>Strepitosa la gara di Sturiale che \u00e8 riuscito a gestire la sua corsa in maniera perfetta riuscendo a cogliere un piazzamento favoloso con la generosa Renault Clio Rs\u00a0 di gruppo R4CN\u00a0 con la quale ha vinto la classe A7.<\/p>\n<p>Nello stesso gruppo RC4N ha chiuso al terzo posto fra le Peugeot 208 aspirate il messinese di Villafranca Alessandro Anastasti con alle note Giuseppe Presti. Per lui un passaggio al volante decisamente esaltante, nella gara di casa che lo ha visto protagonista nelle difficili condizioni sui colli Peloritani. Ancora in R4CN hanno primeggiato in classe K10 Massimo Lisa e Antonino Trovato su Citroen Sax\u00f2 in versione Kit, equipaggio che oltre al successo ha riscosso i complimenti degli avversari per l&#8217;elevato ritmo che \u00e8 stato capace di tenere sulle selettive prove.<\/p>\n<p>Altre gratificazioni ed ottimi successi si trovano passando al gruppo RC5 successo di classe N3 per Giuseppe Arena e Angelo Bertino con la Renault Clio, mentre secondi Roberto Mignani e Gianluca De Cl\u00f2 su\u00a0Peugeot 106 sono risultati in classe N2, dove al quarto posto si sono classificati Santi Varvaro in gara con la figlia Asia.<\/p>\n<p>Puntavano in alto messinesi Maurizio Rizzo e Massimo D&#8217;Angelo, con la bella Citroen DS3 di classe N5 naz. e Sergio Scuderi con alle note Massimo Giacobbe su Renault Clio di classe R3, ma entrambi sono stati privati delle migliori ambizioni sulla prova speciale Campo Italia, usciti e costretti alla resa sotto la pioggia torrenziale. Stop forzato anche per altri portacolori Phoenix, la gara si \u00e8 rivelata in tutta la sua selettivit\u00e0.<\/p>\n<p>L\u2019Ufficio Stampa<\/p>\n<p>Rif. +39 3346233608 <a href=\"mailto:info@erregimedia.com\">info@erregimedia.com<\/a><\/p>\n","protected":false},"excerpt":{"rendered":"<p>Celesti-Aliberto su Skoda sesti e Sturiale-Gentile su Renault Clio settimi brillano in una gara contraddistinta dalle avverse condizioni meteo, causa di tanti abbandoni anche fra le file del sodalizio messinese<\/p>\n<div><a class=\"permalink\" href=\"https:\/\/www.radioempire.it\/index.php\/2023\/09\/25\/due-equipaggi-phoenix-in-top-ten-al-20-rally-del-tirreno-messina\/\">Read More&#8230;<\/a><\/div>\n","protected":false},"author":2,"featured_media":45166,"comment_status":"closed","ping_status":"closed","sticky":false,"template":"","format":"standard","meta":[],"categories":[36,78],"tags":[],"_links":{"self":[{"href":"https:\/\/www.radioempire.it\/index.php\/wp-json\/wp\/v2\/posts\/45164"}],"collection":[{"href":"https:\/\/www.radioempire.it\/index.php\/wp-json\/wp\/v2\/posts"}],"about":[{"href":"https:\/\/www.radioempire.it\/index.php\/wp-json\/wp\/v2\/types\/post"}],"author":[{"embeddable":true,"href":"https:\/\/www.radioempire.it\/index.php\/wp-json\/wp\/v2\/users\/2"}],"replies":[{"embeddable":true,"href":"https:\/\/www.radioempire.it\/index.php\/wp-json\/wp\/v2\/comments?post=45164"}],"version-history":[{"count":3,"href":"https:\/\/www.radioempire.it\/index.php\/wp-json\/wp\/v2\/posts\/45164\/revisions"}],"predecessor-version":[{"id":45169,"href":"https:\/\/www.radioempire.it\/index.php\/wp-json\/wp\/v2\/posts\/45164\/revisions\/45169"}],"wp:featuredmedia":[{"embeddable":true,"href":"https:\/\/www.radioempire.it\/index.php\/wp-json\/wp\/v2\/media\/45166"}],"wp:attachment":[{"href":"https:\/\/www.radioempire.it\/index.php\/wp-json\/wp\/v2\/media?parent=45164"}],"wp:term":[{"taxonomy":"category","embeddable":true,"href":"https:\/\/www.radioempire.it\/index.php\/wp-json\/wp\/v2\/categories?post=45164"},{"taxonomy":"post_tag","embeddable":true,"href":"https:\/\/www.radioempire.it\/index.php\/wp-json\/wp\/v2\/tags?post=45164"}],"curies":[{"name":"wp","href":"https:\/\/api.w.org\/{rel}","templated":true}]}}