{"id":45373,"date":"2023-09-29T13:27:48","date_gmt":"2023-09-29T13:27:48","guid":{"rendered":"https:\/\/www.radioempire.it\/?p=45373"},"modified":"2023-09-29T13:27:48","modified_gmt":"2023-09-29T13:27:48","slug":"sanremo-da-riscatto-per-phoenix","status":"publish","type":"post","link":"https:\/\/www.radioempire.it\/index.php\/2023\/09\/29\/sanremo-da-riscatto-per-phoenix\/","title":{"rendered":"Sanremo da riscatto per Phoenix"},"content":{"rendered":"<p><strong><em>Il sodalizio messinese, punta sul blasonato rally ligure, penultimo appuntamento CIAR Sparco, al rilancio dopo gli eventi del Rally 1000 Miglia. Nucita con Pollet su Hyundai mirano ad una gara di\u00a0 vertice, Lo Cascio con Rappa nel Gr Yaris Cup, partono ad un punto dalla leadership<\/em><\/strong>.<\/p>\n<p><strong>Sanremo (IM), 28 settembre<\/strong>. Mancano poche ore al via della 70^ edizione del Rally di Sanremo, penultimo appuntamento del Campionato Italiano Assoluto Rally Sparco e della Gr Yaris Cup, l&#8217;apprezzato monomarca Toyota. La mitica gara sulle strade della riva ligure di ponente, teatro di gesta mondiali per un trentennio, ha per gli equipaggi della Phoenix il sapore del riscatto dopo le avversit\u00e0 del Rally 1000 miglia.<\/p>\n<p>Andrea Nucita con Rudy Pollet alle note, vuole cancellare il ricordo di quella &#8220;toccata&#8221;, che lo ha estromesso dalla lotta al vertice ed \u00e8 pronto qui a San Remo a brillare dopo aver testato nella rimonta il potenziale della Hyundai i20, la vettura di Hyundai Italia. L&#8217;opportunit\u00e0 di mettersi in luce \u00e8 altissima e il pilota originario di Santa Teresa Riva, non vuol lasciarsela scappare proprio in una delle gare pi\u00f9 blasonate del panorama nazionale.<\/p>\n<p><img loading=\"lazy\" class=\"size-medium wp-image-45375 alignleft\" src=\"https:\/\/www.radioempire.it\/wp-content\/uploads\/2023\/09\/Lo-Cascio-Rappa-Toyota-Yaris-300x200.jpg\" alt=\"\" width=\"300\" height=\"200\" srcset=\"https:\/\/www.radioempire.it\/wp-content\/uploads\/2023\/09\/Lo-Cascio-Rappa-Toyota-Yaris-300x200.jpg 300w, https:\/\/www.radioempire.it\/wp-content\/uploads\/2023\/09\/Lo-Cascio-Rappa-Toyota-Yaris.jpg 728w\" sizes=\"(max-width: 300px) 100vw, 300px\" \/>Il giovane nisseno Salvatore Lo Cascio e l&#8217;esperto palermitano Gianfranco Rappa possono recriminare anche loro per aver perso la seconda piazza all&#8217;ultima speciale del 1000 Miglia, il che \u00e8 costato in termini di punti nella graduatoria del Gr YARIS Cup. Adesso sono chiamati ad una prova d&#8217;orgoglio in una gara per certi versi decisiva, trovandosi ad appena un punto dalla leadership di campionato.<\/p>\n<p>Il percorso del Rallye Sanremo prevede 13 prove speciali per 104,97 km cronometrati, con partenza oggi pomeriggio dalle ore 14:51 e arrivo sabato sera dalle 19:11 sempre in Corso Imperatrice, di fronte al Casin\u00f2 di Sanremo.<\/p>\n<p>Dopo lo shakedown di preparazione,che si sta svolgendo in queste ore, l\u2019unica prova della prima giornata sar\u00e0 la breve Power Stage \u201cVigne di Bajardo\u201d (2,27 km) che assegner\u00e0 3,2,1 punti ai primi tre classificati nel CIAR Sparco, CIRP e CIAR Junior, trasmessa dalle 15:55 in diretta TV su RAI Sport (ch. 58 DT, <a href=\"http:\/\/raiplay.it\">raiplay.it<\/a>) e ACI Sport TV (ch. 228 Sky, ch. 52 tiv\u00f9sat, <a href=\"http:\/\/acisport.it\">acisport.it<\/a>, pagine Facebook @ACISportTV e @CIRally).<\/p>\n<p>La seconda giornata si comporr\u00e0 in tre sessioni, intervallate da due rientri in parco assistenza a Sanremo nella vecchia stazione, durante le quali verranno affrontati cinque diversi tratti cronometrati. La prova \u201cLangan\u201d (14,62 km \u2013 SS2 8:21, SS6 12:38, SS10 16:55) sar\u00e0 la pi\u00f9 lunga e aprir\u00e0 ognuno dei tre giri. La pi\u00f9 breve sar\u00e0 invece la \u201cApricale\u201d (5,09 km \u2013 SS3 9:20) che verr\u00e0 effettuata solo una volta, nel primo giro, e sar\u00e0 poi sostituita dalla \u201cSemoigo\u201d (7,36 km \u2013 SS7 13:37, SS11 17:54). Le due prove \u201cBignone\u201d (7,49 km \u2013 SS4 9:40, SS8 13:57, SS12 18:14) e \u201cColdirodi\u201d (5,46 km \u2013 SS5 9:59, SS9 14:16, SS13 18:33) chiuderanno ogni giro. Il quartier generale e la sala stampa verranno ospitate al Grand Hotel Londra.<\/p>\n<p>&nbsp;<\/p>\n","protected":false},"excerpt":{"rendered":"<p>Il sodalizio messinese, punta sul blasonato rally ligure, penultimo appuntamento CIAR Sparco, al rilancio dopo gli eventi del Rally 1000 Miglia. Nucita con Pollet su Hyundai mirano ad una gara<\/p>\n<div><a class=\"permalink\" href=\"https:\/\/www.radioempire.it\/index.php\/2023\/09\/29\/sanremo-da-riscatto-per-phoenix\/\">Read More&#8230;<\/a><\/div>\n","protected":false},"author":2,"featured_media":45374,"comment_status":"closed","ping_status":"closed","sticky":false,"template":"","format":"standard","meta":[],"categories":[3,36],"tags":[],"_links":{"self":[{"href":"https:\/\/www.radioempire.it\/index.php\/wp-json\/wp\/v2\/posts\/45373"}],"collection":[{"href":"https:\/\/www.radioempire.it\/index.php\/wp-json\/wp\/v2\/posts"}],"about":[{"href":"https:\/\/www.radioempire.it\/index.php\/wp-json\/wp\/v2\/types\/post"}],"author":[{"embeddable":true,"href":"https:\/\/www.radioempire.it\/index.php\/wp-json\/wp\/v2\/users\/2"}],"replies":[{"embeddable":true,"href":"https:\/\/www.radioempire.it\/index.php\/wp-json\/wp\/v2\/comments?post=45373"}],"version-history":[{"count":1,"href":"https:\/\/www.radioempire.it\/index.php\/wp-json\/wp\/v2\/posts\/45373\/revisions"}],"predecessor-version":[{"id":45376,"href":"https:\/\/www.radioempire.it\/index.php\/wp-json\/wp\/v2\/posts\/45373\/revisions\/45376"}],"wp:featuredmedia":[{"embeddable":true,"href":"https:\/\/www.radioempire.it\/index.php\/wp-json\/wp\/v2\/media\/45374"}],"wp:attachment":[{"href":"https:\/\/www.radioempire.it\/index.php\/wp-json\/wp\/v2\/media?parent=45373"}],"wp:term":[{"taxonomy":"category","embeddable":true,"href":"https:\/\/www.radioempire.it\/index.php\/wp-json\/wp\/v2\/categories?post=45373"},{"taxonomy":"post_tag","embeddable":true,"href":"https:\/\/www.radioempire.it\/index.php\/wp-json\/wp\/v2\/tags?post=45373"}],"curies":[{"name":"wp","href":"https:\/\/api.w.org\/{rel}","templated":true}]}}