{"id":45598,"date":"2023-10-03T09:37:37","date_gmt":"2023-10-03T09:37:37","guid":{"rendered":"https:\/\/www.radioempire.it\/?p=45598"},"modified":"2023-10-03T09:37:37","modified_gmt":"2023-10-03T09:37:37","slug":"la-targa-florio-classica-2023-si-presenta-giovedi-5-ottobre","status":"publish","type":"post","link":"https:\/\/www.radioempire.it\/index.php\/2023\/10\/03\/la-targa-florio-classica-2023-si-presenta-giovedi-5-ottobre\/","title":{"rendered":"La Targa Florio Classica 2023 si presenta gioved\u00ec 5 ottobre"},"content":{"rendered":"<p class=\"\"><span class=\"\"><b class=\"\">Alle 17 presso la Presidenza AC Palermo in via Nicol\u00f2 Turrisi, 30 il Presidente dell\u2019Automobile Club D\u2019Italia Angelo Sticchi Damiani illustrer\u00e0 le novit\u00e0 dell\u2019evento che si svolger\u00e0 dal 13 al 15 ottobre tra le provincie di Palermo e Trapani.<\/b><\/span><\/p>\n<p class=\"\"><span class=\"\">Palermo, 2 ottobre 2023. Sar\u00e0 il Presidente dell\u2019Automobile Club d\u2019Italia Angelo Sticchi Damiani\u00a0 a parlare, gioved\u00ec 5 ottobre alle ore 17.00 presso la sede della Presidenza AC Palermo, delle novit\u00e0 della Targa Florio Classica 2023 e Ferrari Tribute to Targa Florio. Una nuova edizione della competizione di regolarit\u00e0, che \u00e8 pronta a portare al centro della scena auto che hanno fatto la storia, attraverso la rievocazione della corsa automobilistica pi\u00f9 antica del mondo ed i luoghi della regione dove l\u2019evento \u00e8 nato nel 1906.\u00a0<\/span><\/p>\n<p class=\"\"><span class=\"\">La Targa Florio Classica \u00e8 gara di regolarit\u00e0 valida per il Campionato Italiano Grandi Eventi e questa edizione avr\u00e0 validit\u00e0 anche per il Campionato Italiano Regolarit\u00e0 Auto Storiche, altra massima serie tricolore. I partecipanti con una vettura Gran Turismo stradale prodotta dal 1991 parteciperanno infine al Campionato Italiano Grandi Eventi Regolarit\u00e0 Moderna. Tutte le competizioni sono appuntamento del Campionato Siciliano Regolarit\u00e0. Quattro validit\u00e0, tre Titoli Italiani in palio per una gara che di anno in anno cresce nel panorama internazionale. Il Ferrari Tribute to Targa Florio \u00e8 l\u2019immancabile appuntamento che il marchio del Cavallino Rampante dedica ai possessori degli esclusivi modelli della casa di Maranello, in occasione dell\u2019evento siciliano. L\u2019edizione 2023 \u00e8 pronta ad aprire il prestigioso e blasonato sipario e dal 13 al 15 ottobre porta nuovamente auto ed equipaggi sulla ribalta del palcoscenico pi\u00f9 celebre, quello siciliano, tra le provincie di Palermo e Trapani.\u00a0<\/span><\/p>\n<p class=\"\"><span class=\"\">La Targa Florio Classica ha al suo fianco importanti partner con cui condivide quegli intenti di lungimiranza e continuo sguardo al futuro, che passano attraverso l\u2019esaltazione di luoghi unici con i loro patrimoni naturalistici, storici, artistici, culturali e di impareggiabile tradizione. La Regione Sicilia, la citt\u00e0 di Palermo, l\u2019Ateneo con il Museo dei Motori del Sistema Museale dell&#8217;Universit\u00e0 di Palermo, fulcro dell\u2019intero evento, a cui si aggiungono esclusivi brand che hanno legato il proprio nome all\u2019evento siciliano targato ACI ed ACI Storico.<\/span><\/p>\n<p class=\"\"><span class=\"\">Palermo citt\u00e0 di riferimento e sar\u00e0 coinvolta la provincia di Trapani, con le sue meraviglie e le sue strade, oltre alla lunga tradizione di specialisti della regolarit\u00e0 originari proprio dei luoghi attraversati dalla gara nella sua 1^ tappa. Immancabile il passaggio sul \u201cCircuito delle Madonie\u201d. Molto ricco di equipaggi e soprattutto di esclusivi modelli di auto, l\u2019elenco iscritti, scorrendo il quale, si potranno scorgere tanti nomi illustri della affascinante e coinvolgente disciplina, oltre che vetture di immenso valore storico e sportivo.<\/span><\/p>\n<p class=\"\"><span class=\"\">Ufficio Stampa Targa Florio Classica<\/span><\/p>\n<p class=\"\"><span class=\"\">Rosario Giordano +39 3346233608 <a class=\"\" href=\"mailto:external.giordano@acisportspa.it\">external.giordano@acisportspa.it<\/a>\u00a0<\/span><\/p>\n<p class=\"\"><span class=\"\">Marco Benanti +39 339 719 3322 <a class=\"\" href=\"mailto:external.benanti@acisportspa.it\">external.benanti@acisportspa.it<\/a><\/span><\/p>\n<div class=\"\"><\/div>\n","protected":false},"excerpt":{"rendered":"<p>Alle 17 presso la Presidenza AC Palermo in via Nicol\u00f2 Turrisi, 30 il Presidente dell\u2019Automobile Club D\u2019Italia Angelo Sticchi Damiani illustrer\u00e0 le novit\u00e0 dell\u2019evento che si svolger\u00e0 dal 13 al<\/p>\n<div><a class=\"permalink\" href=\"https:\/\/www.radioempire.it\/index.php\/2023\/10\/03\/la-targa-florio-classica-2023-si-presenta-giovedi-5-ottobre\/\">Read More&#8230;<\/a><\/div>\n","protected":false},"author":2,"featured_media":45599,"comment_status":"closed","ping_status":"closed","sticky":false,"template":"","format":"standard","meta":[],"categories":[3,36],"tags":[],"_links":{"self":[{"href":"https:\/\/www.radioempire.it\/index.php\/wp-json\/wp\/v2\/posts\/45598"}],"collection":[{"href":"https:\/\/www.radioempire.it\/index.php\/wp-json\/wp\/v2\/posts"}],"about":[{"href":"https:\/\/www.radioempire.it\/index.php\/wp-json\/wp\/v2\/types\/post"}],"author":[{"embeddable":true,"href":"https:\/\/www.radioempire.it\/index.php\/wp-json\/wp\/v2\/users\/2"}],"replies":[{"embeddable":true,"href":"https:\/\/www.radioempire.it\/index.php\/wp-json\/wp\/v2\/comments?post=45598"}],"version-history":[{"count":1,"href":"https:\/\/www.radioempire.it\/index.php\/wp-json\/wp\/v2\/posts\/45598\/revisions"}],"predecessor-version":[{"id":45600,"href":"https:\/\/www.radioempire.it\/index.php\/wp-json\/wp\/v2\/posts\/45598\/revisions\/45600"}],"wp:featuredmedia":[{"embeddable":true,"href":"https:\/\/www.radioempire.it\/index.php\/wp-json\/wp\/v2\/media\/45599"}],"wp:attachment":[{"href":"https:\/\/www.radioempire.it\/index.php\/wp-json\/wp\/v2\/media?parent=45598"}],"wp:term":[{"taxonomy":"category","embeddable":true,"href":"https:\/\/www.radioempire.it\/index.php\/wp-json\/wp\/v2\/categories?post=45598"},{"taxonomy":"post_tag","embeddable":true,"href":"https:\/\/www.radioempire.it\/index.php\/wp-json\/wp\/v2\/tags?post=45598"}],"curies":[{"name":"wp","href":"https:\/\/api.w.org\/{rel}","templated":true}]}}