{"id":45758,"date":"2023-10-06T14:00:30","date_gmt":"2023-10-06T14:00:30","guid":{"rendered":"https:\/\/www.radioempire.it\/?p=45758"},"modified":"2023-10-06T14:00:30","modified_gmt":"2023-10-06T14:00:30","slug":"gal-taormina-peloritani-terre-dei-miti-e-della-bellezza","status":"publish","type":"post","link":"https:\/\/www.radioempire.it\/index.php\/2023\/10\/06\/gal-taormina-peloritani-terre-dei-miti-e-della-bellezza\/","title":{"rendered":"GAL TAORMINA PELORITANI, TERRE DEI MITI E DELLA BELLEZZA"},"content":{"rendered":"<p><strong>PIANO STRATEGICO DELLA PAC 2023\/2027- INCONTRI DI ANIMAZIONE E INFORMAZIONE SULLA STRATEGIA<\/strong><br \/>\n<strong>DI SVILUPPO LOCALE DI TIPO PARTECIPATIVO (SSLTP)<\/strong><br \/>\nNell\u2019ambito della Pianificazione della nuova Strategia di Sviluppo Locale per il periodo 2023\/2027 il<br \/>\nGAL Taormina Peloritani, Terre dei Miti e della Bellezza, ha dato il via a una serie di Incontri di<br \/>\nAnimazione e Informazione territoriale, incentrati sul coinvolgimento e il confronto con i diversi<br \/>\nattori del territorio, sia pubblici che privati, e cittadini, al fine di individuare i fabbisogni, sostenerli<br \/>\nnell\u2019individuazione degli ambiti tematici, sulle potenzialit\u00e0 del territorio e nella selezione degli<br \/>\ninterventi per elaborare una strategia il pi\u00f9 possibile condivisa.<br \/>\nGli incontri di animazione territoriale sono un\u2019occasione di confronto con gli attori locali e portatori<br \/>\ndi interessi per ottenere un quadro completo dei bisogni e delle aspettative del territorio, sulla base<br \/>\ndel quale definire la strategia di sviluppo locale nella nuova programmazione PAC 23-27.<br \/>\n-Un incontro di un fitto calendario che porter\u00e0 il GAL su tutto il territorio, <strong>si \u00e8 svolto gioved\u00ec 05<\/strong><br \/>\n<strong>Ottobre presso l\u2019Aula consiliare di Letojanni<\/strong> alla presenza dei Componenti dell\u2019Amministrazione<br \/>\ndi Letojanni, del Sindaco di Gallodoro Alfio Currenti e di una qualificata platea composta da<br \/>\noperatori economici, professionisti, insegnanti e cittadini che hanno offerto spunti molto<br \/>\ninteressanti sull\u2019argomento.<br \/>\nGli interessati potranno compilare un questionario on line per proporre iniziative e idee negli<br \/>\nambiti turistici, culturali e sociali.<br \/>\nPer il GAL erano presenti la Responsabile di Piano Carlotta Previti e l\u2019Avvocato Roberto Garufi<\/p>\n<p><img loading=\"lazy\" class=\"size-medium wp-image-45760 alignleft\" src=\"https:\/\/www.radioempire.it\/wp-content\/uploads\/2023\/10\/Foto-n.-1-Incontro-Pagliara-05.10.2023-300x225.jpeg\" alt=\"\" width=\"300\" height=\"225\" srcset=\"https:\/\/www.radioempire.it\/wp-content\/uploads\/2023\/10\/Foto-n.-1-Incontro-Pagliara-05.10.2023-300x225.jpeg 300w, https:\/\/www.radioempire.it\/wp-content\/uploads\/2023\/10\/Foto-n.-1-Incontro-Pagliara-05.10.2023-1024x768.jpeg 1024w, https:\/\/www.radioempire.it\/wp-content\/uploads\/2023\/10\/Foto-n.-1-Incontro-Pagliara-05.10.2023-768x576.jpeg 768w, https:\/\/www.radioempire.it\/wp-content\/uploads\/2023\/10\/Foto-n.-1-Incontro-Pagliara-05.10.2023-1536x1152.jpeg 1536w, https:\/\/www.radioempire.it\/wp-content\/uploads\/2023\/10\/Foto-n.-1-Incontro-Pagliara-05.10.2023.jpeg 1600w\" sizes=\"(max-width: 300px) 100vw, 300px\" \/>-Un incontro di un fitto calendario che porter\u00e0 il GAL su tutto il territorio, <strong>si \u00e8 svolto gioved\u00ec 05<\/strong><br \/>\n<strong>Ottobre presso l\u2019Aula consiliare di Pagliara<\/strong>, alla presenza del Sindaco di Pagliara Sebastiano<br \/>\nGugliotta con la sua Amministrazione e di una qualificata platea composta da operatori economici,<br \/>\nprofessionisti, insegnanti e cittadini che hanno offerto spunti molto interessanti sull\u2019argomento.<br \/>\nGli interessati potranno compilare un questionario on line per proporre iniziative e idee negli<br \/>\nambiti turistici, culturali e sociali.<br \/>\nPer il GAL erano presenti il Presidente Domenico Ravid\u00e0, la Responsabile di Piano Carlotta<br \/>\nPreviti, l\u2019Ingegnere Angelo Parisi e l\u2019Avvocato Roberto Garufi.<\/p>\n<p>&nbsp;<\/p>\n<div class=\"textLayer\" data-main-rotation=\"0\"><img loading=\"lazy\" class=\"size-medium wp-image-45761 alignleft\" src=\"https:\/\/www.radioempire.it\/wp-content\/uploads\/2023\/10\/Foto-incontro-Mandanici-05.10.2023-300x169.jpeg\" alt=\"\" width=\"300\" height=\"169\" srcset=\"https:\/\/www.radioempire.it\/wp-content\/uploads\/2023\/10\/Foto-incontro-Mandanici-05.10.2023-300x169.jpeg 300w, https:\/\/www.radioempire.it\/wp-content\/uploads\/2023\/10\/Foto-incontro-Mandanici-05.10.2023-1024x576.jpeg 1024w, https:\/\/www.radioempire.it\/wp-content\/uploads\/2023\/10\/Foto-incontro-Mandanici-05.10.2023-768x432.jpeg 768w, https:\/\/www.radioempire.it\/wp-content\/uploads\/2023\/10\/Foto-incontro-Mandanici-05.10.2023-1536x864.jpeg 1536w, https:\/\/www.radioempire.it\/wp-content\/uploads\/2023\/10\/Foto-incontro-Mandanici-05.10.2023.jpeg 1600w\" sizes=\"(max-width: 300px) 100vw, 300px\" \/>-Un incontro di un fitto calendario che porter\u00e0 il GAL su tutto il territorio, <strong>si \u00e8 svolto gioved\u00ec 05<\/strong><br \/>\n<strong>Ottobre presso l\u2019Aula consiliare di Mandanici<\/strong>, alla presenza del Vice Sindaco Erika Arizzi,<br \/>\ndell\u2019Assessore Sebastiano Ravid\u00e0 e degli altri Componenti dell\u2019Amministrazione di Mandanici e<br \/>\ndi una qualificata platea composta da operatori economici, professionisti, insegnanti e cittadini che<br \/>\nhanno offerto spunti molto interessanti sull\u2019argomento.<br \/>\nGli interessati potranno compilare un questionario on line per proporre iniziative e idee negli<br \/>\nambiti turistici, culturali e sociali.<br \/>\nPer il GAL erano presenti il Presidente Domenico Ravid\u00e0, la Responsabile di Piano Carlotta<br \/>\nPreviti, l\u2019Ingegnere Angelo Parisi e l\u2019Avvocato Roberto Garufi.<\/div>\n","protected":false},"excerpt":{"rendered":"<p>PIANO STRATEGICO DELLA PAC 2023\/2027- INCONTRI DI ANIMAZIONE E INFORMAZIONE SULLA STRATEGIA DI SVILUPPO LOCALE DI TIPO PARTECIPATIVO (SSLTP) Nell\u2019ambito della Pianificazione della nuova Strategia di Sviluppo Locale per il<\/p>\n<div><a class=\"permalink\" href=\"https:\/\/www.radioempire.it\/index.php\/2023\/10\/06\/gal-taormina-peloritani-terre-dei-miti-e-della-bellezza\/\">Read More&#8230;<\/a><\/div>\n","protected":false},"author":2,"featured_media":45759,"comment_status":"closed","ping_status":"closed","sticky":false,"template":"","format":"standard","meta":[],"categories":[3,36],"tags":[],"_links":{"self":[{"href":"https:\/\/www.radioempire.it\/index.php\/wp-json\/wp\/v2\/posts\/45758"}],"collection":[{"href":"https:\/\/www.radioempire.it\/index.php\/wp-json\/wp\/v2\/posts"}],"about":[{"href":"https:\/\/www.radioempire.it\/index.php\/wp-json\/wp\/v2\/types\/post"}],"author":[{"embeddable":true,"href":"https:\/\/www.radioempire.it\/index.php\/wp-json\/wp\/v2\/users\/2"}],"replies":[{"embeddable":true,"href":"https:\/\/www.radioempire.it\/index.php\/wp-json\/wp\/v2\/comments?post=45758"}],"version-history":[{"count":1,"href":"https:\/\/www.radioempire.it\/index.php\/wp-json\/wp\/v2\/posts\/45758\/revisions"}],"predecessor-version":[{"id":45762,"href":"https:\/\/www.radioempire.it\/index.php\/wp-json\/wp\/v2\/posts\/45758\/revisions\/45762"}],"wp:featuredmedia":[{"embeddable":true,"href":"https:\/\/www.radioempire.it\/index.php\/wp-json\/wp\/v2\/media\/45759"}],"wp:attachment":[{"href":"https:\/\/www.radioempire.it\/index.php\/wp-json\/wp\/v2\/media?parent=45758"}],"wp:term":[{"taxonomy":"category","embeddable":true,"href":"https:\/\/www.radioempire.it\/index.php\/wp-json\/wp\/v2\/categories?post=45758"},{"taxonomy":"post_tag","embeddable":true,"href":"https:\/\/www.radioempire.it\/index.php\/wp-json\/wp\/v2\/tags?post=45758"}],"curies":[{"name":"wp","href":"https:\/\/api.w.org\/{rel}","templated":true}]}}