{"id":45788,"date":"2023-10-06T15:53:45","date_gmt":"2023-10-06T15:53:45","guid":{"rendered":"https:\/\/www.radioempire.it\/?p=45788"},"modified":"2023-10-06T16:02:43","modified_gmt":"2023-10-06T16:02:43","slug":"ali-terme-presentato-il-cartellone-del-nuovo-cineforum","status":"publish","type":"post","link":"https:\/\/www.radioempire.it\/index.php\/2023\/10\/06\/ali-terme-presentato-il-cartellone-del-nuovo-cineforum\/","title":{"rendered":"Al\u00ec Terme: presentato il cartellone del nuovo cineforum"},"content":{"rendered":"<p><strong>Al\u00ec Terme<\/strong>. Presentata al Cinema Vittoria, nella serata del 2 ottobre, la stagione autunnale del Cineforum. Alla presenza del Provveditore agli studi di Messina Stello Vadal\u00e0, del provveditore emerito Gustavo Ricevuto, del preside dell\u2019IISS \u201cSalvatore Pugliatti\u201d di Furci Siculo Luigi Napoli, del corpo docente del succitato istituto e del Liceo \u201cCaminiti-Trimarchi\u201d, delle dirigenti scolastiche Enza Interdonato e Maria Elena Carbone, della direttrice dell\u2019Istituto \u201cMaria Ausiliatrice\u201d Suor Mariella Lo Turco, dell\u2019assessore alla Cultura del Comune aliese Rita Cicala, di Paolo Signorelli e Debora Sapienza, rispettivamente presidente e segretaria Anec Sicilia e di numerose altre autorit\u00e0 e rappresentanti di associazioni, gli organizzatori della rassegna hanno illustrato le linee guida che hanno contraddistinto le scelte degli otto film che compongono il cartellone. Le proiezioni saranno articolate su due giorni la settimana: tre al mercoled\u00ec (ore 15, 18, 21) e due il gioved\u00ec (15, 17.30) e, novit\u00e0 di quest\u2019anno, nelle due proiezioni delle 15 il film sar\u00e0 proposto in lingua originale con i sottotitoli in italiano. In cartellone anche due film che hanno avuto il loro battesimo nell\u2019ultima Mostra Internazionale del Cinema di Venezia, ovvero \u201cComandante\u201d (film d\u2019apertura della rassegna lagunare) e \u201cIo Capitano\u201d (Leone d\u2019argento per la migliore regia a Matteo Garrone e premio Mastroianni al miglior attore esordiente Seydou Sarr). La rassegna prender\u00e0 il via mercoled\u00ec 18 ottobre con la commedia \u201cUn divano a Tunisi\u201d, film franco-tunisino.<\/p>\n<figure id=\"attachment_45795\" aria-describedby=\"caption-attachment-45795\" style=\"width: 300px\" class=\"wp-caption alignleft\"><img loading=\"lazy\" class=\"size-medium wp-image-45795\" src=\"https:\/\/www.radioempire.it\/wp-content\/uploads\/2023\/10\/Golshifteh-Farahani-2-300x225.jpg\" alt=\"\" width=\"300\" height=\"225\" srcset=\"https:\/\/www.radioempire.it\/wp-content\/uploads\/2023\/10\/Golshifteh-Farahani-2-300x225.jpg 300w, https:\/\/www.radioempire.it\/wp-content\/uploads\/2023\/10\/Golshifteh-Farahani-2.jpg 640w\" sizes=\"(max-width: 300px) 100vw, 300px\" \/><figcaption id=\"caption-attachment-45795\" class=\"wp-caption-text\"><strong>Golshifteh Farahani (l&#8217;attrice protagonista di Un divano a Tunisi)<\/strong><\/figcaption><\/figure>\n<p>La kermesse cinefila \u00e8 organizzata, oltre che dalla famiglia De Luca che gestisce il cinema cittadino, anche dal Cinit Cineforum Italiano, dal C.S.C e da Anec Sicilia. Anche per questa edizione prevista una convenzione tra il cinema e le scuole del comprensorio che consentir\u00e0 agli studenti di frequentare la sala ed ottenere crediti formativi misurandosi poi, con le proprie valutazioni e le proprie recensioni, al fine di partecipare ad importanti iniziative, fra cui quella di potersi garantire un viaggio premio alla prossima Mostra del Cinema di Venezia. La rassegna sar\u00e0 preceduta, il 17 ottobre, con la proiezione gratuita di \u201cAlida\u201d di Mimmo Verdesca, storia della leggendaria Alida Valli attraverso le parole inedite delle sue lettere, dei suoi diari e con numerose immagini di repertorio e interviste a chi l\u2019ha conosciuta. Film che sar\u00e0 introdotto da Alessandro Cuk, vicepresidente nazionale dell\u2019associazione \u201cVenezia Giulia e Dalmazia\u201d. <strong>Orazio Leotta<\/strong><\/p>\n","protected":false},"excerpt":{"rendered":"<p>Al\u00ec Terme. Presentata al Cinema Vittoria, nella serata del 2 ottobre, la stagione autunnale del Cineforum. Alla presenza del Provveditore agli studi di Messina Stello Vadal\u00e0, del provveditore emerito Gustavo<\/p>\n<div><a class=\"permalink\" href=\"https:\/\/www.radioempire.it\/index.php\/2023\/10\/06\/ali-terme-presentato-il-cartellone-del-nuovo-cineforum\/\">Read More&#8230;<\/a><\/div>\n","protected":false},"author":2,"featured_media":45789,"comment_status":"closed","ping_status":"closed","sticky":false,"template":"","format":"standard","meta":[],"categories":[36,78],"tags":[],"_links":{"self":[{"href":"https:\/\/www.radioempire.it\/index.php\/wp-json\/wp\/v2\/posts\/45788"}],"collection":[{"href":"https:\/\/www.radioempire.it\/index.php\/wp-json\/wp\/v2\/posts"}],"about":[{"href":"https:\/\/www.radioempire.it\/index.php\/wp-json\/wp\/v2\/types\/post"}],"author":[{"embeddable":true,"href":"https:\/\/www.radioempire.it\/index.php\/wp-json\/wp\/v2\/users\/2"}],"replies":[{"embeddable":true,"href":"https:\/\/www.radioempire.it\/index.php\/wp-json\/wp\/v2\/comments?post=45788"}],"version-history":[{"count":4,"href":"https:\/\/www.radioempire.it\/index.php\/wp-json\/wp\/v2\/posts\/45788\/revisions"}],"predecessor-version":[{"id":45796,"href":"https:\/\/www.radioempire.it\/index.php\/wp-json\/wp\/v2\/posts\/45788\/revisions\/45796"}],"wp:featuredmedia":[{"embeddable":true,"href":"https:\/\/www.radioempire.it\/index.php\/wp-json\/wp\/v2\/media\/45789"}],"wp:attachment":[{"href":"https:\/\/www.radioempire.it\/index.php\/wp-json\/wp\/v2\/media?parent=45788"}],"wp:term":[{"taxonomy":"category","embeddable":true,"href":"https:\/\/www.radioempire.it\/index.php\/wp-json\/wp\/v2\/categories?post=45788"},{"taxonomy":"post_tag","embeddable":true,"href":"https:\/\/www.radioempire.it\/index.php\/wp-json\/wp\/v2\/tags?post=45788"}],"curies":[{"name":"wp","href":"https:\/\/api.w.org\/{rel}","templated":true}]}}