{"id":46031,"date":"2023-10-11T10:17:53","date_gmt":"2023-10-11T10:17:53","guid":{"rendered":"https:\/\/www.radioempire.it\/?p=46031"},"modified":"2023-10-11T10:17:53","modified_gmt":"2023-10-11T10:17:53","slug":"ali-massiccia-partecipazione-alle-seconda-edizione-della-festa-della-montagna","status":"publish","type":"post","link":"https:\/\/www.radioempire.it\/index.php\/2023\/10\/11\/ali-massiccia-partecipazione-alle-seconda-edizione-della-festa-della-montagna\/","title":{"rendered":"Al\u00ec: massiccia partecipazione alle seconda edizione della Festa della Montagna"},"content":{"rendered":"<p><strong>Al\u00ec<\/strong>. La seconda edizione della Festa della Montagna si \u00e8 svolta in una cornice ideale caratterizzata da una bella giornata di sole e da un altissimo numero di partecipanti. Ci\u00f2 a testimonianza di come sia sempre pi\u00f9 ricercato questo modo di intendere il turismo caratterizzato dal contatto con la natura e da momenti aggregativi che, spontanei o organizzati, sono sempre pi\u00f9 richiesti in una societ\u00e0 pregna di tecnologia e mondo virtuale. Ideata dal direttivo dell\u2019associazione dell\u2019Anello del Nisi, di concerto con l\u2019amministrazione comunale di Al\u00ec, i numerosi camminatori (impossibile determinare un numero preciso vista l\u2019imponente partecipazione) hanno percorso i quattordici chilometri complessivi previsti dall\u2019itinerario partendo alle 6.30 del mattino da Al\u00ec Terme e facendovi ritorno dopo dodici ore esatte. Camminatori provenienti da tutta la provincia di Messina: nutrita la partecipazione degli Alpini della sezione di Messina, di appassionati facenti parti del gruppo escursionistico denominato \u201cIsotopi del Mela\u201d e di rappresentanti del corpo docente dell\u2019Istituto Comprensivo di Al\u00ec Terme. Nello specifico, le tre tappe principali della camminata sono state Portella Spiria, contrada Puzzo e la cima del Monte Scuderi. Intorno alle ore 12.30 il viceparroco di Al\u00ec Terme, Don Domenico Manuli, ha celebrato la Santa Messa. A seguire momenti di convivialit\u00e0. Presenti rappresentanti dell\u2019esecutivo dei quattro Comuni della Valle del Nisi (Daniele Laudini e Natale Rao, sindaci di Itala ed Al\u00ec; Carmelo Antonino Melato, vicesindaco di Al\u00ec Terme e Giuseppe Crocetta, assessore al Comune di Fiumedinisi). L\u2019occasione \u00e8 stata propizia per il primo cittadino italese di rendere noto a tutti i presenti il gi\u00e0 avviato progetto che prevede la realizzazione di un sentiero che dalla vallata del Nisi condurr\u00e0 a quella del Mela. <strong>La Redazione<\/strong><\/p>\n","protected":false},"excerpt":{"rendered":"<p>Al\u00ec. La seconda edizione della Festa della Montagna si \u00e8 svolta in una cornice ideale caratterizzata da una bella giornata di sole e da un altissimo numero di partecipanti. Ci\u00f2<\/p>\n<div><a class=\"permalink\" href=\"https:\/\/www.radioempire.it\/index.php\/2023\/10\/11\/ali-massiccia-partecipazione-alle-seconda-edizione-della-festa-della-montagna\/\">Read More&#8230;<\/a><\/div>\n","protected":false},"author":2,"featured_media":46032,"comment_status":"closed","ping_status":"closed","sticky":false,"template":"","format":"standard","meta":[],"categories":[3,36],"tags":[],"_links":{"self":[{"href":"https:\/\/www.radioempire.it\/index.php\/wp-json\/wp\/v2\/posts\/46031"}],"collection":[{"href":"https:\/\/www.radioempire.it\/index.php\/wp-json\/wp\/v2\/posts"}],"about":[{"href":"https:\/\/www.radioempire.it\/index.php\/wp-json\/wp\/v2\/types\/post"}],"author":[{"embeddable":true,"href":"https:\/\/www.radioempire.it\/index.php\/wp-json\/wp\/v2\/users\/2"}],"replies":[{"embeddable":true,"href":"https:\/\/www.radioempire.it\/index.php\/wp-json\/wp\/v2\/comments?post=46031"}],"version-history":[{"count":1,"href":"https:\/\/www.radioempire.it\/index.php\/wp-json\/wp\/v2\/posts\/46031\/revisions"}],"predecessor-version":[{"id":46033,"href":"https:\/\/www.radioempire.it\/index.php\/wp-json\/wp\/v2\/posts\/46031\/revisions\/46033"}],"wp:featuredmedia":[{"embeddable":true,"href":"https:\/\/www.radioempire.it\/index.php\/wp-json\/wp\/v2\/media\/46032"}],"wp:attachment":[{"href":"https:\/\/www.radioempire.it\/index.php\/wp-json\/wp\/v2\/media?parent=46031"}],"wp:term":[{"taxonomy":"category","embeddable":true,"href":"https:\/\/www.radioempire.it\/index.php\/wp-json\/wp\/v2\/categories?post=46031"},{"taxonomy":"post_tag","embeddable":true,"href":"https:\/\/www.radioempire.it\/index.php\/wp-json\/wp\/v2\/tags?post=46031"}],"curies":[{"name":"wp","href":"https:\/\/api.w.org\/{rel}","templated":true}]}}