{"id":46034,"date":"2023-10-11T11:50:45","date_gmt":"2023-10-11T11:50:45","guid":{"rendered":"https:\/\/www.radioempire.it\/?p=46034"},"modified":"2023-10-11T11:50:45","modified_gmt":"2023-10-11T11:50:45","slug":"giarre-la-biblioteca-del-liceo-amari-intitolata-al-prof-nicolo-mineo","status":"publish","type":"post","link":"https:\/\/www.radioempire.it\/index.php\/2023\/10\/11\/giarre-la-biblioteca-del-liceo-amari-intitolata-al-prof-nicolo-mineo\/","title":{"rendered":"Giarre. La biblioteca del Liceo &#8220;Amari&#8221; intitolata al prof. Nicol\u00f2 Mineo"},"content":{"rendered":"<p>Al compianto prof. Nicol\u00f2 Mineo, scomparso lo scorso febbraio, ieri, nel corso di una\u00a0 cerimonia sobria e densa di emozione \u00e8 stata dedicata l\u2019intitolazione della Biblioteca del Liceo Classico M.Amari di Giarre. Nicol\u00f2 Mineo ha insegnato in questo Liceo prima di\u00a0 percorrere la brillante carriera\u00a0 accademica che lo ha portato a ricoprire anche la carica di Preside della Facolt\u00e0 di Lettere e Filosofia dell&#8217;Universit\u00e0 degli Studi di Catania.<\/p>\n<p>Nicol\u00f2 Mineo \u00e8 stato un critico letterario di fama internazionale per gli studi e le pubblicazioni su Dante Alighieri di cui era un profondo conoscitore. Hanno preso parte alla cerimonia Tina Fallico ,moglie del professore, e la figlia Alessandra i quali erano visibilmente\u00a0 commossi quando \u00e8 stata scoperta una targa all\u2019ingresso dei locali della Biblioteca.<\/p>\n<p>Erano presenti\u00a0 i Dirigenti scolastici Giovanni Lutri, Tiziana D&#8217;Anna , Gaetano Ginardi e Rosalba Mingiardi e hanno partecipato all\u2019evento il sindaco di Giarre Leo Cantarella, il sindaco di Mascali Luigi Messina , il sindaco di Sant&#8217;Alfio Alfio La Spina e il sindaco di Fiumefreddo Angelo Torrisi.<\/p>\n<p>A seguire,nell\u2019aula magna dell\u2019Istituto,\u00a0 si \u00e8 ricordata la figura umana e intellettuale dell&#8217;illustre docente\u00a0 con gli interventi di Salvo And\u00f2, che ha messo in rilievo le grandi doti di \u201ceducatore civile e intellettuale illuminato e tollerante\u201d svolto da Nicol\u00f2 Mineo in tutto l&#8217;arco della sua esistenza. \u201cUn modello di uomo ed un esempio indimenticabile da far conoscere ai giovani che si cimentano verso gli obiettivi futuri professionali ed esistenziali. Molte generazioni della zona ionica etnea hanno avuto modo di\u00a0 maturare dal punto di vista intellettuale avvalendosi ,oltre che della sua cultura, delle sue lezioni di vita- ha proseguito And\u00f2 -che\u00a0 hanno soprattutto avuto modo di acquisire una solida coscienza dei diritti e dei doveri grazie al magistero civile esercitato da Nicola, che non si limitava a gestire in modo egoistico ,e meno che mai autoritario, i propri saperi\u201d. Dopo ha Andrea Manganaro, allievo di Mineo e oggi ordinario di Letteratura Italiana nell&#8217;Ateneo catanese il quale si \u00e8 soffermato sul fatto che \u201cMineo \u00e8 stato uno straordinario storico della letteratura che aveva sempre presente la coscienza di un popolo e la dimensione umana. La sua indole di intellettuale mite lo portava a rifuggire dalle esibizioni narcisistiche mettendo al centro sempre la scuola e l\u2019insegnamento come strumenti di crescita civile e culturale\u201d.<\/p>\n<p>Sergio Cristaldi, docente di letteratura Italiana all\u2019Universit\u00e0 di Catania ,ha espresso il suo compiacimento per la manifestazione complimentandosi con gli organizzatori per il ricordo dedicato all\u2019illustre docente ed ha sottolineato il fatto che Nicol\u00f2 Mineo \u201c\u00e8 stato molto attento all&#8217;esistenza in tutte le sue dimensioni indagando sul senso della vita e della morte nella letteratura moderna e contemporanea\u201d. \u201cHa condotto una ricerca filologica e letteraria di respiro nazionale ed europea-ha soggiunto Cristaldi- lasciando un eredit\u00e0 umana e culturale indelebile da riprendere e da promuovere\u201d.<\/p>\n<p>Al pubblico presente \u00e8 stato distribuito una pubblicazione a cura della Fondazione Nuovo Mezzogiorno dal titolo \u201cScritto inedito del prof. Nicol\u00f2 Mineo\u201d. Infine Tina Fallico Mineo, si \u00e8 detta grata e commossa per l&#8217;affetto tributato al marito ed ha annunciato che sar\u00e0 istituito un premio in memoria di Nicol\u00f2 Mineo su Dante da svolgere al Liceo Classico che sar\u00e0 coordinata dal Dirigente Giovanni Lutri. Per quanto riguarda il patrimonio librario privato del professore una parte sar\u00e0 conferita alla Biblioteca del Michele Amari mentre il resto sar\u00e0 donato ai dipartimenti di Lettere dell&#8217;Universit\u00e0 di Catania secondo il contenuto specialistico delle monografie. <strong>La Redazione<\/strong><\/p>\n","protected":false},"excerpt":{"rendered":"<p>Al compianto prof. Nicol\u00f2 Mineo, scomparso lo scorso febbraio, ieri, nel corso di una\u00a0 cerimonia sobria e densa di emozione \u00e8 stata dedicata l\u2019intitolazione della Biblioteca del Liceo Classico M.Amari<\/p>\n<div><a class=\"permalink\" href=\"https:\/\/www.radioempire.it\/index.php\/2023\/10\/11\/giarre-la-biblioteca-del-liceo-amari-intitolata-al-prof-nicolo-mineo\/\">Read More&#8230;<\/a><\/div>\n","protected":false},"author":2,"featured_media":46035,"comment_status":"closed","ping_status":"closed","sticky":false,"template":"","format":"standard","meta":[],"categories":[3,36],"tags":[],"_links":{"self":[{"href":"https:\/\/www.radioempire.it\/index.php\/wp-json\/wp\/v2\/posts\/46034"}],"collection":[{"href":"https:\/\/www.radioempire.it\/index.php\/wp-json\/wp\/v2\/posts"}],"about":[{"href":"https:\/\/www.radioempire.it\/index.php\/wp-json\/wp\/v2\/types\/post"}],"author":[{"embeddable":true,"href":"https:\/\/www.radioempire.it\/index.php\/wp-json\/wp\/v2\/users\/2"}],"replies":[{"embeddable":true,"href":"https:\/\/www.radioempire.it\/index.php\/wp-json\/wp\/v2\/comments?post=46034"}],"version-history":[{"count":1,"href":"https:\/\/www.radioempire.it\/index.php\/wp-json\/wp\/v2\/posts\/46034\/revisions"}],"predecessor-version":[{"id":46036,"href":"https:\/\/www.radioempire.it\/index.php\/wp-json\/wp\/v2\/posts\/46034\/revisions\/46036"}],"wp:featuredmedia":[{"embeddable":true,"href":"https:\/\/www.radioempire.it\/index.php\/wp-json\/wp\/v2\/media\/46035"}],"wp:attachment":[{"href":"https:\/\/www.radioempire.it\/index.php\/wp-json\/wp\/v2\/media?parent=46034"}],"wp:term":[{"taxonomy":"category","embeddable":true,"href":"https:\/\/www.radioempire.it\/index.php\/wp-json\/wp\/v2\/categories?post=46034"},{"taxonomy":"post_tag","embeddable":true,"href":"https:\/\/www.radioempire.it\/index.php\/wp-json\/wp\/v2\/tags?post=46034"}],"curies":[{"name":"wp","href":"https:\/\/api.w.org\/{rel}","templated":true}]}}