{"id":46136,"date":"2023-10-13T15:43:44","date_gmt":"2023-10-13T15:43:44","guid":{"rendered":"https:\/\/www.radioempire.it\/?p=46136"},"modified":"2023-10-13T15:43:44","modified_gmt":"2023-10-13T15:43:44","slug":"cineforum-autunnale-con-8-pregevoli-film-tra-ottobre-e-dicembre-preceduto-dal-docufilm-su-alida-valli","status":"publish","type":"post","link":"https:\/\/www.radioempire.it\/index.php\/2023\/10\/13\/cineforum-autunnale-con-8-pregevoli-film-tra-ottobre-e-dicembre-preceduto-dal-docufilm-su-alida-valli\/","title":{"rendered":"CINEFORUM AUTUNNALE CON 8 PREGEVOLI FILM TRA OTTOBRE E DICEMBRE PRECEDUTO DAL DOCUFILM SU ALIDA VALLI."},"content":{"rendered":"<p><strong>Prender\u00e0 il via mercoled\u00ec 18 ottobre e si concluder\u00e0 il 6 dicembre il cineforum autunnale targato CINIT al 47\u00b0 anno sociale.<\/strong><\/p>\n<p>Le proiezioni avranno luogo al Cinema Vittoria di Al\u00ec Terme e si articoleranno su due giornate, mercoled\u00ec le proiezioni saranno tre (ore 15.00, 18.00, 21.00) \u00a0mentre il gioved\u00ec, due (ore 15.00 e 17.30); novit\u00e0 dell\u2019imminente ciclo \u00e8 quella che alle 15.00 di entrambi le giornate il film sar\u00e0 proposto in lingua originale con i sottotitoli in italiano. Inaugurala rassegna \u201cUn divano a Tunisi\u201d, commedia franco-tunisina film vincitore del Premio del Pubblico alle Giornate degli Autori di Venezia. In cartellone anche due film protagonisti dell\u2019ultima kermesse lagunare ovvero \u201cComandante\u201d di Edoardo De Angelis (film inaugurale) e \u201cIo Capitano\u201d di Matteo Garrone (Leone d\u2019argento per la migliore regia, e \u201cPremio M. Mastroianni\u201d quale migliore attore esordiente).<\/p>\n<p><img loading=\"lazy\" class=\"size-medium wp-image-46138 alignleft\" src=\"https:\/\/www.radioempire.it\/wp-content\/uploads\/2023\/10\/017-LOCANDINA-ALIDA-ALI-TERME-17.10.23-214x300.jpg\" alt=\"\" width=\"214\" height=\"300\" srcset=\"https:\/\/www.radioempire.it\/wp-content\/uploads\/2023\/10\/017-LOCANDINA-ALIDA-ALI-TERME-17.10.23-214x300.jpg 214w, https:\/\/www.radioempire.it\/wp-content\/uploads\/2023\/10\/017-LOCANDINA-ALIDA-ALI-TERME-17.10.23-729x1024.jpg 729w, https:\/\/www.radioempire.it\/wp-content\/uploads\/2023\/10\/017-LOCANDINA-ALIDA-ALI-TERME-17.10.23-768x1079.jpg 768w, https:\/\/www.radioempire.it\/wp-content\/uploads\/2023\/10\/017-LOCANDINA-ALIDA-ALI-TERME-17.10.23-1093x1536.jpg 1093w, https:\/\/www.radioempire.it\/wp-content\/uploads\/2023\/10\/017-LOCANDINA-ALIDA-ALI-TERME-17.10.23.jpg 1139w\" sizes=\"(max-width: 214px) 100vw, 214px\" \/>La rassegna sar\u00e0 preceduta, marted\u00ec 17 ottobre, con la proiezione ad ingresso libero di \u201cAlida\u201d di Mimmo Verdesca, storia della leggendaria Alida Valli attraverso le parole inedite delle sue lettere, dei suoi diari e con numerose immagini di repertorio e interviste a chi l\u2019ha conosciuta. Film che sar\u00e0 introdotto da Alessandro Cuk, vicepresidente dell\u2019Associazione Nazionale Venezia Giulia e Dalmazia.<\/p>\n<p>Stipulata, come negli ultimi anni, una convenzione con gli Istituti Superiori di Furci Siculo, Taormina e Santa Teresa di Riva per favorire la partecipazione degli studenti interessati alla visione dei film a un prezzo ridotto, dando loro la possibilit\u00e0 di accedere a crediti formativi e di potersi scommettere come provetti recensori con la possibilit\u00e0 di vincere un viaggio premio al prossimo Festival del Cinema di Venezia.<\/p>\n<p>Oltre al CINIT hanno dato la loro collaborazioneoltre la famiglia De Luca, gestore della struttura aliese, l\u2019ANEC Sicilia, Il cinecircolo C.S.C. \u201cS.Quasimodo\u201d di Giardini-Naxos, l\u2019Associazione \u201cBanca del Tempo\u201d di Al\u00ec Terme e Nuova Presenza di S.Teresa di Riva<\/p>\n<p><strong><em>Addetto stampa Cinit: G. Barbanti<\/em><\/strong><\/p>\n<p>&nbsp;<\/p>\n","protected":false},"excerpt":{"rendered":"<p>Prender\u00e0 il via mercoled\u00ec 18 ottobre e si concluder\u00e0 il 6 dicembre il cineforum autunnale targato CINIT al 47\u00b0 anno sociale. Le proiezioni avranno luogo al Cinema Vittoria di Al\u00ec<\/p>\n<div><a class=\"permalink\" href=\"https:\/\/www.radioempire.it\/index.php\/2023\/10\/13\/cineforum-autunnale-con-8-pregevoli-film-tra-ottobre-e-dicembre-preceduto-dal-docufilm-su-alida-valli\/\">Read More&#8230;<\/a><\/div>\n","protected":false},"author":2,"featured_media":46137,"comment_status":"closed","ping_status":"closed","sticky":false,"template":"","format":"standard","meta":[],"categories":[36,78],"tags":[],"_links":{"self":[{"href":"https:\/\/www.radioempire.it\/index.php\/wp-json\/wp\/v2\/posts\/46136"}],"collection":[{"href":"https:\/\/www.radioempire.it\/index.php\/wp-json\/wp\/v2\/posts"}],"about":[{"href":"https:\/\/www.radioempire.it\/index.php\/wp-json\/wp\/v2\/types\/post"}],"author":[{"embeddable":true,"href":"https:\/\/www.radioempire.it\/index.php\/wp-json\/wp\/v2\/users\/2"}],"replies":[{"embeddable":true,"href":"https:\/\/www.radioempire.it\/index.php\/wp-json\/wp\/v2\/comments?post=46136"}],"version-history":[{"count":1,"href":"https:\/\/www.radioempire.it\/index.php\/wp-json\/wp\/v2\/posts\/46136\/revisions"}],"predecessor-version":[{"id":46140,"href":"https:\/\/www.radioempire.it\/index.php\/wp-json\/wp\/v2\/posts\/46136\/revisions\/46140"}],"wp:featuredmedia":[{"embeddable":true,"href":"https:\/\/www.radioempire.it\/index.php\/wp-json\/wp\/v2\/media\/46137"}],"wp:attachment":[{"href":"https:\/\/www.radioempire.it\/index.php\/wp-json\/wp\/v2\/media?parent=46136"}],"wp:term":[{"taxonomy":"category","embeddable":true,"href":"https:\/\/www.radioempire.it\/index.php\/wp-json\/wp\/v2\/categories?post=46136"},{"taxonomy":"post_tag","embeddable":true,"href":"https:\/\/www.radioempire.it\/index.php\/wp-json\/wp\/v2\/tags?post=46136"}],"curies":[{"name":"wp","href":"https:\/\/api.w.org\/{rel}","templated":true}]}}