{"id":47044,"date":"2023-11-04T06:35:17","date_gmt":"2023-11-04T06:35:17","guid":{"rendered":"https:\/\/www.radioempire.it\/?p=47044"},"modified":"2023-11-04T06:39:24","modified_gmt":"2023-11-04T06:39:24","slug":"i-genitori-della-direzione-didattica-di-s-teresa-di-riva-dicono-no-alla-soppressione","status":"publish","type":"post","link":"https:\/\/www.radioempire.it\/index.php\/2023\/11\/04\/i-genitori-della-direzione-didattica-di-s-teresa-di-riva-dicono-no-alla-soppressione\/","title":{"rendered":"I GENITORI DELLA DIREZIONE DIDATTICA DI S. TERESA DI RIVA DICONO NO ALLA SOPPRESSIONE"},"content":{"rendered":"<p>I genitori della Direzione Didattica di Santa Teresa di Riva non ci stanno al dimensionamento scolastico che prevede per l\u2019a.s. 2024-2025 l\u2019eventuale assegnazione delle scuole dell\u2019infanzia e primaria di Cantidati, Sparagon\u00e0 e Bucalo all\u2019Istituto Comprensivo di Roccalumera, con la conseguente soppressione della Direzione Didattica stessa.<\/p>\n<p>A questo proposito, fanno sentire la loro voce attraverso una lettera, nella quale raccontano la storia della D.D. di S. Teresa di Riva, presente sul territorio sin dal 1923, sottolineando che accoglie i bambini non solo del paese ma anche delle zone limitrofe e offre loro un\u2019ampia scelta di progetti scolastici ed extrascolastici, con annessi premi ottenuti in concorsi regionali e nazionali.<\/p>\n<div id=\"zero-1569817368\" class=\"zero-contenuto\">\n<div id=\"simply_div_0_sp\"><\/div>\n<div id=\"simply_div_0\"><\/div>\n<\/div>\n<p>Lo scopo finale della lettera \u00e8 sottolineare che la D.D. di Santa Teresa di Riva \u00e8 una realt\u00e0 radicata nel territorio e come tale deve rimanere aperta.<\/p>\n<p>&nbsp;<\/p>\n<p>A seguire la versione integrale della lettera:<\/p>\n<p>\u201c<em>Questa breve dissertazione \u00e8 finalizzata a offrire una panoramica socio territoriale, alla luce delle<br \/>\nconnessioni diacroniche tra passato, presente e futuro.<br \/>\n\u00c8 il 1923 quando con la Riforma Gentile vengono istituiti i Circoli didattici e il territorio di Santa<br \/>\nTeresa diviene luogo elettivo per la creazione di una Direzione Didattica che avrebbe accolto gli<br \/>\nstudenti delle aree litoranee, ma anche e nonostante le distanze, dei paesi collinari.<br \/>\nQuesta scuola abbraccia un Secolo di storia, un numero indefinito di tumulti sociali, guerre che<br \/>\nhanno lambito il territorio, trasformazioni economiche rilevanti con il passaggio dalla povert\u00e0<br \/>\nestrema al benessere generalizzato, alla globalizzazione e alla digitalizzazione della vita umana. Da<br \/>\nultimo, ma non meno importante, \u00e8 una spaventosa Pandemia.<br \/>\nL\u2019alfabetizzazione diffusa ha migliorato la condizione dei bambini e delle loro famiglie, creando<br \/>\nprospettive di futuro e aiutando a comprimere situazione di esclusione morale e materiale. Difatti se<br \/>\nla povert\u00e0 \u00e8 intergenerazionale, lo \u00e8 anche la sete di conoscenza e l\u2019investimento nell\u2019istruzione. Si<br \/>\npu\u00f2 con certezza affermare che tra i Nonni e i nipoti, ci sia stato un passaggio di consegne, tale che<br \/>\ntra insegnanti e alunni che \u00e8 traversale al semplice rapporto maestro\/studente, ma si \u00e8 confermato<br \/>\ncome legame solidale e di fiducia nell\u2019 istituzione e nelle persone che la rendono vita, rafforzando il<br \/>\nruolo della Comunit\u00e0 Educante.<br \/>\nLa scuola si \u00e8 sempre aperta al territorio, dialogando con il Terzo Settore, con le professionalit\u00e0 pi\u00f9<br \/>\nall\u2019avanguardia; ha lavorato per il contrasto alle povert\u00e0 educative e minorili, incentivando momenti<br \/>\ndi supporto alla didattica, laboratori di lingua, di musica, progetti di inclusione, ha reso vitale il<br \/>\nCarnevale Cittadino, ha implementato momenti di incontro con le aziende del territorio. Ha avviato<br \/>\niniziative di interventi educativi in raccordo con la comunit\u00e0 dialogante, che apprende che ricerca<br \/>\nche si interroga insieme per raggiungere in sinergia con le famiglie di obiettivi di formazione delle<br \/>\nnuove generazioni dei cittadini, predisponendo all\u2019inclusione, al rispetto dei diritti della persona,<br \/>\ninnescando meccanismi positivi di dialogo, di confronto e imprimendo sicure capacit\u00e0 di sviluppo<br \/>\ndella comunit\u00e0. Sono molteplici le iniziative intraprese tale per cui non \u00e8 possibile essere esaustivi in<br \/>\nquesta sede.<br \/>\nBasti pensare che negli ultimi cinque anni La Direzione Didattica di Santa Teresa di riva ha registrato<br \/>\nun trend positivo nelle iscrizioni e nella partecipazione, riducendo al minimo il rischio di dispersione<br \/>\ned evasione scolastica, grazie al rapporto fiduciario che si \u00e8 instaurato con il corpo docente, con i<br \/>\ncollaboratori e soprattutto per merito della Dirigente Maria Grazia D\u2019Amico che si \u00e8 posta in ascolto<br \/>\ndei bisogni espressi, singoli e collettivi, non mancando mai agli appuntamenti di accoglienza,<br \/>\nprogrammazione e partecipazione alle attivit\u00e0 in cui coinvolgere alunni e famiglie.<br \/>\nSe la scuola deve essere considerata come una piccola azienda allora i risultati in termini di<br \/>\neconomicit\u00e0, efficienza ed efficacia sono stati pienamente raggiunti e sono ampiamente verificabili e<br \/>\ntrasparenti.<br \/>\nUn numero di iscritti sostanzioso, nonostante nella Valle d\u2019Agr\u00f2 siano presenti altre istituzioni<br \/>\nscolastiche che lavorano altrettanto bene; trend positivi per la partecipazione ad attivit\u00e0<br \/>\nextrascolastiche, premialit\u00e0 ottenute nei concorsi regionali e nazionali da parte dei piccoli studenti,<br \/>\ncuriosi e stimolati nell\u2019apprendimento.<br \/>\nDifatti se la pandemia in altri contesti ha ampliato il divario e determinato l\u2019esclusione dalla vita<br \/>\nsociale di un numero elevato di bambini, nel nostro contesto didattico ci\u00f2 non \u00e8 avvenuto, grazie al<br \/>\nradicamento nel quartiere, alla conoscenza della sua storia, al rafforzamento dei legami di prossimit\u00e0<br \/>\nche ha permesso di evidenziare le criticit\u00e0 e di esporre soluzioni adattive.<br \/>\nIn un momento storico globale in cui si era smarrita la strada di casa quella della nostra scuola \u00e8<br \/>\nrimasta aperta per fare in modo che nessun bambino rimanesse solo. Pertanto certi di una vostra<br \/>\nvisione lungimirante chiediamo di poter godere dell\u2019attuale stato di cose, nella consapevolezza che<br \/>\nbisogna rifuggire le frantumazioni in molteplici identit\u00e0 contrapposte e conflittuali, che<br \/>\ncomporterebbero un vuoto di confronto autentico nel quale potrebbero radicarsi forme di esclusione<br \/>\nsociale e di violenza.<br \/>\nMiriamo invece a potenziare la comunit\u00e0 dialogante, certi che la resilienza trasformativa che<br \/>\nabbiamo manifestato nell\u2019 epoca post COVID sia punto di forza per guidare i cittadini del futuro verso<br \/>\ni principi di equit\u00e0 sociale, di non discriminazione, di sviluppo sostenibile e di comunit\u00e0 seguendo la<br \/>\ndirezione impressa dell\u2019Unione Europea. Dunque non dividere, ma premiare le realt\u00e0 virtuose, quali<br \/>\nnoi siamo. Grazie per averci ascoltato fin qui.<br \/>\nIl cittadino che aiuta gli altri \u00e8 la consolazione della patria. (Publilio Siro)<br \/>\nComitato spontaneo di genitori<br \/>\ndella Direzione Didattica di S. Teresa di riva ( ME)<\/em>\u201c<\/p>\n","protected":false},"excerpt":{"rendered":"<p>I genitori della Direzione Didattica di Santa Teresa di Riva non ci stanno al dimensionamento scolastico che prevede per l\u2019a.s. 2024-2025 l\u2019eventuale assegnazione delle scuole dell\u2019infanzia e primaria di Cantidati,<\/p>\n<div><a class=\"permalink\" href=\"https:\/\/www.radioempire.it\/index.php\/2023\/11\/04\/i-genitori-della-direzione-didattica-di-s-teresa-di-riva-dicono-no-alla-soppressione\/\">Read More&#8230;<\/a><\/div>\n","protected":false},"author":2,"featured_media":47045,"comment_status":"closed","ping_status":"closed","sticky":false,"template":"","format":"standard","meta":[],"categories":[3,36],"tags":[],"_links":{"self":[{"href":"https:\/\/www.radioempire.it\/index.php\/wp-json\/wp\/v2\/posts\/47044"}],"collection":[{"href":"https:\/\/www.radioempire.it\/index.php\/wp-json\/wp\/v2\/posts"}],"about":[{"href":"https:\/\/www.radioempire.it\/index.php\/wp-json\/wp\/v2\/types\/post"}],"author":[{"embeddable":true,"href":"https:\/\/www.radioempire.it\/index.php\/wp-json\/wp\/v2\/users\/2"}],"replies":[{"embeddable":true,"href":"https:\/\/www.radioempire.it\/index.php\/wp-json\/wp\/v2\/comments?post=47044"}],"version-history":[{"count":1,"href":"https:\/\/www.radioempire.it\/index.php\/wp-json\/wp\/v2\/posts\/47044\/revisions"}],"predecessor-version":[{"id":47046,"href":"https:\/\/www.radioempire.it\/index.php\/wp-json\/wp\/v2\/posts\/47044\/revisions\/47046"}],"wp:featuredmedia":[{"embeddable":true,"href":"https:\/\/www.radioempire.it\/index.php\/wp-json\/wp\/v2\/media\/47045"}],"wp:attachment":[{"href":"https:\/\/www.radioempire.it\/index.php\/wp-json\/wp\/v2\/media?parent=47044"}],"wp:term":[{"taxonomy":"category","embeddable":true,"href":"https:\/\/www.radioempire.it\/index.php\/wp-json\/wp\/v2\/categories?post=47044"},{"taxonomy":"post_tag","embeddable":true,"href":"https:\/\/www.radioempire.it\/index.php\/wp-json\/wp\/v2\/tags?post=47044"}],"curies":[{"name":"wp","href":"https:\/\/api.w.org\/{rel}","templated":true}]}}