{"id":47497,"date":"2023-11-13T19:16:51","date_gmt":"2023-11-13T19:16:51","guid":{"rendered":"https:\/\/www.radioempire.it\/?p=47497"},"modified":"2023-11-13T19:16:51","modified_gmt":"2023-11-13T19:16:51","slug":"la-pro-loco-di-ali-terme-protagonista-a-firenze","status":"publish","type":"post","link":"https:\/\/www.radioempire.it\/index.php\/2023\/11\/13\/la-pro-loco-di-ali-terme-protagonista-a-firenze\/","title":{"rendered":"La Pro Loco di Al\u00ec Terme protagonista a Firenze"},"content":{"rendered":"<p>Articolo di <strong>Orazio Leotta<\/strong><\/p>\n<p><strong>Al\u00ec Terme<\/strong>. Anche la Pro Loco di Al\u00ec Terme, rappresentata dalla socia Nunziata Passari, ha partecipato al mega evento di Firenze, tenutosi nel weekend appena trascorso, a Piazza Santa Croce. Un fine settimana a colori in quanto la succitata piazza \u00e8 stata rivestita da un manto di tremila metri quadrati di coperte in maglia e uncinetto. Coperte realizzate dalle tante associazioni o singole volontarie impegnate nel progetto &#8216;Viva Vittoria&#8217; contro la violenza sulle donne a cui ha aderito anche il sodalizio aliese. Le coperte sono state cucite con quadrati della misura di cm 50&#215;50, pervenuti da ogni parte d&#8217;Italia e perfino dall&#8217;estero. Alla loro realizzazione hanno partecipato centinaia di persone, donne soprattutto ma anche uomini, di un&#8217;et\u00e0 compresa tra i 6 e i 102 anni. Venerd\u00ec mattina si \u00e8 conclusa l\u2019installazione delle quasi quattromila coperte, e nei due giorni seguenti, dalle ore 9 alle 20, i visitatori hanno potuto sceglierne una offrendo una donazione minima di venti euro. Il raccolto \u00e8 stato devoluto ad \u201cArtemisia Centro Antiviolenza\u201d, \u201cAcisjf Firenze\u201d e \u201cNosotras Onlus\u201d. Un evento nato per volont\u00e0 di Ailo (The American-International League of Florence Odv) di concerto con l&#8217;associazione di volontariato Viva Vittoria Odv di Brescia, ideatrice e promotrice del progetto nato nel 2015 e gi\u00e0 approdato su una trentina di piazze in Italia e all\u2019estero. Il lavoro proposto dalla Passari \u00e8 una mattonella \u201cGranny\u201d, realizzata all\u2019uncinetto utilizzando lana non troppo spessa con il bianco quale colore prevalente.<\/p>\n","protected":false},"excerpt":{"rendered":"<p>Articolo di Orazio Leotta Al\u00ec Terme. Anche la Pro Loco di Al\u00ec Terme, rappresentata dalla socia Nunziata Passari, ha partecipato al mega evento di Firenze, tenutosi nel weekend appena trascorso,<\/p>\n<div><a class=\"permalink\" href=\"https:\/\/www.radioempire.it\/index.php\/2023\/11\/13\/la-pro-loco-di-ali-terme-protagonista-a-firenze\/\">Read More&#8230;<\/a><\/div>\n","protected":false},"author":2,"featured_media":47498,"comment_status":"closed","ping_status":"closed","sticky":false,"template":"","format":"standard","meta":[],"categories":[3,36],"tags":[],"_links":{"self":[{"href":"https:\/\/www.radioempire.it\/index.php\/wp-json\/wp\/v2\/posts\/47497"}],"collection":[{"href":"https:\/\/www.radioempire.it\/index.php\/wp-json\/wp\/v2\/posts"}],"about":[{"href":"https:\/\/www.radioempire.it\/index.php\/wp-json\/wp\/v2\/types\/post"}],"author":[{"embeddable":true,"href":"https:\/\/www.radioempire.it\/index.php\/wp-json\/wp\/v2\/users\/2"}],"replies":[{"embeddable":true,"href":"https:\/\/www.radioempire.it\/index.php\/wp-json\/wp\/v2\/comments?post=47497"}],"version-history":[{"count":1,"href":"https:\/\/www.radioempire.it\/index.php\/wp-json\/wp\/v2\/posts\/47497\/revisions"}],"predecessor-version":[{"id":47499,"href":"https:\/\/www.radioempire.it\/index.php\/wp-json\/wp\/v2\/posts\/47497\/revisions\/47499"}],"wp:featuredmedia":[{"embeddable":true,"href":"https:\/\/www.radioempire.it\/index.php\/wp-json\/wp\/v2\/media\/47498"}],"wp:attachment":[{"href":"https:\/\/www.radioempire.it\/index.php\/wp-json\/wp\/v2\/media?parent=47497"}],"wp:term":[{"taxonomy":"category","embeddable":true,"href":"https:\/\/www.radioempire.it\/index.php\/wp-json\/wp\/v2\/categories?post=47497"},{"taxonomy":"post_tag","embeddable":true,"href":"https:\/\/www.radioempire.it\/index.php\/wp-json\/wp\/v2\/tags?post=47497"}],"curies":[{"name":"wp","href":"https:\/\/api.w.org\/{rel}","templated":true}]}}