{"id":47500,"date":"2023-11-13T20:54:23","date_gmt":"2023-11-13T20:54:23","guid":{"rendered":"https:\/\/www.radioempire.it\/?p=47500"},"modified":"2023-11-13T20:54:23","modified_gmt":"2023-11-13T20:54:23","slug":"cral-citta-metropolitana-di-messina-aspettando-il-natale-prepariamo-il-menu-delle-feste-show-cooking-deccezione-firmato-dallo-chef-pasquale-caliri","status":"publish","type":"post","link":"https:\/\/www.radioempire.it\/index.php\/2023\/11\/13\/cral-citta-metropolitana-di-messina-aspettando-il-natale-prepariamo-il-menu-delle-feste-show-cooking-deccezione-firmato-dallo-chef-pasquale-caliri\/","title":{"rendered":"CRAL Citt\u00e0 Metropolitana di Messina: &#8220;Aspettando il Natale. Prepariamo il men\u00f9 delle feste&#8221;, show cooking d&#8217;eccezione firmato dallo chef Pasquale Caliri"},"content":{"rendered":"<p>Lo chef Pasquale Caliri \u00e8 stato l\u2019ambasciatore del gusto e il protagonista dello show cooking organizzato presso l\u2019Istituto Albatros di viale Giostra e dedicato ai soci del Cral della Citt\u00e0 Metropolitana di Messina.<br \/>\nL\u2019iniziativa, intitolata \u201cAspettando il Natale. Prepariamo il Men\u00f9 delle Feste\u201d, promossa dal direttivo del Cral di Palazzo dei Leoni, con un ruolo fondamentale svolto dalla vicepresidente Pina Giarraffa. ha riscosso un notevole interesse facendo registrare il sold-out.<br \/>\nLa maestria di Caliri ha coinvolto gli allievi speciali in un&#8217;esperienza non solo culinaria ma anche sensoriale ed esperienziale di alto livello e ha permesso a tutti i partecipanti di carpire alcuni segreti dell&#8217;alta cucina.<br \/>\n<img loading=\"lazy\" class=\"size-medium wp-image-47502 alignleft\" src=\"https:\/\/www.radioempire.it\/wp-content\/uploads\/2023\/11\/Show-cooking-Caliri-3-225x300.jpg\" alt=\"\" width=\"225\" height=\"300\" srcset=\"https:\/\/www.radioempire.it\/wp-content\/uploads\/2023\/11\/Show-cooking-Caliri-3-225x300.jpg 225w, https:\/\/www.radioempire.it\/wp-content\/uploads\/2023\/11\/Show-cooking-Caliri-3.jpg 500w\" sizes=\"(max-width: 225px) 100vw, 225px\" \/>Il men\u00f9 proposto per l\u2019occasione \u00e8 stato un omaggio a Gualtiero Marchesi e ha compreso un raffinato risotto all\u2019ostrica, una deliziosa faraona accompagnata da funghi, castagne e cioccolato, e un irresistibile namelaka di lamponi.<br \/>\nPasquale Caliri \u00e8 un \u201crivoluzionario del passato\u201d e propone piatti realmente provocatori e spavaldi, sovvertendo l&#8217;ordine degli ingredienti nella descrizione, mescolando con disinvoltura le provenienze con l\u2019obiettivo di allertare sensi, scombinare assiomi e scatenare riflessioni.<br \/>\nIl suo \u00e8 un sincero e autentico distacco dalle mode gastronomiche imperanti, sostenuto per\u00f2 da tecnica, sensibilit\u00e0 e ironia. Quello che serve, e sempre di pi\u00f9 manca, a una ristorazione che ha abdicato alla sua vocazione pi\u00f9 autentica perdendo senso, identit\u00e0 e valore culturale.<br \/>\n\u201cLa cucina \u00e8 passione che si fa protagonista e vive nel piatto \u2013 ha affermato il maestro Caliri \u2013 e che deve emozionare ed esaltare le sensazioni giocando con la memoria e i sensi. Ma la cucina \u00e8 anche rigore, rispetto delle regole e questa intransigenza non costituisce un limite perch\u00e9 solo da essa nasce la pretesa di fare e adoperarsi per il meglio. Nel corso riservato ai soci Cral della Citt\u00e0 Metropolitana di Messina ho cercato di trasmettere non solo gli insegnamenti culinari ma anche sensazioni che, dopo tutto, rappresentano l&#8217;essenza di questa attivit\u00e0. Cos\u00ec come ha affermato il grande Gualtiero Marchesi, cucinare \u00e8 una scienza e spetta al cuoco farla diventare un\u2019arte\u201d.<br \/>\nAl termine dell&#8217;iniziativa a tutti i partecipanti \u00e8 stato consegnato un ricettario per poter replicare queste prelibatezze a casa propria.<\/p>\n<p><strong>A cura dell\u2019Addetto Stampa CRAL<\/strong><br \/>\n<strong>Giuseppe Span\u00f2<\/strong><\/p>\n","protected":false},"excerpt":{"rendered":"<p>Lo chef Pasquale Caliri \u00e8 stato l\u2019ambasciatore del gusto e il protagonista dello show cooking organizzato presso l\u2019Istituto Albatros di viale Giostra e dedicato ai soci del Cral della Citt\u00e0<\/p>\n<div><a class=\"permalink\" href=\"https:\/\/www.radioempire.it\/index.php\/2023\/11\/13\/cral-citta-metropolitana-di-messina-aspettando-il-natale-prepariamo-il-menu-delle-feste-show-cooking-deccezione-firmato-dallo-chef-pasquale-caliri\/\">Read More&#8230;<\/a><\/div>\n","protected":false},"author":2,"featured_media":47501,"comment_status":"closed","ping_status":"closed","sticky":false,"template":"","format":"standard","meta":[],"categories":[3,36],"tags":[],"_links":{"self":[{"href":"https:\/\/www.radioempire.it\/index.php\/wp-json\/wp\/v2\/posts\/47500"}],"collection":[{"href":"https:\/\/www.radioempire.it\/index.php\/wp-json\/wp\/v2\/posts"}],"about":[{"href":"https:\/\/www.radioempire.it\/index.php\/wp-json\/wp\/v2\/types\/post"}],"author":[{"embeddable":true,"href":"https:\/\/www.radioempire.it\/index.php\/wp-json\/wp\/v2\/users\/2"}],"replies":[{"embeddable":true,"href":"https:\/\/www.radioempire.it\/index.php\/wp-json\/wp\/v2\/comments?post=47500"}],"version-history":[{"count":1,"href":"https:\/\/www.radioempire.it\/index.php\/wp-json\/wp\/v2\/posts\/47500\/revisions"}],"predecessor-version":[{"id":47503,"href":"https:\/\/www.radioempire.it\/index.php\/wp-json\/wp\/v2\/posts\/47500\/revisions\/47503"}],"wp:featuredmedia":[{"embeddable":true,"href":"https:\/\/www.radioempire.it\/index.php\/wp-json\/wp\/v2\/media\/47501"}],"wp:attachment":[{"href":"https:\/\/www.radioempire.it\/index.php\/wp-json\/wp\/v2\/media?parent=47500"}],"wp:term":[{"taxonomy":"category","embeddable":true,"href":"https:\/\/www.radioempire.it\/index.php\/wp-json\/wp\/v2\/categories?post=47500"},{"taxonomy":"post_tag","embeddable":true,"href":"https:\/\/www.radioempire.it\/index.php\/wp-json\/wp\/v2\/tags?post=47500"}],"curies":[{"name":"wp","href":"https:\/\/api.w.org\/{rel}","templated":true}]}}