{"id":47663,"date":"2023-11-17T13:27:06","date_gmt":"2023-11-17T13:27:06","guid":{"rendered":"https:\/\/www.radioempire.it\/?p=47663"},"modified":"2023-11-17T13:27:06","modified_gmt":"2023-11-17T13:27:06","slug":"la-macchia-mediterranea-al-centro-delle-attivita-di-sensibilizzazione-ambientale-del-nodo-in-f-e-a-della-citta-metropolitana-di-messina","status":"publish","type":"post","link":"https:\/\/www.radioempire.it\/index.php\/2023\/11\/17\/la-macchia-mediterranea-al-centro-delle-attivita-di-sensibilizzazione-ambientale-del-nodo-in-f-e-a-della-citta-metropolitana-di-messina\/","title":{"rendered":"La macchia mediterranea al centro delle attivit\u00e0 di sensibilizzazione ambientale del Nodo In.F.E.A. della Citt\u00e0 Metropolitana di Messina"},"content":{"rendered":"<div class=\"moz-text-html\" lang=\"x-unicode\">\n<div><span style=\"color: #0000ff; font-size: 10pt;\"><strong>Gli eventi puntano a coinvolgere le nuove generazioni nelle azioni di salvaguardia ambientale<\/strong><\/span><\/div>\n<div>Il Nodo In.F.E.A. della VI Direzione \u201cAmbiente e Pianificazione\u201d Servizio \u201cTutela Aria e Acque\u201d della Citt\u00e0 Metropolitana di Messina, in collaborazione con il centro di educazione ambientale AssoCEA Messina APS, ha realizzato la &#8220;Giornata della Macchia Mediterranea, un&#8217;attivit\u00e0 di educazione ambientale svoltasi presso l&#8217;istituto &#8220;A. Gussio&#8221; di S. Alessio Siculo.<\/div>\n<div><img loading=\"lazy\" class=\"size-medium wp-image-47665 alignleft\" src=\"https:\/\/www.radioempire.it\/wp-content\/uploads\/2023\/11\/Interramento-dellalbero-di-corbezzolo-300x234.jpg\" alt=\"\" width=\"300\" height=\"234\" srcset=\"https:\/\/www.radioempire.it\/wp-content\/uploads\/2023\/11\/Interramento-dellalbero-di-corbezzolo-300x234.jpg 300w, https:\/\/www.radioempire.it\/wp-content\/uploads\/2023\/11\/Interramento-dellalbero-di-corbezzolo.jpg 649w\" sizes=\"(max-width: 300px) 100vw, 300px\" \/>Alla presenza della dott.ssa Enza Interdonato (dirigente scolastica dell&#8217;Istituto Comprensivo Statale di Santa Teresa di Riva), della dott.ssa Angela Foti (AssoCEA) e della dott.ssa Grazia La Fauci (Nodo In.F.E.A.), gli alunni della scuola hanno proceduto all&#8217;interramento di un albero di corbezzolo che avranno l&#8217;opportunit\u00e0 di veder crescere e che costituir\u00e0 una preziosa testimonianza degli effetti positivi che gli arbusti determinano sulla qualit\u00e0 dell&#8217;ambiente e della vita delle persone.<\/div>\n<div>Nell&#8217;ambito della &#8220;Settimana della Macchia Mediterranea&#8221;, marted\u00ec 21 novembre 2023, alle ore 16:00, \u00e8 in programma un secondo evento presso il Salone di Rappresentanza &#8221; Mario Scelba&#8221; della Citt\u00e0 di Caltagirone dove verr\u00e0 proiettato il docufilm \u201cLa Macchia Mediterranea in Sicilia: tra Paesaggio e Biodiversit\u00e0\u201d, realizzato dal Nodo In.F.E.A. della Citt\u00e0 Metropolitana di Messina, in collaborazione con AssoCEA Messina APS.<\/div>\n<div><\/div>\n<div style=\"text-align: left;\"><strong>Il Responsabile dell&#8217;Ufficio Comunicazione Istituzionale<\/strong><\/div>\n<div style=\"text-align: left;\"><strong>Addetto Stampa dott. Giuseppe Span\u00f2<\/strong><\/div>\n<\/div>\n","protected":false},"excerpt":{"rendered":"<p>Gli eventi puntano a coinvolgere le nuove generazioni nelle azioni di salvaguardia ambientale Il Nodo In.F.E.A. della VI Direzione \u201cAmbiente e Pianificazione\u201d Servizio \u201cTutela Aria e Acque\u201d della Citt\u00e0 Metropolitana<\/p>\n<div><a class=\"permalink\" href=\"https:\/\/www.radioempire.it\/index.php\/2023\/11\/17\/la-macchia-mediterranea-al-centro-delle-attivita-di-sensibilizzazione-ambientale-del-nodo-in-f-e-a-della-citta-metropolitana-di-messina\/\">Read More&#8230;<\/a><\/div>\n","protected":false},"author":2,"featured_media":47666,"comment_status":"closed","ping_status":"closed","sticky":false,"template":"","format":"standard","meta":[],"categories":[3,36],"tags":[],"_links":{"self":[{"href":"https:\/\/www.radioempire.it\/index.php\/wp-json\/wp\/v2\/posts\/47663"}],"collection":[{"href":"https:\/\/www.radioempire.it\/index.php\/wp-json\/wp\/v2\/posts"}],"about":[{"href":"https:\/\/www.radioempire.it\/index.php\/wp-json\/wp\/v2\/types\/post"}],"author":[{"embeddable":true,"href":"https:\/\/www.radioempire.it\/index.php\/wp-json\/wp\/v2\/users\/2"}],"replies":[{"embeddable":true,"href":"https:\/\/www.radioempire.it\/index.php\/wp-json\/wp\/v2\/comments?post=47663"}],"version-history":[{"count":1,"href":"https:\/\/www.radioempire.it\/index.php\/wp-json\/wp\/v2\/posts\/47663\/revisions"}],"predecessor-version":[{"id":47667,"href":"https:\/\/www.radioempire.it\/index.php\/wp-json\/wp\/v2\/posts\/47663\/revisions\/47667"}],"wp:featuredmedia":[{"embeddable":true,"href":"https:\/\/www.radioempire.it\/index.php\/wp-json\/wp\/v2\/media\/47666"}],"wp:attachment":[{"href":"https:\/\/www.radioempire.it\/index.php\/wp-json\/wp\/v2\/media?parent=47663"}],"wp:term":[{"taxonomy":"category","embeddable":true,"href":"https:\/\/www.radioempire.it\/index.php\/wp-json\/wp\/v2\/categories?post=47663"},{"taxonomy":"post_tag","embeddable":true,"href":"https:\/\/www.radioempire.it\/index.php\/wp-json\/wp\/v2\/tags?post=47663"}],"curies":[{"name":"wp","href":"https:\/\/api.w.org\/{rel}","templated":true}]}}