{"id":48062,"date":"2023-11-27T07:13:58","date_gmt":"2023-11-27T07:13:58","guid":{"rendered":"https:\/\/www.radioempire.it\/?p=48062"},"modified":"2023-11-27T07:13:58","modified_gmt":"2023-11-27T07:13:58","slug":"empoli-accademy-day-martedi-28-novembre-santa-teresa-di-riva","status":"publish","type":"post","link":"https:\/\/www.radioempire.it\/index.php\/2023\/11\/27\/empoli-accademy-day-martedi-28-novembre-santa-teresa-di-riva\/","title":{"rendered":"Empoli Accademy Day Marted\u00ec 28 Novembre Santa Teresa di Riva"},"content":{"rendered":"\r\n\r\n<strong>Marted\u00ec 28 Novembre 2023 sar\u00e0 un grande giorno per la storia di Sport Project Academy, per i propri tesserati e per lo slancio sportivo giovanile dell&#8217;intera riviera.<\/strong>\r\n\r\n \r\n\r\nParte infatti ufficialmente il <strong>PROGETTO EMPOLI ACADEMY<\/strong>, che vedr\u00e0 nel corso dell&#8217;intero anno sportivo 2023\/24, sul campo di calcio di Santa Teresa di Riva, la presenza periodica dei tecnici della societ\u00e0 toscana, che avr\u00e0 come obiettivo l&#8217;osservazione, il monitoraggio e la valorizzazione dei giovani talenti giallobl\u00f9.\r\n\r\n \r\n\r\nLa prima visita tecnica stagionale sar\u00e0 appunto quella del 28 novembre p.v., con la presenza sul rettangolo verde di Santa Teresa di Riva di Giulio PASTECCHIA (Tecnico\/formatore Academy Empoli) e prevede:\r\n\r\n \r\n<ul>\r\n \t<li>Ore 16.15: Incontro e briefing tecnico formativo con lo staff di Sport Project Academy;<\/li>\r\n \r\n \t<li>Ore 17.30: Osservazione delle sedute di allenamento per le fasce di et\u00e0 2009\/2012, ed azione scouting;<\/li>\r\n \r\n \t<li>Ore 19.45: Conferenza stampa di presentazione del PROGETTO EMPOLI ACADEMY &amp; SPORT PROJECT ACADEMY.<\/li>\r\n<\/ul>\r\n \r\n\r\nNel corso della conferenza stampa, che si terr\u00e0 presso il Palazzo della cultura di Santa Teresa di Riva, verr\u00e0 presentato ufficialmente e nel dettaglio il progetto Empoli Academy, alla presenza delle autorit\u00e0 politiche, dei genitori e dei numerosi invitati.\r\n\r\n \r\n\r\nEducare \u00e8 un obbligo, formare un dovere!\r\n\r\n","protected":false},"excerpt":{"rendered":"<p>Marted\u00ec 28 Novembre 2023 sar\u00e0 un grande giorno per la storia di Sport Project Academy, per i propri tesserati e per lo slancio sportivo giovanile dell&#8217;intera riviera. Parte infatti ufficialmente<\/p>\n<div><a class=\"permalink\" href=\"https:\/\/www.radioempire.it\/index.php\/2023\/11\/27\/empoli-accademy-day-martedi-28-novembre-santa-teresa-di-riva\/\">Read More&#8230;<\/a><\/div>\n","protected":false},"author":2,"featured_media":48063,"comment_status":"closed","ping_status":"closed","sticky":false,"template":"","format":"standard","meta":[],"categories":[3,36],"tags":[],"_links":{"self":[{"href":"https:\/\/www.radioempire.it\/index.php\/wp-json\/wp\/v2\/posts\/48062"}],"collection":[{"href":"https:\/\/www.radioempire.it\/index.php\/wp-json\/wp\/v2\/posts"}],"about":[{"href":"https:\/\/www.radioempire.it\/index.php\/wp-json\/wp\/v2\/types\/post"}],"author":[{"embeddable":true,"href":"https:\/\/www.radioempire.it\/index.php\/wp-json\/wp\/v2\/users\/2"}],"replies":[{"embeddable":true,"href":"https:\/\/www.radioempire.it\/index.php\/wp-json\/wp\/v2\/comments?post=48062"}],"version-history":[{"count":1,"href":"https:\/\/www.radioempire.it\/index.php\/wp-json\/wp\/v2\/posts\/48062\/revisions"}],"predecessor-version":[{"id":48064,"href":"https:\/\/www.radioempire.it\/index.php\/wp-json\/wp\/v2\/posts\/48062\/revisions\/48064"}],"wp:featuredmedia":[{"embeddable":true,"href":"https:\/\/www.radioempire.it\/index.php\/wp-json\/wp\/v2\/media\/48063"}],"wp:attachment":[{"href":"https:\/\/www.radioempire.it\/index.php\/wp-json\/wp\/v2\/media?parent=48062"}],"wp:term":[{"taxonomy":"category","embeddable":true,"href":"https:\/\/www.radioempire.it\/index.php\/wp-json\/wp\/v2\/categories?post=48062"},{"taxonomy":"post_tag","embeddable":true,"href":"https:\/\/www.radioempire.it\/index.php\/wp-json\/wp\/v2\/tags?post=48062"}],"curies":[{"name":"wp","href":"https:\/\/api.w.org\/{rel}","templated":true}]}}