{"id":48120,"date":"2023-11-28T16:09:54","date_gmt":"2023-11-28T16:09:54","guid":{"rendered":"https:\/\/www.radioempire.it\/?p=48120"},"modified":"2023-11-28T16:09:54","modified_gmt":"2023-11-28T16:09:54","slug":"via-dei-corti-2023-tutti-i-protagonisti-del-festival","status":"publish","type":"post","link":"https:\/\/www.radioempire.it\/index.php\/2023\/11\/28\/via-dei-corti-2023-tutti-i-protagonisti-del-festival\/","title":{"rendered":"Via dei Corti 2023: Tutti i protagonisti del Festival"},"content":{"rendered":"<p><strong>Dal 30 novembre al 3 dicembre torna il Festival di Cinema Breve <\/strong><br \/>\n<strong>a Gravina di Catania.<\/strong><br \/>\nIncontri, ospiti, proiezioni e il concorso internazionale di cortometraggi<\/p>\n<p>GRAVINA DI CATANIA \u2013 Si riaccende il cinema alle pendici dell\u2019Etna, nel Comune di Gravina di Catania dal 30 novembre al 3 dicembre si svolger\u00e0 la nona edizione del Festival Indipendente di Cinema Breve \u201cVia dei Corti\u201d, Il tema scelto per questa nona edizione \u00e8 \u201cResilienza\u201d.<br \/>\nL\u2019Auditorium Angelo Musco sar\u00e0 la location delle giornate del festival, ma non solo, come ogni anno alcuni incontri si terranno anche il centro commerciale Katan\u00e9, main partner dell\u2019evento.<\/p>\n<p>Il Festival \u201cVia dei Corti\u201d \u00e8 realizzato dalle associazioni Gravina Arte e No_Name, con il patrocinio del Comune di Gravina di Catania, alla conferenza stampa di presentazione svoltasi nella sala del comune etneo, erano presenti il sindaco Massimiliano Giammusso, la presidente Marcella Messina, il regista Daniele Gangemi e Cirino Cristaldi della direzione artistica, che hanno presentato il ricco programma di quest\u2019anno.<br \/>\nIl sindaco Giammuso ha aperto la conferenza esprimendo il suo entusiasmo per il Festival: \u201cinsieme all\u2019amministrazione comunale abbiamo il piacere di presentare e supportare questa manifestazione elemento cardine del nostro cartellone di eventi annuale. La nostra citt\u00e0, grazie anche al mondo dell\u2019associazionismo, non \u00e8 pi\u00f9 un comune satellite come spesso viene tacciato di essere, ma propone qualcosa di irripetibile e peculiare nella scena culturale.- in conclusione il sindaco ha aggiunto &#8211; I corti trattano temi di grande attualit\u00e0 e ci sono ospiti di assoluto pregio, \u00e8 un grande evento organizzato grazie a una forte connessione tra ente pubblico e privato, che genera davvero un festival importante e virtuoso di cui andiamo fieri. Invito tutti, non solo la cittadinanza gravinese, a partecipare\u201d.<\/p>\n<p>Via dei corti quest\u2019anno si pregia di un nuovo elemento nella direzione artistica, il regista Daniele Gangemi: \u201cfare cultura in Italia e in Sicilia, a maggior ragione, \u00e8 davvero un atto di coraggio e per questo Cirino ha tutta la mia stima, inoltre lo ringrazio per avermi voluto nella direzione artistica \u2013 ha affermato Gangemi, proseguendo &#8211; La resilienza sar\u00e0 simbolo di questa edizione preludio di una successiva, la decima, che segner\u00e0 un bel traguardo\u201d.<\/p>\n<p>Il direttore artistico Cirino Cristaldi nel suo intervento ha spiegato come Via dei Corti sia cresciuto negli anni e come si stia sempre pi\u00f9 affermando nel panorama dei festival internazionali: \u201cin questa nona edizione, offriremo al pubblico delle opere di qualit\u00e0 davvero elevata provenienti da tutto il mondo. Sono arrivati corti da Iran, Nuova Zelanda, Stati Uniti, Germania, Francia, Regno Unito, Spagna e Bulgaria, loro cercano il nostro festival e sono contenti di partecipare, per noi questo \u00e8 un grande orgoglio. I cortometraggi che proietteremo tratteranno tematiche importanti, ma quest\u2019anno rispetto al passato abbiamo pi\u00f9 commedie, secondo me \u00e8 un dato da segnalare perch\u00e9 in questo momento storico parlare di argomenti attuali con ironia, riuscendo a strappare un sorriso allo spettatore, penso sia un valore aggiunto. I documentari, invece, sono molto educativi per questo abbiamo voluto coinvolgere le scuole e i ragazzi, perch\u00e9 il festival abbia anche uno scopo didattico\u201d.<\/p>\n<p>Quattro giornate fitte di incontri, quelle dal 30 novembre al 3 dicembre, si comincia gioved\u00ec mattina con la sezione \u201cCorti Scolastici\u201d che come ogni anno conferma la forte adesione di tanti studenti, curati dal presidente del festival Marcella Messina che durante la conferenza ha affermato: \u201csiamo arrivati alla XIII edizione dei Corti Scolastici, quest\u2019anno avremo la sala gremita di studenti provenienti da tutta Italia, sono veramente felice anche perch\u00e9 i ragazzi parteciperanno anche alla Sezione Campus, li ho invogliati in questa esperienza per fargli conoscere il lavoro e le diverse maestranze che ci sono dietro al fantastico mondo del cinema\u201d.<\/p>\n<p>Giorno 30 novembre alle 21.00 \u00e8 prevista la prima delle serata di premiazione presentata da Simona Zagarella e Giulia Sapienza, mentre la serata conclusiva sar\u00e0 condotta dall\u2019amato presentatore siciliano Ruggero Sardo.<br \/>\nTanti i premiati di questa edizione:<br \/>\nPremio Via dei Corti al Talento Siciliano: Daniele Arena, Roberta Amato, Luca Madonia e Salvo No\u00e8.<br \/>\nPremio Film in Sicily: Giovanni Virgilito per l\u2019opera I racconti della domenica.<br \/>\nPremio Globus Via dei Corti: Giuseppe Sangiorgi per l\u2019opera Recomaterna..<br \/>\nPremio Via dei Corti Astro Nascente: Alessandra Masi, Liliana Fiorelli<br \/>\nPremio Via dei Corti al Cantautore dell\u2019anno: Gregorio Lui.<br \/>\nPremio Via dei Corti una Vita per il Cinema: Daniela Poggi.<\/p>\n<p>Il calendario degli appuntamenti prosegue con diversi incontri esclusivi tra cui segnaliamo quello di venerd\u00ec 1 dicembre alle ore 12.00 all\u2019Auditorium Angelo Musco, per la Sezione Campus, verr\u00e0 presentato il libro Fame di Storie di Gianni Min\u00e0, preceduto alle ore 9.30 dalla proiezione del documentario; ne parler\u00e0 Loredana Macchietti Min\u00e0 insieme a Rosario Scuderi e Mario Cunsolo.<br \/>\nSabato 2 dicembre, da non perdere, l\u2019incontro che si svolger\u00e0 presso il Centro Commerciale Katan\u00e8 alle ore 11.00 dal titolo Il cinema \u00e8 Donna, il giornalista Lucio Di Mauro dialogher\u00e0 con le attrici Angela Curri, Liliana Fiorelli, Alessandra Masi ed Ester Pantano.<br \/>\nDomenica 3 dicembre, nel corso dello spot pomeridiano dedicato ai documentari, fuori dal concorso verr\u00e0 proiettato The silent observer del regista Vittorio Zunino Celotto.<\/p>\n<p>Le serate del festival saranno come sempre caratterizzate dalla proiezione dei corti finalisti provenienti da tutto il mondo e divisi in tre sezioni: Animazione, Documentario e Concorso Internazionale. A giudicare queste opere, una giuria composta da eccellenti artisti e professionisti del panorama nazionale: Ester Pantano, Alessandra Masi, Liliana Fiorelli, Angela Curri, Lucia Sardo, Davide Vigore, Roberto Carrubba, Francesco Zarzana, Salvatore Lizzio, Ruggero Sardo, Ines Manca, Alessandro Marinaro, Rosario Scuderi, Nicola Conversa, Chiara Rapisarda, Ermete Labbadia, Debora Scalzo, Marta L\u00ecmoli, Riccardo Camilli, Roberto Baldassarre.<br \/>\nDa questa edizione, per la prima volta nella storia del festival, ci sar\u00e0 una nuova giuria di giornalisti che decreteranno il corto vincitore del Premio della Critica, composta da: Fernando Massimo Adonia, Valentina Carmen Chisari, Daniele Di Frangia, Lucio Di Mauro, Daniele Lo Porto, Giuseppina Adriana Macr\u00ec Di Bella, Marco Pitrella, Maria Chiara Spedalieri, Dino Stornello, Enzo Stroscio.<br \/>\nUltime, ma non per importanza, la Giuria Popolare che ogni sera potr\u00e0 essere chiamata in causa per votare le opere preferite e la Giuria dei Giovani che sar\u00e0 composta da giovani provenienti da diversi istituti scolastici dell\u2019hinterland e dai talentuosi allievi dei \u201cViagrande Studios\u201d.<\/p>\n<p>Nel corso delle serate si svolgeranno anche altre premiazioni, tra cui il Premio Cinemigrare, il Premio Armando Bonadonna alla Miglior Regia per la sezione documentario e il Premio alla Miglior Regia per la sezione Corti D\u2019Animazione, assegnato dai membri della associazione culturale Dirty Dozen.<\/p>\n<p>Di seguito tutti i finalisti delle varie sezioni e in allegato il programma del festival:<\/p>\n<p>SEZIONE CORTI INTERNAZIONALI<br \/>\n48 ore prima, Seb Di Fazio (ITALIA)<br \/>\nA piedi nudi, Luca Esposito (ITALIA)<br \/>\nBefore the sun sets, Nani Matos (SPAGNA)<br \/>\nBlind, Alessandro Panzeri (ITALIA)<br \/>\nDov\u2019\u00e8 la vittoria, Stefano Lisci (ITALIA)<br \/>\nLa foresta delle anime, Pierre Gaffi\u00e9 (FRANCIA)<br \/>\nLo sport nazionale, Andrea Belcastro (ITALIA)<br \/>\nManco morto, Emma Cecala (ITALIA)<br \/>\nMariposa, Maurizio Forcella (ITALIA)<br \/>\nNon \u00e8, Lorenzo Sepalone (ITALIA)<br \/>\nOgni tre giorni, Mark Petrasso (ITALIA)<br \/>\nOld tricks, Edoardo Pasquini, Viktor Ivanov (BULGARIA \/ ITALIA)<br \/>\nRitorno al presente, Max Nardari (ITALIA)<br \/>\nSalanitro, Lavinia Zammataro (ITALIA)<br \/>\nSeMe, Lucia Bulgheroni (ITALIA)<\/p>\n<p>SEZIONE CORTI D\u2019ANIMAZIONE<br \/>\n180\u00b0 C, Jos\u00e9phine Vendeville, Cl\u00e9mence Bellet, Florian Lecocq, C\u00e9lia Leblois, Charlie Bossuyt (FRANCIA)<br \/>\n7 libbre e 8 once, Yoo Lee (USA)<br \/>\nCaramelle, Matteo Panebarco (ITALIA)<br \/>\nSe avessi le mani, Pasquale D\u2019Amico (ITALIA)<br \/>\nTear off, Cl\u00e9ment Del Negro, Charlotte Fargier, H\u00e9lo\u00efse Neveu, Camille Souchard, Nalini Bashin, Mikko Petremand, Matthias Bourgeuil (FRANCIA)<br \/>\nThe death of Hector, Cameron Madams, Alfio Leotta (NUOVA ZELANDA)<br \/>\nThe Sprayer, Farnoosh Abedi (IRAN)<br \/>\nUna pioggia di giugno, Gianfrancesco Iacono (ITALIA)<\/p>\n<p>SEZIONE DOCUMENTARI<br \/>\nIl volto nascosto del cyberbullismo, Christian Olcese, Filippo Castagnola (ITALIA)<br \/>\nManuale di cinematografia per dilettanti &#8211; Vol. I, Federico Di Corato (ITALIA)<br \/>\nNel cognome che ho scelto, Lorenzo Sepalone (ITALIA)<br \/>\nNudo, Gabriele Donati (ITALIA)<br \/>\nStati d\u2019infanzia. Viaggio nel paese che cresce, Arianna Massimi (ITALIA)<\/p>\n<p>SEZIONE CINEMGRARE<br \/>\nMiglior Film a La salud naufraga en la frontera sur, Alba Vill\u00e9n, Ignacio Marin (SPAGNA)<\/p>\n<p>SEZIONE FILM IN SICILY<br \/>\nMiglior Film a I racconti della domenica, Giovanni Virgilio (ITALIA)<\/p>\n<p>PREMIO GLOBUS &#8211; VIA DEI CORTI PER LA VALORIZZAZIONE DEL TERRITORIO<br \/>\nMiglior Film a Recomaterna, Giuseppe Sangiorgi (ITALIA)<\/p>\n","protected":false},"excerpt":{"rendered":"<p>Dal 30 novembre al 3 dicembre torna il Festival di Cinema Breve a Gravina di Catania. Incontri, ospiti, proiezioni e il concorso internazionale di cortometraggi GRAVINA DI CATANIA \u2013 Si<\/p>\n<div><a class=\"permalink\" href=\"https:\/\/www.radioempire.it\/index.php\/2023\/11\/28\/via-dei-corti-2023-tutti-i-protagonisti-del-festival\/\">Read More&#8230;<\/a><\/div>\n","protected":false},"author":2,"featured_media":48121,"comment_status":"closed","ping_status":"closed","sticky":false,"template":"","format":"standard","meta":[],"categories":[36,78],"tags":[],"_links":{"self":[{"href":"https:\/\/www.radioempire.it\/index.php\/wp-json\/wp\/v2\/posts\/48120"}],"collection":[{"href":"https:\/\/www.radioempire.it\/index.php\/wp-json\/wp\/v2\/posts"}],"about":[{"href":"https:\/\/www.radioempire.it\/index.php\/wp-json\/wp\/v2\/types\/post"}],"author":[{"embeddable":true,"href":"https:\/\/www.radioempire.it\/index.php\/wp-json\/wp\/v2\/users\/2"}],"replies":[{"embeddable":true,"href":"https:\/\/www.radioempire.it\/index.php\/wp-json\/wp\/v2\/comments?post=48120"}],"version-history":[{"count":1,"href":"https:\/\/www.radioempire.it\/index.php\/wp-json\/wp\/v2\/posts\/48120\/revisions"}],"predecessor-version":[{"id":48122,"href":"https:\/\/www.radioempire.it\/index.php\/wp-json\/wp\/v2\/posts\/48120\/revisions\/48122"}],"wp:featuredmedia":[{"embeddable":true,"href":"https:\/\/www.radioempire.it\/index.php\/wp-json\/wp\/v2\/media\/48121"}],"wp:attachment":[{"href":"https:\/\/www.radioempire.it\/index.php\/wp-json\/wp\/v2\/media?parent=48120"}],"wp:term":[{"taxonomy":"category","embeddable":true,"href":"https:\/\/www.radioempire.it\/index.php\/wp-json\/wp\/v2\/categories?post=48120"},{"taxonomy":"post_tag","embeddable":true,"href":"https:\/\/www.radioempire.it\/index.php\/wp-json\/wp\/v2\/tags?post=48120"}],"curies":[{"name":"wp","href":"https:\/\/api.w.org\/{rel}","templated":true}]}}