{"id":48231,"date":"2023-12-01T19:05:03","date_gmt":"2023-12-01T19:05:03","guid":{"rendered":"https:\/\/www.radioempire.it\/?p=48231"},"modified":"2023-12-01T19:05:17","modified_gmt":"2023-12-01T19:05:17","slug":"phoenix-con-lo-cascio-rappa-a-monza-per-lo-showdown","status":"publish","type":"post","link":"https:\/\/www.radioempire.it\/index.php\/2023\/12\/01\/phoenix-con-lo-cascio-rappa-a-monza-per-lo-showdown\/","title":{"rendered":"Phoenix con Lo Cascio-Rappa a Monza per lo showdown"},"content":{"rendered":"<div class=\"moz-text-html\" lang=\"x-unicode\">\n<div dir=\"ltr\">\n<div dir=\"ltr\">\n<p><b>L\u2019ultimo atto del monomarca Toyota si prospetta come una vera e propria resa dei conti. Dopo un&#8217;intensa stagione che ha visto l\u2019equipaggio Siciliano ai vertici fra le GR Yaris, questo fine settimana il gran finale sul misto terra\/asfalto in una location simbolo del motorsport<\/b><b><i><\/i><\/b><\/p>\n<p><b><i>\u00a0<\/i><\/b><\/p>\n<p><b>Santa Teresa Riva (ME). <\/b>Arriva il gran finale della GR Yaris Cup. Il Team Automobilistico Phoenix e DFL Academy saranno in prima linea a fianco dell\u2019equipaggio siciliano composto dal giovane nisseno Salvatore Lo Cascio e dall\u2019esperto palermitano Gianfranco Rappa, per puntare alla conquista dell\u2019ambito trofeo GR Yaris Cup.<\/p>\n<p>L\u2019attuale classifica vede siciliani al terzo posto con 8 punti di ritardo dal vertice, ma con identiche possibilit\u00e0 di successo rispetto a chi li precede in virt\u00f9 del doppio punteggio che la tappa conclusiva del campionato assegner\u00e0.<\/p>\n<p>Lo Cascio\u00a0 alla vigilia della competizione brianzola ha dichiarato: \u201c-Siamo arrivati all&#8217;ultima gara da protagonisti\u00a0 nella prima stagione fuori dalla Sicilia ed \u00e8 certamente gratificante avere la possibilit\u00e0 di giocarci la vittoria finale della Yaris Gr Rally Cup e della coppa Under 25 nel CIAR.<\/p>\n<p>Grazie agli ottimi consigli tecnici forniti dalla DLF Academy e da Phoenix sono riuscito a colmare il gap da neofita che ha contraddistinto il mio 2024.<\/p>\n<p>Monza si \u00e8 rivelato l\u2019appuntamento pi\u00f9 atteso della stagione. il coefficiente doppio per i trofeisti Toyota ha fatto aumentare esponenzialmente l\u2019attesa sulla gara e l\u2019assoluta novit\u00e0 del fondo misto terra-asfalto ha aggiunto una nota di imprevedibilit\u00e0. Il weekend sar\u00e0 anche condizionato dal meteo incerto e dall&#8217;incognita degli pneumatici. Per il bilancio positivo fin qui tracciato sono grato a DLF Academy ,per avermi permesso di partecipare a questo Campionato e spero di riuscire a concludere gli obiettivi prefissati ad inizio anno.<\/p>\n<p>Delfino La Ferla titolare della DLF ha anche lui analizzato la stagione:- \u00a0\u201d<i>L\u2019anno d\u2019esordio per l\u2019 Academy ha previsto un lavoro molto intenso che si \u00e8 rivelato sempre pi\u00f9 efficace. Abbiamo esordito in una serie molto competitiva per cui tutti i risultati fin qui ottenuti ci gratificano pienamente. La finale sar\u00e0 un ulteriore banco di prova, ma i progressi che abbiamo registrato ci permettono di guardare con estrema fiducia al futuro insieme ai nostri partner. Abbiamo fatto degli investimenti cospicui che desideriamo capitalizzare grazie agli ottimi riscontri ottenuti\u201d.<\/i><\/p>\n<p>Il programma del Rally di Monza prevede lo start Venerd\u00ec alle ore 13.00 dal rettilineo del circuito brianzolo, poi subito sar\u00e0 la PS1 Monza 1 ad accendere la sfida. La stessa prova verr\u00e0 replicata sabato 2 dicembre alle 12.58 (PS8) e alle 15.37 (PS10) come prova conclusiva del Rally di Monza 2023.<\/p>\n<p>La PS2 Junior prevede invece il primo passaggio venerd\u00ec alle ore 14.55 e \u00a0le repliche come PS7 sabato alle\u00a0 12.40 e come\u00a0 PS9 sabato alle 15.19). Il salto e l\u2019inversione in uscita dalla Sopraelevata Sud sono sempre stati tra i passaggi pi\u00f9 attesi nei rally monzesi e non poteva mancare un passaggio cos\u00ec spettacolare per l\u2019ultimo atto delle serie tricolori.<\/p>\n<p>Sabato mattina, ad aprire la giornata sar\u00e0 la PS5 Roggia, presenta la percentuale maggiore di tratto sterrato, alle 8.04, seguita subito dalla ripetizione della stessa prova PS6 alle 10.24.<\/p>\n<p>Alle ore 16.00 l\u2019appuntamento \u00e8 sul rettilineo principale per l\u2019arrivo dei primi. Circa 1 ora dopo saliranno sul palco anche i protagonisti del GR Yaris Cup.<\/p>\n<\/div>\n<\/div>\n<\/div>\n","protected":false},"excerpt":{"rendered":"<p>L\u2019ultimo atto del monomarca Toyota si prospetta come una vera e propria resa dei conti. Dopo un&#8217;intensa stagione che ha visto l\u2019equipaggio Siciliano ai vertici fra le GR Yaris, questo<\/p>\n<div><a class=\"permalink\" href=\"https:\/\/www.radioempire.it\/index.php\/2023\/12\/01\/phoenix-con-lo-cascio-rappa-a-monza-per-lo-showdown\/\">Read More&#8230;<\/a><\/div>\n","protected":false},"author":2,"featured_media":48232,"comment_status":"closed","ping_status":"closed","sticky":false,"template":"","format":"standard","meta":[],"categories":[3,36,1],"tags":[],"_links":{"self":[{"href":"https:\/\/www.radioempire.it\/index.php\/wp-json\/wp\/v2\/posts\/48231"}],"collection":[{"href":"https:\/\/www.radioempire.it\/index.php\/wp-json\/wp\/v2\/posts"}],"about":[{"href":"https:\/\/www.radioempire.it\/index.php\/wp-json\/wp\/v2\/types\/post"}],"author":[{"embeddable":true,"href":"https:\/\/www.radioempire.it\/index.php\/wp-json\/wp\/v2\/users\/2"}],"replies":[{"embeddable":true,"href":"https:\/\/www.radioempire.it\/index.php\/wp-json\/wp\/v2\/comments?post=48231"}],"version-history":[{"count":1,"href":"https:\/\/www.radioempire.it\/index.php\/wp-json\/wp\/v2\/posts\/48231\/revisions"}],"predecessor-version":[{"id":48233,"href":"https:\/\/www.radioempire.it\/index.php\/wp-json\/wp\/v2\/posts\/48231\/revisions\/48233"}],"wp:featuredmedia":[{"embeddable":true,"href":"https:\/\/www.radioempire.it\/index.php\/wp-json\/wp\/v2\/media\/48232"}],"wp:attachment":[{"href":"https:\/\/www.radioempire.it\/index.php\/wp-json\/wp\/v2\/media?parent=48231"}],"wp:term":[{"taxonomy":"category","embeddable":true,"href":"https:\/\/www.radioempire.it\/index.php\/wp-json\/wp\/v2\/categories?post=48231"},{"taxonomy":"post_tag","embeddable":true,"href":"https:\/\/www.radioempire.it\/index.php\/wp-json\/wp\/v2\/tags?post=48231"}],"curies":[{"name":"wp","href":"https:\/\/api.w.org\/{rel}","templated":true}]}}