{"id":48390,"date":"2023-12-06T12:52:52","date_gmt":"2023-12-06T12:52:52","guid":{"rendered":"https:\/\/www.radioempire.it\/?p=48390"},"modified":"2023-12-06T12:52:52","modified_gmt":"2023-12-06T12:52:52","slug":"assegnata-a-roccalumera-la-terza-prova-del-calendario-nazionale-kart-circuiti-cittadini","status":"publish","type":"post","link":"https:\/\/www.radioempire.it\/index.php\/2023\/12\/06\/assegnata-a-roccalumera-la-terza-prova-del-calendario-nazionale-kart-circuiti-cittadini\/","title":{"rendered":"Assegnata a Roccalumera la terza prova del Calendario Nazionale Kart Circuiti Cittadini"},"content":{"rendered":"<p>Dopo l&#8217;effettuazione dell&#8217; ottava prova del Campionato Regionale Kart , Circuiti Cittadini, disputatasi lo scorso 5 Novembre,in sostituzione della gara di Cefal\u00f9,la cittadina jonica,grazie all&#8217; interessamento del sindaco Lombardo,si \u00e8 vista assegnare ,per il mese di Giugno 2024, precisamente il 9 Domenica,la terza prova del suddetto Campionato.<br \/>\nLa prova avr\u00e0 punteggio doppio,con coeff a 1,5,per richiamare un maggiore numero di piloti e si svolger\u00e0,sempre in contrada Piana,zona Artigianale,ma con un nuovo layout,che si richiamer\u00e0 allo slalom ACSI,disputato alcuni anni orsono.<br \/>\nIl Campionato articolato su 9 prove, toccher\u00e0 vari luoghi nell&#8217; isola,partendo da Montevago e proseguendo per Custonaci,Sambuca,Buseto Palazzolo,Trapani, Caltanissetta per approdare fuori isola a Cesena,come seconda prova.<br \/>\nUn lusso per la nostra riviera,che porter\u00e0 una prova titolata,anche per i kartisti del territorio,che generalmente si cimentano al Kartodromo dello Stretto,ma con i 4 tempi.<br \/>\nUna buona novit\u00e0 in vista del 2024,per la gioia anche degli appassionati,accorsi numerosi nella prova di quest&#8217; anno.<\/p>\n<p><strong>Servizio di Vincenzo Sacc\u00e0<\/strong><\/p>\n","protected":false},"excerpt":{"rendered":"<p>Dopo l&#8217;effettuazione dell&#8217; ottava prova del Campionato Regionale Kart , Circuiti Cittadini, disputatasi lo scorso 5 Novembre,in sostituzione della gara di Cefal\u00f9,la cittadina jonica,grazie all&#8217; interessamento del sindaco Lombardo,si \u00e8<\/p>\n<div><a class=\"permalink\" href=\"https:\/\/www.radioempire.it\/index.php\/2023\/12\/06\/assegnata-a-roccalumera-la-terza-prova-del-calendario-nazionale-kart-circuiti-cittadini\/\">Read More&#8230;<\/a><\/div>\n","protected":false},"author":2,"featured_media":48391,"comment_status":"closed","ping_status":"closed","sticky":false,"template":"","format":"standard","meta":[],"categories":[3,36],"tags":[],"_links":{"self":[{"href":"https:\/\/www.radioempire.it\/index.php\/wp-json\/wp\/v2\/posts\/48390"}],"collection":[{"href":"https:\/\/www.radioempire.it\/index.php\/wp-json\/wp\/v2\/posts"}],"about":[{"href":"https:\/\/www.radioempire.it\/index.php\/wp-json\/wp\/v2\/types\/post"}],"author":[{"embeddable":true,"href":"https:\/\/www.radioempire.it\/index.php\/wp-json\/wp\/v2\/users\/2"}],"replies":[{"embeddable":true,"href":"https:\/\/www.radioempire.it\/index.php\/wp-json\/wp\/v2\/comments?post=48390"}],"version-history":[{"count":1,"href":"https:\/\/www.radioempire.it\/index.php\/wp-json\/wp\/v2\/posts\/48390\/revisions"}],"predecessor-version":[{"id":48392,"href":"https:\/\/www.radioempire.it\/index.php\/wp-json\/wp\/v2\/posts\/48390\/revisions\/48392"}],"wp:featuredmedia":[{"embeddable":true,"href":"https:\/\/www.radioempire.it\/index.php\/wp-json\/wp\/v2\/media\/48391"}],"wp:attachment":[{"href":"https:\/\/www.radioempire.it\/index.php\/wp-json\/wp\/v2\/media?parent=48390"}],"wp:term":[{"taxonomy":"category","embeddable":true,"href":"https:\/\/www.radioempire.it\/index.php\/wp-json\/wp\/v2\/categories?post=48390"},{"taxonomy":"post_tag","embeddable":true,"href":"https:\/\/www.radioempire.it\/index.php\/wp-json\/wp\/v2\/tags?post=48390"}],"curies":[{"name":"wp","href":"https:\/\/api.w.org\/{rel}","templated":true}]}}