{"id":48393,"date":"2023-12-06T13:03:41","date_gmt":"2023-12-06T13:03:41","guid":{"rendered":"https:\/\/www.radioempire.it\/?p=48393"},"modified":"2023-12-06T13:03:41","modified_gmt":"2023-12-06T13:03:41","slug":"via-dei-corti-2023-tutti-i-vincitori-della-ix-edizione","status":"publish","type":"post","link":"https:\/\/www.radioempire.it\/index.php\/2023\/12\/06\/via-dei-corti-2023-tutti-i-vincitori-della-ix-edizione\/","title":{"rendered":"Via dei Corti 2023: Tutti i vincitori della IX edizione"},"content":{"rendered":"<p>Incontri, proiezioni e premiazioni, il cinema si conferma ancora una volta il vincitore di questa nona edizione di Via dei Corti<\/p>\n<p>GRAVINA DI CATANIA &#8211; Si sono concluse le quattro intense giornate di Via Dei Corti, un\u2019edizione dedicata alla tematica della Resilienza, molto partecipata da parte del pubblico che ha potuto prendere parte attivamente ai numerosi incontri e alle interessanti proiezioni di tutte le sezioni in concorso.<br \/>\nAll\u2019Auditorium Angelo Musco di Gravina di Catania e al Centro Commerciale Katan\u00e8, da sempre partner del festival, si sono svolti gli appuntamenti quotidiani con attori, giornalisti, registi che si sono raccontati, agli studenti delle sezioni Campus e ai tanti curiosi ed estimatori del cinema che hanno riempito le sale. Durante le tre serate presentate da Simona Zagarella e Giulia Sapienza, sono state tante le proiezioni e le premiazioni che si sono susseguite, non sono mancate le emozioni grazie anche alle bellissime performance dei ragazzi dell\u2019Associazione Gravina Arte che, ogni sera, hanno dato il via al festival con piccole perle artistiche.<br \/>\nIl festival, conclusosi con l\u2019ultima serata presentata dall\u2019amato conduttore siciliano Ruggero Sardo, che ha decretato i vincitori delle varie sezioni in gara e ha completato la serie di lunghe premiazioni di questa nona edizione di Via Dei Corti, che ha visto come protagonisti personalit\u00e0 di spicco nel panorama cinematografico e artistico italiano come; Daniela Poggi, Liliana Fiorelli, Alessandra Masi, Roberta Amato, Angela Curri, Loredana Macchietti Min\u00e0, Danilo Arena, Luca Madonia, Salvo No\u00e8 e Gregorio Lui.<\/p>\n<p>Intensa, questa IX edizione, sia per il numero delle opere pervenute, oltre mille da tutto il modo, che per la qualit\u00e0 molto elevata, le giurie delle diverse sezioni: Documentario, Animazione e Concorso Internazionale, dopo un\u2019attenta e accurata selezione hanno decretato i vincitori.<br \/>\nIl Premio al Miglior Documentario \u00e8 stato vinto da \u201cNel cognome che ho scelto\u201d di Lorenzo Sepalone.<br \/>\nL\u2019adesione da parte di tanti paesi stranieri rende Via dei Corti una realt\u00e0 sempre in crescita che vuole affermarsi nel panorama dei festival internazionali, testimonianza di questo \u00e8 stato il vincitore del Premio Miglior Film Animazione, il cortometraggio \u201cThe Sprayer\u201d di Farnoosh Abedi, proveniente dall\u2019Iran. Inoltre, durante le due serate, la giuria giovani ha assegnato il premio al miglior cortometraggio allo spagnolo \u201cBefore the sun sets\u201d di Nani Matos, mentre il premio della giuria del pubblico \u00e8 stato assegnato a \u201cRitorno al presente\u201d di Max Nardari.<\/p>\n<p>Il Premio Via dei Corti al Talento Siciliano \u00e8 stato attribuito a professionisti che si sono distinti per il loro ecclettismo e la bravura in diversi settori, i due giovani attori Roberta Amato e Danilo Arena, lo psicoterapeuta e scrittore Salvo No\u00e8 e il cantautore Luca Madonia<\/p>\n<p>Il Premio Via Dei Corti \u201cAstro Nascente\u201d \u00e8 stato vinto da due giovani e meritevoli attrici impegnate<br \/>\nin tanti progetti per il piccolo e grande schermo e non solo, Liliana Fiorelli e Alessandra Masi.<\/p>\n<p>Ad un\u2019altra talentuosa donna del cinema italiano Daniela Poggi, \u00e8 stato consegnato il Premio Via dei Corti \u201cUna vita per il Cinema\u201d.<\/p>\n<p>Infine il Premio Via dei Corti al Cantautore dell\u2019anno \u00e8 stato attribuito a Gregorio Lui.<\/p>\n<p>Il Premio Film in Sicily \u00e8 stato assegnato al regista Giovanni Virgilio per il suo film \u201cI racconti della domenica\u201d che narra la storia di un sindaco, diventato il padre di tutti i suoi concittadini.<br \/>\nCome ogni anno anche in questa edizione si \u00e8 rinnovato il sodalizio tra Via dei Corti e Globus Network, il presidente Enzo Stroscio ha consegnato il Premio Globus-Via dei Corti per la valorizzazione del territorio al regista Giuseppe Sangiorgi per il suo cortometraggio \u201cRecomamaterna\u201d.<\/p>\n<p>Novit\u00e0 di questa nona edizione \u00e8 stata la giuria del Premio della Critica, composta da giornalisti che hanno visionato e selezionato, nel corso delle serate, i vari cortometraggi decretando il vincitore, che \u00e8 stato \u201cBlind\u201d di Alessandro Panzeri.<\/p>\n<p>Nella sezione corti internazionali, a vincere il tanto ambito Premio al Miglior Film \u00e8 stato il cortometraggio \u201cA piedi nudi\u201d di Luca Esposito, un\u2019opera particolarmente apprezzata che ha ottenuto numerosi riconoscimenti tra cui sia il Premio al Miglior Interprete Maschile assegnato all\u2019attore Antonio Guerra, che quello alla Migliore Interprete Femminile che \u00e8 andato all\u2019attrice Anna De Dominicis.<br \/>\nIl Premio alla Migliore Regia \u00e8 stato vinto da Edoardo Pasquini, Viktor Ivanov per\u00a0\u201cOld tricks\u201d.<\/p>\n<p>Infine, il Premio alla regia intitolato ad Armando Buonadonna per la sezione documentario \u00e8 stato assegnato a Gabriele Donati con\u00a0\u201cNudo\u201d, mentre il Premio &#8220;Via dei Corti \u2013 Dirty Dozen&#8221; alla Miglior Regia\u00a0per la sezione animazione \u00e8 stato vinto da Matteo Panebarco\u00a0con \u201cCaramelle\u201d<\/p>\n<p>Via dei Corti \u00e8 anche Corti Scolastici, una sezione a cui, il presidente Marcella Messina e il direttore artistico Cirino Cristaldi, tengono particolarmente perch\u00e9 i cortometraggi prodotti dai giovani ci mostrano non solo il mondo dei ragazzi con le problematiche e le gioie della loro et\u00e0, ma sono anche le prime opere di talentuosi studenti che iniziano cos\u00ec ad approcciarsi al mondo del cinema e questi piccoli registi ogni anno ci riservano tante sorprese.<\/p>\n<p>Il regista Daniele Gangemi, valore aggiunto nella direzione artistica del festival, si \u00e8 dichiarato entusiasta di questa nona edizione appena conclusasi. Il direttore artistico Cirino Cristaldi in chiusura, ha confermato l\u2019appuntamento alla prossima edizione, la decima, a cui tutto lo staff si sta gi\u00e0 operando, perch\u00e9 sar\u00e0 un\u2019importante giro di boa per un festival low budget che anno dopo anno, lavorando come sempre con passione e determinazione, si sta affermando nel panorama dei concorsi internazionali.<\/p>\n<p>La manifestazione, organizzata dall\u2019Associazione NO_NAME in partnership con Gravina Arte, \u00e8 patrocinata dal Comune di Gravina di Catania, si ringrazia il sindaco, Massimiliano Giammusso e l\u2019amministrazione per il sostegno dato all\u2019iniziativa.<\/p>\n<p>Di seguito riportiamo tutti i premi e le menzioni conferiti:<\/p>\n<p>SEZIONE INTERNAZIONALE CORTOMETRAGGI:<br \/>\nMiglior Film\u00a0\u201cA piedi nudi\u201d di Luca Esposito (ITA)<br \/>\nMiglior Regia\u00a0a\u00a0Edoardo Pasquini, Viktor Ivanov per\u00a0\u201cOld tricks\u201d (BUL\/ITA)<br \/>\nMiglior Montaggio\u00a0a Edoardo Pasquini per\u00a0\u201cOld tricks\u201d (BUL\/ITA) di Edoardo Pasquini, Viktor Ivanov<br \/>\nMigliore Sceneggiatura\u00a0a\u00a0Luca Esposito e Gabriele Genovese\u00a0per\u00a0\u201cA piedi nudi\u201d (ITA) di Luca Esposito<br \/>\nMigliore Fotografia\u00a0a Mattia Tedeschi per\u00a0\u201cMariposa\u201d\u00a0(ITA) di Maurizio Forcella<br \/>\nMiglior Colonna Sonora\u00a0a\u00a0Nicola Pomponi, in arte Setak,\u00a0per\u00a0\u201cMariposa\u201d\u00a0(ITA) di Maurizio Forcella<br \/>\nMiglior Interprete Femminile\u00a0ad Anna De Dominicis per \u201cA piedi nudi\u201d di Luca Esposito (ITA)<br \/>\nMiglior Interprete Maschile\u00a0ad Antonio Guerra per \u201cA piedi nudi\u201d di Luca Esposito (ITA)<br \/>\nPremio della Critica\u00a0a\u00a0\u201cBlind\u201d di Alessandro Panzeri (ITA)<br \/>\nPremio Giuria del Pubblico\u00a0\u201cRitorno al presente\u201d di Max Nardari (ITA)<br \/>\nPremio Giuria dei Giovani\u00a0\u201cBefore the sun sets\u201d di Nani Matos (SPA)<br \/>\nMenzione Speciale\u00a0a\u00a0\u201cOgni 3 giorni\u201d di Mark Petrasso (ITA)<br \/>\nMenzione Speciale\u00a0a\u00a0\u201cLa foresta delle anime\u201d di Pierre Gaffi\u00e8 (FRA)<\/p>\n<p>SEZIONE ANIMAZIONE:<br \/>\nMiglior Film\u00a0\u201cThe Sprayer\u201d di Farnoosh Abedi (IRAN)<br \/>\nPremio &#8220;Via dei Corti \u2013 Dirty Dozen&#8221; alla Miglior Regia\u00a0a\u00a0Matteo Panebarco\u00a0per\u00a0\u201cCaramelle\u201d (ITA)<\/p>\n<p>SEZIONE DOCUMENTARI:<br \/>\nMiglior Documentario\u00a0\u201cNel cognome che ho scelto\u201d di Lorenzo Sepalone (ITA)<br \/>\nPremio Armando Bonadonna alla Miglior Regia\u00a0a Gabriele Donati per\u00a0\u201cNudo\u201d (ITA)<\/p>\n<p>SEZIONE CINEMIGRARE:<br \/>\nMiglior Film\u00a0\u201cLa salud naufraga en la frontera sur\u201d di\u00a0Alba Vill\u00e9n e Ignacio Marin (SPA)<\/p>\n<p>PREMIO GLOBUS PER LA VALORIZZAZIONE DEL TERRITORIO:<br \/>\nMiglior Film\u00a0\u201cRecomaterna\u201d di Giuseppe Sangiorgi (ITA)<\/p>\n<p>PREMIO &#8220;FILM IN SICILY\u201d:<br \/>\nMiglior Film\u00a0\u201cI racconti della domenica\u201d di Giovanni Virgilio (ITA)<\/p>\n<p>PREMI SPECIALI:<br \/>\nPremio Via dei Corti al Talento Siciliano a\u00a0Roberta Amato, Danilo Arena, Luca Madonia,\u00a0Salvo No\u00e8<br \/>\nPremio Via dei Corti \u201cUna vita per il cinema\u201d a\u00a0Daniela Poggi<br \/>\nPremio Via dei Corti \u201cAstro Nascente\u201d a\u00a0Liliana Fiorelli\u00a0e\u00a0Alessandra Masi<br \/>\nPremio Via dei Corti al Cantautore dell\u2019anno a\u00a0Gregorio Lui<\/p>\n<p>PREMI SEZIONE CORTI SCOLASTICI:<br \/>\nMiglior Film: \u201cUna gara da perdere\u201d \u2013 Comprensivo \u201cG.Verga\u201d, Fiumefreddo di Sicilia (CT)<br \/>\nMiglior Regia \u2013 Premio del pubblico: \u201cLegittima Libert\u00e0\u201d \u2013 Laboratorio Cinematografico Omissis<br \/>\nMiglior Sceneggiatura: \u201c+C\u201d\u2013 I.I.S Cristoforo Marzoli (BS)<br \/>\nMiglior Fotografia: \u201cMaria quella vera\u201d &#8211; IPSS \u201cAntonio Gabriele\u201d, Tortora (CS)<br \/>\nMiglior Attrice: Clarissa Aloisio, \u201cIl Bosco delle Lepri\u201d- Liceo Scientifico Archimede, Messina<br \/>\nMiglior Montaggio: \u201cLa sfida\u201d \u2013 Istit. Omnicomp. Liceo Scientifico \u201cMinturno\u201d, Castelforte (LT)<br \/>\nMiglior Attore \u2013 Miglior Colonna Sonora: \u201cNegli occhi di un bambino\u201d- Leonardo Da Vinci, Misterbianco (CT)<br \/>\nPremio Scuola Siciliana: \u201cAmati\u201d- I.I.S. N.Coaljanni, Enna<br \/>\nMiglior Documentario: \u201cLa tradizione di famiglia\u201d \u2013 Istit. Omnicomp. Scuola Media \u201cA. Fusco\u201d, Castelforte (LT)<br \/>\nPremio Progetto Originale: \u201cLe bolle di sapone\u201d- I.C.G. Paolo 2, Gravina di Catania (CT)<br \/>\nMiglio Spot Sociale: \u201cNon \u00e8 amore\u201d \u2013 I.O.S. Musco, Catania<br \/>\nMenzione Speciale per la Tematica: \u201cNo assolutamente, no! Le escluse\u201d \u2013 I.C. Polo 1, Galatone (LE)<br \/>\nMenzione Speciale per la Tematica: \u201cEtichette\u201d \u2013 Liceo Archimede, Acireale (CT)<br \/>\nMenzione Speciale per la Poetica: \u201cIl nido\u201d \u2013 I.C. Guglielmino, Aci Catena (CT)<\/p>\n","protected":false},"excerpt":{"rendered":"<p>Incontri, proiezioni e premiazioni, il cinema si conferma ancora una volta il vincitore di questa nona edizione di Via dei Corti GRAVINA DI CATANIA &#8211; Si sono concluse le quattro<\/p>\n<div><a class=\"permalink\" href=\"https:\/\/www.radioempire.it\/index.php\/2023\/12\/06\/via-dei-corti-2023-tutti-i-vincitori-della-ix-edizione\/\">Read More&#8230;<\/a><\/div>\n","protected":false},"author":2,"featured_media":48394,"comment_status":"closed","ping_status":"closed","sticky":false,"template":"","format":"standard","meta":[],"categories":[3,36],"tags":[],"_links":{"self":[{"href":"https:\/\/www.radioempire.it\/index.php\/wp-json\/wp\/v2\/posts\/48393"}],"collection":[{"href":"https:\/\/www.radioempire.it\/index.php\/wp-json\/wp\/v2\/posts"}],"about":[{"href":"https:\/\/www.radioempire.it\/index.php\/wp-json\/wp\/v2\/types\/post"}],"author":[{"embeddable":true,"href":"https:\/\/www.radioempire.it\/index.php\/wp-json\/wp\/v2\/users\/2"}],"replies":[{"embeddable":true,"href":"https:\/\/www.radioempire.it\/index.php\/wp-json\/wp\/v2\/comments?post=48393"}],"version-history":[{"count":1,"href":"https:\/\/www.radioempire.it\/index.php\/wp-json\/wp\/v2\/posts\/48393\/revisions"}],"predecessor-version":[{"id":48395,"href":"https:\/\/www.radioempire.it\/index.php\/wp-json\/wp\/v2\/posts\/48393\/revisions\/48395"}],"wp:featuredmedia":[{"embeddable":true,"href":"https:\/\/www.radioempire.it\/index.php\/wp-json\/wp\/v2\/media\/48394"}],"wp:attachment":[{"href":"https:\/\/www.radioempire.it\/index.php\/wp-json\/wp\/v2\/media?parent=48393"}],"wp:term":[{"taxonomy":"category","embeddable":true,"href":"https:\/\/www.radioempire.it\/index.php\/wp-json\/wp\/v2\/categories?post=48393"},{"taxonomy":"post_tag","embeddable":true,"href":"https:\/\/www.radioempire.it\/index.php\/wp-json\/wp\/v2\/tags?post=48393"}],"curies":[{"name":"wp","href":"https:\/\/api.w.org\/{rel}","templated":true}]}}