{"id":48564,"date":"2023-12-11T21:51:37","date_gmt":"2023-12-11T21:51:37","guid":{"rendered":"https:\/\/www.radioempire.it\/?p=48564"},"modified":"2023-12-11T21:51:37","modified_gmt":"2023-12-11T21:51:37","slug":"grande-partecipazione-allinaugurazione-del-museo-delle-auto-storiche","status":"publish","type":"post","link":"https:\/\/www.radioempire.it\/index.php\/2023\/12\/11\/grande-partecipazione-allinaugurazione-del-museo-delle-auto-storiche\/","title":{"rendered":"GRANDE PARTECIPAZIONE ALL\u2019INAUGURAZIONE  DEL MUSEO DELLE AUTO STORICHE"},"content":{"rendered":"<p><strong>La Fondazione Maril\u00f9 Tregua lo scorso sabato 9 dicembre ha consegnato il Polo culturale alla citt\u00e0<\/strong><\/p>\n<p>CATANIA \u2013 Uno spazio culturale totalmente rigenerato nel cuore di Ognina. \u00c8 stato ufficialmente consegnato alla citt\u00e0 di Catania il Museo delle Auto Storiche della Fondazione Etica e Valori Maril\u00f9 Tregua. Nata dalle ceneri di un\u2019ex concessionaria Citroen, la grande area espositiva di circa 1.300 metri quadrati ospita 25 vetture d\u2019epoca, certificate dall\u2019Automotoclub storico italiano e munite di Crs (Certificato di rilevanza storica), e oltre 6 mila libri di diritto. Dopo la benedizione dell\u2019arcivescovo metropolita di Catania Luigi Renna, che ha provveduto anche a tagliare il nastro, \u00e8 seguita una conferenza a cui hanno partecipato le autorit\u00e0 civili, militari e religiose della citt\u00e0, tra cui il questore di Catania, Giuseppe Bellassai, l\u2019assessore alle Attivit\u00e0 produttive del Comune di Catania, Giuseppe Gelsomino, l\u2019ex sindaco di Catania Enzo Bianco, il direttore della Caritas diocesana di Catania Nuccio Puglisi e il direttore generale della filiale catanese della Banca d\u2019Italia, Gennaro Gigante. Tantissimi i cittadini accorsi per partecipare all\u2019inaugurazione ufficiale di un\u2019esposizione permanente nata grazie alla passione e alla volont\u00e0 del direttore del Quotidiano di Sicilia, Carlo Alberto Tregua, che, nel corso del suo intervento, ha ricordato le varie tappe dell\u2019iniziativa. \u201cRiteniamo che etica e valori siano fondamentali per una comunit\u00e0. Ovviamente sono valori di tutti i tempi, perch\u00e9 una comunit\u00e0 senza equit\u00e0 e rispetto reciproco non pu\u00f2 stare in piedi\u201d, ha sottolineato il direttore Tregua.<\/p>\n<p><img loading=\"lazy\" class=\"size-medium wp-image-48566 alignleft\" src=\"https:\/\/www.radioempire.it\/wp-content\/uploads\/2023\/12\/Il-parco-auto-2-1-300x169.jpg\" alt=\"\" width=\"300\" height=\"169\" srcset=\"https:\/\/www.radioempire.it\/wp-content\/uploads\/2023\/12\/Il-parco-auto-2-1-300x169.jpg 300w, https:\/\/www.radioempire.it\/wp-content\/uploads\/2023\/12\/Il-parco-auto-2-1-1024x576.jpg 1024w, https:\/\/www.radioempire.it\/wp-content\/uploads\/2023\/12\/Il-parco-auto-2-1-768x432.jpg 768w, https:\/\/www.radioempire.it\/wp-content\/uploads\/2023\/12\/Il-parco-auto-2-1.jpg 1280w\" sizes=\"(max-width: 300px) 100vw, 300px\" \/>Il Museo non vuole essere soltanto uno spazio espositivo, ma anche un polo culturale che verr\u00e0 ulteriormente arricchito da importanti attivit\u00e0 che verranno portate avanti nel corso del 2024. \u201cQuesta antica rimessa Citroen che abbiamo riconvertito in museo \u00e8 anche un luogo dove si presenteranno libri, si creeranno eventi sportivi, mostre storiche e fotografiche. Una citt\u00e0 come Catania non pu\u00f2 fare a meno di avere luoghi che consentano ai cittadini di avvicinarsi sempre pi\u00f9 alla cultura\u201d, ha sottolineato il vicedirettore del Quotidiano di Sicilia, Raffaella Tregua.<\/p>\n<p>Nel corso della giornata inaugurale, la Fondazione Tregua ha consegnato due borse di studio a studenti siciliani, che si sono distinti per il loro brillante percorso di studi e che potranno fruire del contribuito per partecipare a un master universitario di secondo livello. Inoltre, a dimostrazione dell\u2019alto valore culturale dell\u2019evento, sono stati donati 30 abbonamenti alla stagione 2023-2024 del Teatro Stabile di Catania destinati agli alunni dell\u2019Istituto Omnicomprensivo Pestalozzi del Villaggio S. Agata di Catania.<\/p>\n<p>Il valore della condivisione e della solidariet\u00e0 come impegno civile di una Fondazione che da anni \u00e8 in campo per dare il proprio contributo. \u201cVi \u00e8 la necessit\u00e0 di sinergie &#8211; ha detto il questore Bellassai -, che tutte le forze vive e oneste si uniscano per cercare di venire incontro ai bisogni di Catania. Questa \u00e8 una citt\u00e0 spettacolare, che ha grandissime possibilit\u00e0 e tutti insieme ce la possiamo fare\u201d.<\/p>\n<p>Il riconoscimento \u00e8 arrivato anche a livello nazionale dall\u2019Automotoclub storico italiano che ha inserito il Museo della Fondazione Tregua all\u2019interno della mappa dei musei presenti sul territorio italiano realizzata dalla Commissione Storia e Musei dell\u2019Asi, rappresentata per l\u2019occasione dal commissario Giuseppe Valenza.<\/p>\n<p>Dopo la conferenza, i presenti hanno potuto ripercorrere la storia dell\u2019automobile lungo un itinerario che ha avuto come cicerone d\u2019eccezione Vincenzo Carbonaro, presidente dello storico club La Manovella Acireale, nonch\u00e9 componente nazionale della Commissione Tecnica Auto dell&#8217;Asi.<\/p>\n<p>Video museo <a href=\"https:\/\/we.tl\/t-9XnBHfQau2?utm_campaign=TRN_TDL_05&amp;utm_source=sendgrid&amp;utm_medium=email&amp;trk=TRN_TDL_05\">https:\/\/we.tl\/t-9XnBHfQau2 <\/a><\/p>\n<p>&nbsp;<\/p>\n<p>Per contatti:<\/p>\n<p>Redazione<\/p>\n<p><em>Quotidiano di Sicilia<\/em><\/p>\n<p>Tel. 095.372684<\/p>\n","protected":false},"excerpt":{"rendered":"<p>La Fondazione Maril\u00f9 Tregua lo scorso sabato 9 dicembre ha consegnato il Polo culturale alla citt\u00e0 CATANIA \u2013 Uno spazio culturale totalmente rigenerato nel cuore di Ognina. \u00c8 stato ufficialmente<\/p>\n<div><a class=\"permalink\" href=\"https:\/\/www.radioempire.it\/index.php\/2023\/12\/11\/grande-partecipazione-allinaugurazione-del-museo-delle-auto-storiche\/\">Read More&#8230;<\/a><\/div>\n","protected":false},"author":2,"featured_media":48565,"comment_status":"closed","ping_status":"closed","sticky":false,"template":"","format":"standard","meta":[],"categories":[3,36],"tags":[],"_links":{"self":[{"href":"https:\/\/www.radioempire.it\/index.php\/wp-json\/wp\/v2\/posts\/48564"}],"collection":[{"href":"https:\/\/www.radioempire.it\/index.php\/wp-json\/wp\/v2\/posts"}],"about":[{"href":"https:\/\/www.radioempire.it\/index.php\/wp-json\/wp\/v2\/types\/post"}],"author":[{"embeddable":true,"href":"https:\/\/www.radioempire.it\/index.php\/wp-json\/wp\/v2\/users\/2"}],"replies":[{"embeddable":true,"href":"https:\/\/www.radioempire.it\/index.php\/wp-json\/wp\/v2\/comments?post=48564"}],"version-history":[{"count":1,"href":"https:\/\/www.radioempire.it\/index.php\/wp-json\/wp\/v2\/posts\/48564\/revisions"}],"predecessor-version":[{"id":48567,"href":"https:\/\/www.radioempire.it\/index.php\/wp-json\/wp\/v2\/posts\/48564\/revisions\/48567"}],"wp:featuredmedia":[{"embeddable":true,"href":"https:\/\/www.radioempire.it\/index.php\/wp-json\/wp\/v2\/media\/48565"}],"wp:attachment":[{"href":"https:\/\/www.radioempire.it\/index.php\/wp-json\/wp\/v2\/media?parent=48564"}],"wp:term":[{"taxonomy":"category","embeddable":true,"href":"https:\/\/www.radioempire.it\/index.php\/wp-json\/wp\/v2\/categories?post=48564"},{"taxonomy":"post_tag","embeddable":true,"href":"https:\/\/www.radioempire.it\/index.php\/wp-json\/wp\/v2\/tags?post=48564"}],"curies":[{"name":"wp","href":"https:\/\/api.w.org\/{rel}","templated":true}]}}