{"id":48792,"date":"2023-12-20T09:41:36","date_gmt":"2023-12-20T09:41:36","guid":{"rendered":"https:\/\/www.radioempire.it\/?p=48792"},"modified":"2023-12-20T09:41:36","modified_gmt":"2023-12-20T09:41:36","slug":"il-natale-metropolitano-del-coro-lirico-siciliano","status":"publish","type":"post","link":"https:\/\/www.radioempire.it\/index.php\/2023\/12\/20\/il-natale-metropolitano-del-coro-lirico-siciliano\/","title":{"rendered":"Il &#8220;Natale Metropolitano&#8221; del Coro Lirico Siciliano"},"content":{"rendered":"<div class=\"moz-text-html\" lang=\"x-unicode\">\n<div><em>Attraverso il mito, la storia, la spiritualit\u00e0 della Via Francigena\u00a0<\/em><em>Fabaria, otto eventi in esclusiva per la Citt\u00e0 Metropolitana di Catania firmati Coro Lirico Siciliano<\/em><\/div>\n<div><\/div>\n<div>Per la prima volta la grande musica d&#8217;autore inonder\u00e0 alcuni comuni che, seguendo il corso del Simeto, lungo il versante occidentale dell\u2019Etna, tra campi fertili e sciare antiche di secoli compongono la Via Francigena Fabaria per il \u201c<strong>Natale Metropolitano<\/strong>\u201d promosso dal\u00a0<strong>Coro Lirico Siciliano.<\/strong><\/div>\n<div><\/div>\n<div>.. <img loading=\"lazy\" class=\"size-medium wp-image-48795 alignleft\" src=\"https:\/\/www.radioempire.it\/wp-content\/uploads\/2023\/12\/natale-metro-02-1-240x300.png\" alt=\"\" width=\"240\" height=\"300\" srcset=\"https:\/\/www.radioempire.it\/wp-content\/uploads\/2023\/12\/natale-metro-02-1-240x300.png 240w, https:\/\/www.radioempire.it\/wp-content\/uploads\/2023\/12\/natale-metro-02-1-819x1024.png 819w, https:\/\/www.radioempire.it\/wp-content\/uploads\/2023\/12\/natale-metro-02-1-768x960.png 768w, https:\/\/www.radioempire.it\/wp-content\/uploads\/2023\/12\/natale-metro-02-1-1229x1536.png 1229w, https:\/\/www.radioempire.it\/wp-content\/uploads\/2023\/12\/natale-metro-02-1-1638x2048.png 1638w\" sizes=\"(max-width: 240px) 100vw, 240px\" \/>La Via Fabaria \u00e8 figlia di una ricerca di archeologia del paesaggio che ha messo insieme tratti di viabilit\u00e0 greco-romana e tratti attestati nel Medioevo, dalle fonti, dai siti mappati e dalle cartografie antiche. Percorre poco pi\u00f9 di 300 chilometri tra le coste di Agrigento e le\u00a0lave\u00a0vulcaniche tra Maniace e Randazzo, porta nord dell\u2019Etna, cambiando pi\u00f9 volte scenari geografici e storici; si costeggia il mare della costa meridionale e l\u2019entroterra di matrice greca fino alle pi\u00f9 belle e famose testimonianze del barocco siciliano, Caltagirone, Militello e la stessa Catania; un viaggio che dalle spiagge del Mediterraneo arriva fino alle pendici della \u201c<em>Muntagna<\/em>\u201d, l\u2019Etna, che veglia ed incanta il viandante.<\/div>\n<div><\/div>\n<div>Partir\u00e0 proprio dall&#8217;<strong>Abbazia di S.\u00a0Maria di Maniace<\/strong>, con il suo portale altomedievale, il prossimo\u00a0<strong>22 Dicembre<\/strong>\u00a0alle ore 21, questo inedito e accattivante itinerario che unir\u00e0 arte, musica, riscoperta di una millenaria tradizione e mito. La kermesse concertistica, che vedr\u00e0 protagonista l&#8217;ensemble di archi e voci del Coro Lirico Siciliano, continuer\u00e0 il\u00a0<strong>23 Dicembre<\/strong>, alle 20, a\u00a0<strong>Patern\u00f2<\/strong>, nella Chiesa di Santa Margherita V. M; il\u00a0<strong>26 Dicembre<\/strong>\u00a0doppio appuntamento: alle 18 presso l&#8217;Oratorio barocco di S. Maria della Catena in\u00a0<strong>Militello Val di Catania\u00a0<\/strong>e alle 21 a\u00a0<strong>Scordia\u00a0<\/strong>nella Chiesa di San Giuseppe; il\u00a0<strong>27 Dicembre<\/strong>\u00a0la musica dell&#8217;ente lirico siciliano far\u00e0, invece, tappa a\u00a0<strong>Belpasso<\/strong>\u00a0(Chiesa di S. Antonio Abate, ore 18) e a\u00a0<strong>Camporotondo\u00a0<\/strong><strong>Etneo\u00a0<\/strong>(Chiesa Madre di S. Antonio Abate, ore 21); il\u00a0<strong>28 Dicembre\u00a0<\/strong>a\u00a0<strong>Randazzo\u00a0<\/strong>(Basilica di Santa Maria, ore 18.30) e il\u00a0<strong>29 Dicembre<\/strong>\u00a0a\u00a0<strong>Bronte\u00a0<\/strong>(Chiesa di San Giovanni, ore 19).<\/div>\n<div><\/div>\n<div>Inusuale e accattivante anche il programma musicale dei vari eventi concertistici con una eco alla tradizione della Sicilia e all&#8217;eterna melodia di Morricone.<\/div>\n<div>Verr\u00e0 realizzata, in prima esecuzione moderna e nel nuovo format\u00a0per voci e orchestra di archi, l&#8217;opera di\u00a0<strong>F. P. Frontini<\/strong>\u00a0&#8220;<em>Natale\u00a0<\/em><em>Siciliano<\/em>&#8221; (1904) che prevede sei movimenti per voce e\u00a0pianoforte:\u00a0<em>Litania e pastorale della cornamusa; Canzone di\u00a0<\/em><em>Natale; Zampognata; Pastorale; Il Natale cantato dagli orbi;\u00a0<\/em><em>Canzonetta per la Novena.<\/em>\u00a0In questa antologia il compositore etneo raccoglie e rivisita le pi\u00f9 note nenie tipiche della tradizione musicale siciliana in una veste tipicamente &#8220;cameristica&#8221;; una magnifica iniziativa che mira a riscoprire melodie bellissime, struggenti, armoniose, sentite, dolci e amare come l&#8217;anima del popolo siciliano e testi notevoli, nobili, pregevoli, dal fascino senza tempo.<\/div>\n<div><\/div>\n<div>La tradizione della magia natalizia sar\u00e0 assicurata anche dalle\u00a0sognanti e immortali melodie di\u00a0<strong>Ennio Morricone<\/strong>, nella nuova e\u00a0inedita opera realizzata dal valente musicista Corrado Neri,\u00a0proprio su commissione del Festival dei Teatri di Pietra, e che ha\u00a0riscosso unanimi consensi di pubblico e critica per l&#8217;edizione\u00a0estiva della kermesse musicale promossa dal Coro Lirico\u00a0Siciliano. Sar\u00e0 un crescendo di emozioni e serena nostalgia in un\u2019atmosfera intima e sognante.<\/div>\n<div><\/div>\n<div>Anche le magiche atmosfere di questo Natale, potranno essere allietate e vissute, dunque, attraverso la parola, il canto, la musica, linguaggio universale di pace, cultura e bellezza attraverso un ambasciatore d&#8217;eccellenza della nostra terra, il Coro Lirico Siciliano, che, nel pieno fulgore di una carriera costellata di crescenti successi, si pone ad attici livelli artistici nazionali e internazionali.<\/div>\n<\/div>\n","protected":false},"excerpt":{"rendered":"<p>Attraverso il mito, la storia, la spiritualit\u00e0 della Via Francigena\u00a0Fabaria, otto eventi in esclusiva per la Citt\u00e0 Metropolitana di Catania firmati Coro Lirico Siciliano Per la prima volta la grande<\/p>\n<div><a class=\"permalink\" href=\"https:\/\/www.radioempire.it\/index.php\/2023\/12\/20\/il-natale-metropolitano-del-coro-lirico-siciliano\/\">Read More&#8230;<\/a><\/div>\n","protected":false},"author":2,"featured_media":48793,"comment_status":"closed","ping_status":"closed","sticky":false,"template":"","format":"standard","meta":[],"categories":[36,78],"tags":[],"_links":{"self":[{"href":"https:\/\/www.radioempire.it\/index.php\/wp-json\/wp\/v2\/posts\/48792"}],"collection":[{"href":"https:\/\/www.radioempire.it\/index.php\/wp-json\/wp\/v2\/posts"}],"about":[{"href":"https:\/\/www.radioempire.it\/index.php\/wp-json\/wp\/v2\/types\/post"}],"author":[{"embeddable":true,"href":"https:\/\/www.radioempire.it\/index.php\/wp-json\/wp\/v2\/users\/2"}],"replies":[{"embeddable":true,"href":"https:\/\/www.radioempire.it\/index.php\/wp-json\/wp\/v2\/comments?post=48792"}],"version-history":[{"count":1,"href":"https:\/\/www.radioempire.it\/index.php\/wp-json\/wp\/v2\/posts\/48792\/revisions"}],"predecessor-version":[{"id":48796,"href":"https:\/\/www.radioempire.it\/index.php\/wp-json\/wp\/v2\/posts\/48792\/revisions\/48796"}],"wp:featuredmedia":[{"embeddable":true,"href":"https:\/\/www.radioempire.it\/index.php\/wp-json\/wp\/v2\/media\/48793"}],"wp:attachment":[{"href":"https:\/\/www.radioempire.it\/index.php\/wp-json\/wp\/v2\/media?parent=48792"}],"wp:term":[{"taxonomy":"category","embeddable":true,"href":"https:\/\/www.radioempire.it\/index.php\/wp-json\/wp\/v2\/categories?post=48792"},{"taxonomy":"post_tag","embeddable":true,"href":"https:\/\/www.radioempire.it\/index.php\/wp-json\/wp\/v2\/tags?post=48792"}],"curies":[{"name":"wp","href":"https:\/\/api.w.org\/{rel}","templated":true}]}}