{"id":48946,"date":"2023-12-31T19:17:46","date_gmt":"2023-12-31T19:17:46","guid":{"rendered":"https:\/\/www.radioempire.it\/?p=48946"},"modified":"2023-12-31T19:21:38","modified_gmt":"2023-12-31T19:21:38","slug":"corteggiando-i-corti-del-cinit-e-csc","status":"publish","type":"post","link":"https:\/\/www.radioempire.it\/index.php\/2023\/12\/31\/corteggiando-i-corti-del-cinit-e-csc\/","title":{"rendered":"CORTEGGIANDO I CORTI del CINIT e CSC"},"content":{"rendered":"<p>(Al\u00ec Terme). La rassegna \u201cCorteggiando i Corti\u201d, \u00e8 stata presentata presso il Cine Vittoria di Al\u00ec Terme in una matin\u00e9e che ha registrato un pubblico attento e un alto gradimento dei cinefili dal palato fine.<\/p>\n<p>Questa 3.a edizione organizzata CINIT di Venezia e il C.S.C. di Roma ha visto il succedersi didieci opere realizzate da cineasti siciliani.<\/p>\n<p>Il palinsesto, curato da Orazio Leotta e collaborato da Massimo Cicala e\u00a0 Isabella Fleri, ha messo a confronto ben 5 opere d\u2019autore su tematiche di \u00a0 <img loading=\"lazy\" class=\"size-medium wp-image-48950 alignleft\" src=\"https:\/\/www.radioempire.it\/wp-content\/uploads\/2023\/12\/MG_1667-300x200.jpg\" alt=\"\" width=\"300\" height=\"200\" srcset=\"https:\/\/www.radioempire.it\/wp-content\/uploads\/2023\/12\/MG_1667-300x200.jpg 300w, https:\/\/www.radioempire.it\/wp-content\/uploads\/2023\/12\/MG_1667-1024x682.jpg 1024w, https:\/\/www.radioempire.it\/wp-content\/uploads\/2023\/12\/MG_1667-768x511.jpg 768w, https:\/\/www.radioempire.it\/wp-content\/uploads\/2023\/12\/MG_1667.jpg 1500w\" sizes=\"(max-width: 300px) 100vw, 300px\" \/>scottante attualit\u00e0:<em>Veneranda Augusta<\/em> di Francesco Cannav\u00e0, sui problemi ambientali del polo petrolchimico pi\u00f9 grande d\u2019Europa; <em>Il richiamo del vuoto<\/em>\u00a0 di Nora Trebastoni, in cui si incrociano gli sguardi di due donne colpite dai drammi del mare;.<em>Manco morto<\/em> di Emma Cecala pluripremiata ironica commedia sulla \u201cpolitica\u201d degli anni \u201950; <em>Le stanze del sogno<\/em> di Clelia Parisi, docufilm presentato a Cannes sull\u2019artista siciliano Antonio Santacroce; <em>Pasta Diva<\/em> di Fabrizio Sergi, sull\u2019episodio che diede il nome al piatto della \u201dNorma\u201d, in onore di Bellini.<\/p>\n<p>Sono stati pure 5 i corti,risultato dei lavori conclusivi di scuole siciliane (presenti dirigenti, docenti e studenti)che hanno partecipato ai progetti ministerialiCiPS \u2013 Cinema per la Scuola: <em>La scelta giusta<\/em> di F. Schifilliti(I.C.\u00a0 \u201cD\u2019Arrigo\u201d di Al\u00ec Terme); <em>Una gara da perdere<\/em>\u00a0 di F. Sergi\u00a0 (I.C. \u201cVerga\u201d di Fiumefreddo); <em>Di cosa \u00e8 fatto il posto che chiami casa<\/em> di S. Pellegrino (Liceo \u201cA. Volta\u201d di Caltanissetta); <em>Buon Compleanno, Luca<\/em> di N. Correale(I.S.S. \u201cBoggio-Lera\u201d\u00a0 di Catania), e il\u00a0 book-trailer de <em>\u201cLa giara\u201d <\/em>realizzato dallaSede di Giardini Naxos dell\u2019I.I.S. \u201cCaminiti-Trimarchi\u201d.<\/p>\n<p>Le tematiche hanno puntato sulla inclusione e sulla solidariet\u00e0, segno che in Sicilia permane un buon ambiente favorevole alle brevi produzioni video, con studenti particolarmente sensibili al settima arte, i quali possono raggiungere, con la loro competenza, anche risultati eccelsi.<\/p>\n<p>A tutti i partecipanti le targhe ricordo e le pubblicazioni di settore donate da Massimo Caminiti, presidente del Cinit e Ignazio Vasta presidente regionale del Centro Studi Cinematografici.<strong>\u00a0\u00a0\u00a0\u00a0\u00a0\u00a0\u00a0\u00a0\u00a0\u00a0\u00a0\u00a0\u00a0\u00a0\u00a0\u00a0\u00a0\u00a0\u00a0\u00a0\u00a0\u00a0\u00a0\u00a0\u00a0\u00a0\u00a0\u00a0\u00a0\u00a0\u00a0\u00a0\u00a0\u00a0\u00a0\u00a0\u00a0\u00a0\u00a0\u00a0\u00a0\u00a0\u00a0\u00a0\u00a0\u00a0\u00a0\u00a0\u00a0\u00a0\u00a0 <\/strong><\/p>\n<p><strong>L\u2019Addetto stampa Cinit<\/strong><\/p>\n","protected":false},"excerpt":{"rendered":"<p>(Al\u00ec Terme). La rassegna \u201cCorteggiando i Corti\u201d, \u00e8 stata presentata presso il Cine Vittoria di Al\u00ec Terme in una matin\u00e9e che ha registrato un pubblico attento e un alto gradimento<\/p>\n<div><a class=\"permalink\" href=\"https:\/\/www.radioempire.it\/index.php\/2023\/12\/31\/corteggiando-i-corti-del-cinit-e-csc\/\">Read More&#8230;<\/a><\/div>\n","protected":false},"author":2,"featured_media":48947,"comment_status":"closed","ping_status":"closed","sticky":false,"template":"","format":"standard","meta":[],"categories":[36,78],"tags":[],"_links":{"self":[{"href":"https:\/\/www.radioempire.it\/index.php\/wp-json\/wp\/v2\/posts\/48946"}],"collection":[{"href":"https:\/\/www.radioempire.it\/index.php\/wp-json\/wp\/v2\/posts"}],"about":[{"href":"https:\/\/www.radioempire.it\/index.php\/wp-json\/wp\/v2\/types\/post"}],"author":[{"embeddable":true,"href":"https:\/\/www.radioempire.it\/index.php\/wp-json\/wp\/v2\/users\/2"}],"replies":[{"embeddable":true,"href":"https:\/\/www.radioempire.it\/index.php\/wp-json\/wp\/v2\/comments?post=48946"}],"version-history":[{"count":3,"href":"https:\/\/www.radioempire.it\/index.php\/wp-json\/wp\/v2\/posts\/48946\/revisions"}],"predecessor-version":[{"id":48953,"href":"https:\/\/www.radioempire.it\/index.php\/wp-json\/wp\/v2\/posts\/48946\/revisions\/48953"}],"wp:featuredmedia":[{"embeddable":true,"href":"https:\/\/www.radioempire.it\/index.php\/wp-json\/wp\/v2\/media\/48947"}],"wp:attachment":[{"href":"https:\/\/www.radioempire.it\/index.php\/wp-json\/wp\/v2\/media?parent=48946"}],"wp:term":[{"taxonomy":"category","embeddable":true,"href":"https:\/\/www.radioempire.it\/index.php\/wp-json\/wp\/v2\/categories?post=48946"},{"taxonomy":"post_tag","embeddable":true,"href":"https:\/\/www.radioempire.it\/index.php\/wp-json\/wp\/v2\/tags?post=48946"}],"curies":[{"name":"wp","href":"https:\/\/api.w.org\/{rel}","templated":true}]}}