{"id":48973,"date":"2024-01-03T09:58:24","date_gmt":"2024-01-03T09:58:24","guid":{"rendered":"https:\/\/www.radioempire.it\/?p=48973"},"modified":"2024-01-03T09:59:10","modified_gmt":"2024-01-03T09:59:10","slug":"le-novita-musicali-del-coro-lirico-siciliano","status":"publish","type":"post","link":"https:\/\/www.radioempire.it\/index.php\/2024\/01\/03\/le-novita-musicali-del-coro-lirico-siciliano\/","title":{"rendered":"LE NOVITA&#8217; MUSICALI DEL CORO LIRICO SICILIANO"},"content":{"rendered":"<div id=\"forwardbody1\">\n<div id=\"v1forwardbody1\">\n<div id=\"v1v1forwardbody1\">\n<p>\u00a0<strong><em>Dal concerto in omaggio a Don Pino Puglisi al Gala di Capodanno inedito al Teatro greco di Tindari.<\/em><\/strong><\/p>\n<div id=\"v1v1v1forwardbody1\">\n<div id=\"v1v1v1v1forwardbody1\">\n<div id=\"v1v1v1v1v1forwardbody1\">\n<div>Tre eventi imperdibili per la Sicilia occidentale firmati Coro Lirico Siciliano per un frizzante e entusiasmante inizio di anno.<\/div>\n<div><\/div>\n<div>Oggi, 3 Gennaio, alle 21.30, a Monreale presso la Chiesa di San Gaetano, gli artisti del Coro Lirico Siciliano, accompagnate al pianoforte da Francesco Allegra, faranno rivivere le passioni, le grandi emozioni, le suggestioni e i sentimenti delle pi\u00f9 commoventi e struggenti pagine dei compositori italiani e non; un viaggio in musica tra le pi\u00f9 celebri pagine del ricco e celebre repertorio nel Novecento italiano musicale: da artisti come Tosti a De Curtis, da Leoncavallo a Bixio. Un impegno finalizzato al decentramento culturale per rendere accessibile e divulgare la grande musica nelle varie realt\u00e0 territoriali e culturali.<\/div>\n<div>Il ricco concerto sar\u00e0 anche impreziosito dalle immortali, emozionali e appassionanti musiche della tradizione natalizia e classica eseguito da tre straordinarie voci della nostra terra, Alberto Munaf\u00f2 Siragusa, Federico Parisi e Lorenzo Papasodero, per una serata dove si potr\u00e0 gustare la voce pi\u00f9 conosciuta e acclamata del mondo dell&#8217;opera, quella del tenore.<\/div>\n<div><\/div>\n<div>Inusuale e accattivante anche il programma musicale del concerto in programma presso la Chiesa di San Gaetano in Brancaccio a Palermo il 4 Gennaio, ore 20, con una eco alla tradizione della Sicilia e all&#8217;eterna melodia di Morricone in occasione delle celebrazioni del trentennale della morte di Don Pino Puglisi e promosso dal Comune di Palermo, assessorato alla cultura, per la rassegna \u201cPalermo stella mia\u201d.<\/div>\n<div>Verr\u00e0 realizzata, in prima esecuzione moderna e nel nuovo format\u00a0per voci e orchestra di archi, l&#8217;opera di F. P. Frontini &#8220;Natale\u00a0Siciliano&#8221; (1904) che prevede sei movimenti per voce e\u00a0pianoforte: Litania e pastorale della cornamusa; Canzone di\u00a0Natale; Zampognata; Pastorale; Il Natale cantato dagli orbi;\u00a0Canzonetta per la Novena. In questa antologia il compositore etneo raccoglie e rivisita le pi\u00f9 note nenie tipiche della tradizione musicale siciliana in una veste tipicamente &#8220;cameristica&#8221;; una magnifica iniziativa che mira a riscoprire melodie bellissime, struggenti, armoniose, sentite, dolci e amare come l&#8217;anima del popolo siciliano e testi notevoli, nobili, pregevoli, dal fascino senza tempo. La tradizione della magia natalizia sar\u00e0 assicurata anche dalle sognanti e immortali melodie di Ennio Morricone, nella nuova e inedita opera realizzata dal valente musicista Corrado Neri, proprio su commissione del Festival dei Teatri di Pietra, e che ha riscosso unanimi consensi di pubblico e critica per l&#8217;edizione estiva della kermesse musicale promossa dal Coro Lirico Siciliano. Sar\u00e0 un crescendo di emozioni e serena nostalgia in un\u2019atmosfera intima e sognante.<\/div>\n<div><\/div>\n<div><img loading=\"lazy\" class=\"size-medium wp-image-48975 alignleft\" src=\"https:\/\/www.radioempire.it\/wp-content\/uploads\/2024\/01\/TINDARI-1-300x200.jpg\" alt=\"\" width=\"300\" height=\"200\" srcset=\"https:\/\/www.radioempire.it\/wp-content\/uploads\/2024\/01\/TINDARI-1-300x200.jpg 300w, https:\/\/www.radioempire.it\/wp-content\/uploads\/2024\/01\/TINDARI-1-1024x683.jpg 1024w, https:\/\/www.radioempire.it\/wp-content\/uploads\/2024\/01\/TINDARI-1-768x512.jpg 768w, https:\/\/www.radioempire.it\/wp-content\/uploads\/2024\/01\/TINDARI-1-1536x1024.jpg 1536w, https:\/\/www.radioempire.it\/wp-content\/uploads\/2024\/01\/TINDARI-1.jpg 2048w\" sizes=\"(max-width: 300px) 100vw, 300px\" \/>Infine, grande novit\u00e0 sar\u00e0 il GRAN CONCERTO DI CAPODANNO al Teatro greco di Tindari: per la prima volta in assoluto la magica e unica cavea del Teatro greco di Tindari si illuminer\u00e0 con le melodie trascinanti e frizzanti per il GRAN CONCERTO DI CAPODANNO ideato dal Coro Lirico Siciliano in collaborazione con il Parco archeologico di Tindari per la rassegna LUX IN TENEBRIS diretta artisticamente da Anna Ricciardi.<\/div>\n<div>Il 5 Gennaio 2024, alle ore 11.30, si innegger\u00e0 all&#8217;amore e all&#8217;eternit\u00e0 nel millenario Teatro che si erge sul golfo di Patti con musiche di Giuseppe Verdi, Giacomo Puccini, Pietro Mascagni, etc, grazie all&#8217;Orchestra Filarmonica della Calabria e alle voci di Maria Francesca Mazzara, Alberto Munaf\u00f2 Siragusa e Federico Parisi.<\/div>\n<div>Immancabile nel recital inaugurale del nuovo anno la parte tipicamente \u201cviennese\u201d con i classici valzer di Johann Strauss, capolavori della tradizione classica, e l&#8217;omaggio a Giacomo Puccini in occasione del centenario della morte.<\/div>\n<div>Le celebrazioni del centenario del sommo compositore toscano saranno un&#8217;anticipazione della speciale edizione del Festival Lirico dei Teatri di Pietra, manifestazione di prestigio internazionale che si svolge nei mesi di luglio, agosto e settembre nella terra degli dei, nei pi\u00f9 bei teatri antichi siciliani e del Mediterraneo.<\/div>\n<div><\/div>\n<div>Anche le magiche atmosfere di questo Natale, potranno essere allietate e vissute, dunque, attraverso la parola, il canto, la musica, linguaggio universale di pace, cultura e bellezza attraverso un ambasciatore d&#8217;eccellenza della nostra terra, il Coro Lirico Siciliano, che, nel pieno fulgore di una carriera costellata di crescenti successi, si pone ad attici livelli artistici nazionali e internazionali.<\/div>\n<div><\/div>\n<div><\/div>\n<\/div>\n<\/div>\n<\/div>\n<\/div>\n<\/div>\n<\/div>\n","protected":false},"excerpt":{"rendered":"<p>\u00a0Dal concerto in omaggio a Don Pino Puglisi al Gala di Capodanno inedito al Teatro greco di Tindari. Tre eventi imperdibili per la Sicilia occidentale firmati Coro Lirico Siciliano per<\/p>\n<div><a class=\"permalink\" href=\"https:\/\/www.radioempire.it\/index.php\/2024\/01\/03\/le-novita-musicali-del-coro-lirico-siciliano\/\">Read More&#8230;<\/a><\/div>\n","protected":false},"author":2,"featured_media":48974,"comment_status":"closed","ping_status":"closed","sticky":false,"template":"","format":"standard","meta":[],"categories":[36,78],"tags":[],"_links":{"self":[{"href":"https:\/\/www.radioempire.it\/index.php\/wp-json\/wp\/v2\/posts\/48973"}],"collection":[{"href":"https:\/\/www.radioempire.it\/index.php\/wp-json\/wp\/v2\/posts"}],"about":[{"href":"https:\/\/www.radioempire.it\/index.php\/wp-json\/wp\/v2\/types\/post"}],"author":[{"embeddable":true,"href":"https:\/\/www.radioempire.it\/index.php\/wp-json\/wp\/v2\/users\/2"}],"replies":[{"embeddable":true,"href":"https:\/\/www.radioempire.it\/index.php\/wp-json\/wp\/v2\/comments?post=48973"}],"version-history":[{"count":1,"href":"https:\/\/www.radioempire.it\/index.php\/wp-json\/wp\/v2\/posts\/48973\/revisions"}],"predecessor-version":[{"id":48976,"href":"https:\/\/www.radioempire.it\/index.php\/wp-json\/wp\/v2\/posts\/48973\/revisions\/48976"}],"wp:featuredmedia":[{"embeddable":true,"href":"https:\/\/www.radioempire.it\/index.php\/wp-json\/wp\/v2\/media\/48974"}],"wp:attachment":[{"href":"https:\/\/www.radioempire.it\/index.php\/wp-json\/wp\/v2\/media?parent=48973"}],"wp:term":[{"taxonomy":"category","embeddable":true,"href":"https:\/\/www.radioempire.it\/index.php\/wp-json\/wp\/v2\/categories?post=48973"},{"taxonomy":"post_tag","embeddable":true,"href":"https:\/\/www.radioempire.it\/index.php\/wp-json\/wp\/v2\/tags?post=48973"}],"curies":[{"name":"wp","href":"https:\/\/api.w.org\/{rel}","templated":true}]}}