{"id":49002,"date":"2024-01-06T13:57:51","date_gmt":"2024-01-06T13:57:51","guid":{"rendered":"https:\/\/www.radioempire.it\/?p=49002"},"modified":"2024-01-06T13:57:51","modified_gmt":"2024-01-06T13:57:51","slug":"il-coro-lirico-siciliano-in-collaborazione-con-darteventi-celebrano-michele-panebianco","status":"publish","type":"post","link":"https:\/\/www.radioempire.it\/index.php\/2024\/01\/06\/il-coro-lirico-siciliano-in-collaborazione-con-darteventi-celebrano-michele-panebianco\/","title":{"rendered":"IL CORO LIRICO SICILIANO IN COLLABORAZIONE CON D\u2019ARTEVENTI CELEBRANO MICHELE PANEBIANCO"},"content":{"rendered":"<div id=\"forwardbody1\">\n<p><em>Un inedito e accattivante dittico musicale il 6 e<span class=\"v1x_Apple-converted-space\">\u00a0<\/span>il 7 Gennaio<span class=\"v1x_Apple-converted-space\">\u00a0<\/span>per celebrare il 150mo della morte del noto artista messinese.<\/em><\/p>\n<p>&lt;&lt;<em>Modesto ed indipendente non cerc\u00f2 laudi ed onori, ma questi a lui vennero spontaneamente offerti sulla proposta di onorevoli personaggi<\/em>&gt;&gt; (Francesco De Cola-Proto).<\/p>\n<div dir=\"auto\">Due eventi serali esclusivi per la Citt\u00e0 di Messina il 6 e<span class=\"v1x_Apple-converted-space\">\u00a0<\/span>il 7 Gennaio 2024 :\u00a0una celebrazione in musica per il 150mo anniversario dalla morte del pittore Michele Panebianco, artista e direttore dell\u2019Accademia di disegno di Messina, collega e amico dei maggiori pittori dell\u2019800 italiano, artista apprezzato anche oltre lo Stretto, del quale la citt\u00e0 deve riappropriarsi e che va riscoperto nella sua complessit\u00e0.<\/div>\n<div><\/div>\n<div>\n<div dir=\"auto\"><img loading=\"lazy\" class=\"size-medium wp-image-49005 alignleft\" src=\"https:\/\/www.radioempire.it\/wp-content\/uploads\/2024\/01\/CORO-LIRICO-SICILIANO-HD-300x149.jpg\" alt=\"\" width=\"300\" height=\"149\" srcset=\"https:\/\/www.radioempire.it\/wp-content\/uploads\/2024\/01\/CORO-LIRICO-SICILIANO-HD-300x149.jpg 300w, https:\/\/www.radioempire.it\/wp-content\/uploads\/2024\/01\/CORO-LIRICO-SICILIANO-HD-1024x507.jpg 1024w, https:\/\/www.radioempire.it\/wp-content\/uploads\/2024\/01\/CORO-LIRICO-SICILIANO-HD-768x380.jpg 768w, https:\/\/www.radioempire.it\/wp-content\/uploads\/2024\/01\/CORO-LIRICO-SICILIANO-HD-1536x760.jpg 1536w, https:\/\/www.radioempire.it\/wp-content\/uploads\/2024\/01\/CORO-LIRICO-SICILIANO-HD.jpg 2000w\" sizes=\"(max-width: 300px) 100vw, 300px\" \/>Il 6 gennaio alle ore 20.30, presso la Chiesa di S. Caterina Valverde, in occasione della celebrazione dell&#8217;Epifania il Coro Lirico Siciliano sar\u00e0 protagonista di un concerto dalla forte eco emozionale e evocativa.<\/div>\n<div dir=\"auto\">Un viaggio nelle immortali e intime melodie della tradizione natalizia arricchite dalla prima esecuzione, nel nuovo format per voci e orchestra di archi, dell&#8217;opera di F. P. Frontini &#8220;Natale Siciliano&#8221; (1904): Litania e pastorale della cornamusa; Canzone di Natale; Zampognata; Pastorale; Il Natale cantato dagli orbi; Canzonetta per la Novena. In questa antologia il compositore etneo raccoglie e rivisita le pi\u00f9 note nenie tipiche della tradizione musicale siciliana in una veste tipicamente &#8220;cameristica&#8221;; una magnifica iniziativa che mira a riscoprire melodie bellissime, struggenti, armoniose, sentite, dolci e amare come l&#8217;anima del popolo siciliano e testi notevoli, nobili, pregevoli, dal fascino senza tempo.<\/div>\n<\/div>\n<div dir=\"auto\">Il 7 gennaio invece, all&#8217;interno del \u00a0Santuario di S. Antonio, alle ore 20.30, saranno le immortali melodie di ENNIO MORRICONE a unire arte, tradizione, storia e mito.<\/div>\n<div dir=\"auto\">&#8220;LOVE MORRICONE &#8211; Archi &amp; Voci&#8221; \u00e8 un inedito e speciale progetto musicale, un viaggio imperdibile e travolgente dentro l\u2019arte di uno dei pi\u00f9 grandi compositori del Novecento. Il programma verte sulle interpretazioni suggestive delle colonne sonore di alcuni film simbolo della storia del cinema come Nuovo Cinema Paradiso, Mal\u00e8na, La leggenda del pianista sull&#8217;oceano, Per un pugno di dollari, Mission, C&#8217;era una volta il west, Gi\u00f9 la testa, C&#8217;era una volta in America; la seconda parte del concerto \u00e8, invece, incentrata sul lato &#8220;pop&#8221; del compositore romano, che &#8211; non tutti lo sanno &#8211; ha composto anche canzoni molto famose come &#8220;Se telefonando&#8221; e arrangiato brani come &#8220;Il Mondo&#8221;, &#8220;Che cosa c&#8217;\u00e8&#8221;, &#8220;Amapola&#8221;.<\/div>\n<div dir=\"auto\"><\/div>\n<div dir=\"auto\">In queste occasioni concertistiche sar\u00e0 possibile ammirare anche delle opere inedite e originali dell&#8217;artista messinese grazie alla sinergia con il Mipa, \u201cCentro studi Michele Panebianco\u201d.<\/div>\n<div><\/div>\n<div dir=\"auto\">Evento promosso e finanziato dal Comune di Messina a valere sul POC Metro Messina azione ME l.3.1.realizzato in collaborazione con D\u2019aRteventi e in sinergia con il Mipa, &#8220;Centro studi Michele Panebianco&#8221;.<\/div>\n<div><\/div>\n<div>Ingresso libero<\/div>\n<\/div>\n","protected":false},"excerpt":{"rendered":"<p>Un inedito e accattivante dittico musicale il 6 e\u00a0il 7 Gennaio\u00a0per celebrare il 150mo della morte del noto artista messinese. &lt;&lt;Modesto ed indipendente non cerc\u00f2 laudi ed onori, ma questi<\/p>\n<div><a class=\"permalink\" href=\"https:\/\/www.radioempire.it\/index.php\/2024\/01\/06\/il-coro-lirico-siciliano-in-collaborazione-con-darteventi-celebrano-michele-panebianco\/\">Read More&#8230;<\/a><\/div>\n","protected":false},"author":2,"featured_media":49004,"comment_status":"closed","ping_status":"closed","sticky":false,"template":"","format":"standard","meta":[],"categories":[36,78],"tags":[],"_links":{"self":[{"href":"https:\/\/www.radioempire.it\/index.php\/wp-json\/wp\/v2\/posts\/49002"}],"collection":[{"href":"https:\/\/www.radioempire.it\/index.php\/wp-json\/wp\/v2\/posts"}],"about":[{"href":"https:\/\/www.radioempire.it\/index.php\/wp-json\/wp\/v2\/types\/post"}],"author":[{"embeddable":true,"href":"https:\/\/www.radioempire.it\/index.php\/wp-json\/wp\/v2\/users\/2"}],"replies":[{"embeddable":true,"href":"https:\/\/www.radioempire.it\/index.php\/wp-json\/wp\/v2\/comments?post=49002"}],"version-history":[{"count":1,"href":"https:\/\/www.radioempire.it\/index.php\/wp-json\/wp\/v2\/posts\/49002\/revisions"}],"predecessor-version":[{"id":49006,"href":"https:\/\/www.radioempire.it\/index.php\/wp-json\/wp\/v2\/posts\/49002\/revisions\/49006"}],"wp:featuredmedia":[{"embeddable":true,"href":"https:\/\/www.radioempire.it\/index.php\/wp-json\/wp\/v2\/media\/49004"}],"wp:attachment":[{"href":"https:\/\/www.radioempire.it\/index.php\/wp-json\/wp\/v2\/media?parent=49002"}],"wp:term":[{"taxonomy":"category","embeddable":true,"href":"https:\/\/www.radioempire.it\/index.php\/wp-json\/wp\/v2\/categories?post=49002"},{"taxonomy":"post_tag","embeddable":true,"href":"https:\/\/www.radioempire.it\/index.php\/wp-json\/wp\/v2\/tags?post=49002"}],"curies":[{"name":"wp","href":"https:\/\/api.w.org\/{rel}","templated":true}]}}