{"id":49041,"date":"2024-01-10T13:42:20","date_gmt":"2024-01-10T13:42:20","guid":{"rendered":"https:\/\/www.radioempire.it\/?p=49041"},"modified":"2024-01-10T13:42:20","modified_gmt":"2024-01-10T13:42:20","slug":"al-monte-di-pieta-la-mostra-di-marcello-sestito-uniniziativa-dellordine-degli-architetti-e-della-fondazione-architetti-nel-mediterraneo","status":"publish","type":"post","link":"https:\/\/www.radioempire.it\/index.php\/2024\/01\/10\/al-monte-di-pieta-la-mostra-di-marcello-sestito-uniniziativa-dellordine-degli-architetti-e-della-fondazione-architetti-nel-mediterraneo\/","title":{"rendered":"Al Monte di Piet\u00e0 la mostra di Marcello S\u00e8stito. Un&#8217;iniziativa dell&#8217;Ordine degli Architetti e della Fondazione Architetti nel Mediterraneo"},"content":{"rendered":"<div class=\"moz-text-html\" lang=\"x-unicode\">\n<div class=\"xam-quoted-text xam-forward-text\">\n<div class=\"xam_msg_class\">\n<div class=\"xam-quoted-text xam-forward-text\">\n<div class=\"xam_msg_class\">\n<div class=\"xam-quoted-text xam-forward-text\">\n<div class=\"xam_msg_class\">\n<div class=\"xam-quoted-text xam-forward-text\">\n<div class=\"xam_msg_class\">\n<div>L\u2019Ordine degli Architetti P.P.C. di Messina e la Fondazione Architetti nel Mediterraneo, pochi giorni dopo la cerimonia di apertura alla fruizione della cittadinanza del Monte di Piet\u00e0, una delle pi\u00f9 importanti testimonianze del patrimonio storico architettonico di Messina, passato di recente alla gestione della Citt\u00e0 Metropolitana, organizzano, in sinergia con quest\u2019ultima, un interessante evento culturale che riguarda il territorio ed in particolare l\u2019area dello Stretto.<\/div>\n<div>\n<div>L&#8217;appuntamento \u00e8 per venerd\u00ec12 gennaio. Dalle 18.30 alle 21.30, il Dibattito e Inaugurazione della Mostra d&#8217;Arte e Architettura: Marcello S\u00e8stito, \u201cArchitetture in Onda &#8211; Dilatando lo stretto\u201d e poi la mostra, fruibile fino al 19 gennaio.<\/div>\n<div><\/div>\n<div><img loading=\"lazy\" class=\"size-medium wp-image-49043 alignleft\" src=\"https:\/\/www.radioempire.it\/wp-content\/uploads\/2024\/01\/locandina-sestito-156x300.jpg\" alt=\"\" width=\"156\" height=\"300\" srcset=\"https:\/\/www.radioempire.it\/wp-content\/uploads\/2024\/01\/locandina-sestito-156x300.jpg 156w, https:\/\/www.radioempire.it\/wp-content\/uploads\/2024\/01\/locandina-sestito-534x1024.jpg 534w, https:\/\/www.radioempire.it\/wp-content\/uploads\/2024\/01\/locandina-sestito-768x1473.jpg 768w, https:\/\/www.radioempire.it\/wp-content\/uploads\/2024\/01\/locandina-sestito-801x1536.jpg 801w, https:\/\/www.radioempire.it\/wp-content\/uploads\/2024\/01\/locandina-sestito.jpg 834w\" sizes=\"(max-width: 156px) 100vw, 156px\" \/>PROGRAMMA<\/div>\n<div>Saluti: Federico Basile (Sindaco di Messina e della Citt\u00e0 Metropolitanna), Pino Falzea (Presidente Ordine Architetti P.P.C. di Messina), Anna Carulli (Presidente Fondazione Architetti del Mediterraneo di Messina.<\/div>\n<div>Interventi: Matteo leva (Politecnico di Bari), Maurizio Oddo (Universit\u00e0 KORE di Enna), Marcello Panzarella (Universit\u00e0 di Palermo), Antonino Saggio (Universit\u00e0 La Sapienza di Roma), Clara Stella Vicari Aversa (Universit\u00e0 Mediterranea di Reggio Calabria e Vicepresidente O.A.P.P.C. Messina &#8211; Ideazione e Coordinamento scientifico).<\/div>\n<div>Letture di Immedesimazioni: Teresa Altamore, Bruno Di Sarcina, Andrea Taranto.<\/div>\n<div>Per l&#8217;occasione verr\u00e0 presentato il Catalogo Generale delle Opere, Marcello S\u00e8stito, Rifrazioni, 196B-2023 a cura di Antonella Pavia e Giovanna Serio per Mediano Editore e il filmato, direzione scientifica di Antonella Greco, regia Lia Polizzotti, Irene Pantaleo prodotto da ARTDOC FESTIVAL, Roma 2022.<\/div>\n<div>Serie di incontri Aperitivi d&#8217;Architettura &#8211; Riflessioni sull&#8217;Architettura, a cura dell\u2019Ordine degli Architetti P.P.C. della Provincia di Messina e Fondazione Architetti nel Mediterraneo di Messina. Consiglieri delegati: Lucia Alonci, Massimo De Francesco, Gaetano Scarcella, Clara Stella Vicari Aversa.<\/div>\n<div>Collaboratori all&#8217;allestimento: Giulia Baldo, Francesca Caparello, Alfonso Costantino, Yulya Moshkola, Marco Sturniolo, Miriam Tuccia, Gabriele Valensisi, Giovanni Zaccur<\/div>\n<div>Organizzazione: Ordine degli Architetti PPC di Messina, Fondazione Architetti nel Mediterraneo di Messina.<\/div>\n<div>Patrocinio: Citt\u00e0 Metropolitana di Messina, Universit\u00e0 degli Studi Mediterranea di Reggio Calabria, Universit\u00e0 degli Studi di Messina, Universit\u00e0 degli Studi di Enna \u201cKore\u201d, Consulta Architetti Sicilia.<\/div>\n<div>Sponsor: Mediano Editor<\/div>\n<div><\/div>\n<div>La partecipazione all\u2019evento \u00e8 gratuita.<\/div>\n<div>Gli architetti che si iscriveranno sul portale servizi CNAPPC, potranno acquisire 3 c.f.p. di formazione ordinaria. L&#8217;evento sar\u00e0 successivamente disponibile in modalit\u00e0 FAD asincrona, sullo stesso portale servizi CNAPPC, previo versamento di una piccola quota.<\/div>\n<div><\/div>\n<div><strong>Dipartimento Comunicazione Ordine Architetti PPC di Messina (Michele Palamara 3476539799)<br \/>\n<\/strong><\/div>\n<\/div>\n<\/div>\n<\/div>\n<\/div>\n<\/div>\n<\/div>\n<\/div>\n<\/div>\n<\/div>\n<\/div>\n","protected":false},"excerpt":{"rendered":"<p>L\u2019Ordine degli Architetti P.P.C. di Messina e la Fondazione Architetti nel Mediterraneo, pochi giorni dopo la cerimonia di apertura alla fruizione della cittadinanza del Monte di Piet\u00e0, una delle pi\u00f9<\/p>\n<div><a class=\"permalink\" href=\"https:\/\/www.radioempire.it\/index.php\/2024\/01\/10\/al-monte-di-pieta-la-mostra-di-marcello-sestito-uniniziativa-dellordine-degli-architetti-e-della-fondazione-architetti-nel-mediterraneo\/\">Read More&#8230;<\/a><\/div>\n","protected":false},"author":2,"featured_media":49042,"comment_status":"closed","ping_status":"closed","sticky":false,"template":"","format":"standard","meta":[],"categories":[36,78],"tags":[],"_links":{"self":[{"href":"https:\/\/www.radioempire.it\/index.php\/wp-json\/wp\/v2\/posts\/49041"}],"collection":[{"href":"https:\/\/www.radioempire.it\/index.php\/wp-json\/wp\/v2\/posts"}],"about":[{"href":"https:\/\/www.radioempire.it\/index.php\/wp-json\/wp\/v2\/types\/post"}],"author":[{"embeddable":true,"href":"https:\/\/www.radioempire.it\/index.php\/wp-json\/wp\/v2\/users\/2"}],"replies":[{"embeddable":true,"href":"https:\/\/www.radioempire.it\/index.php\/wp-json\/wp\/v2\/comments?post=49041"}],"version-history":[{"count":1,"href":"https:\/\/www.radioempire.it\/index.php\/wp-json\/wp\/v2\/posts\/49041\/revisions"}],"predecessor-version":[{"id":49044,"href":"https:\/\/www.radioempire.it\/index.php\/wp-json\/wp\/v2\/posts\/49041\/revisions\/49044"}],"wp:featuredmedia":[{"embeddable":true,"href":"https:\/\/www.radioempire.it\/index.php\/wp-json\/wp\/v2\/media\/49042"}],"wp:attachment":[{"href":"https:\/\/www.radioempire.it\/index.php\/wp-json\/wp\/v2\/media?parent=49041"}],"wp:term":[{"taxonomy":"category","embeddable":true,"href":"https:\/\/www.radioempire.it\/index.php\/wp-json\/wp\/v2\/categories?post=49041"},{"taxonomy":"post_tag","embeddable":true,"href":"https:\/\/www.radioempire.it\/index.php\/wp-json\/wp\/v2\/tags?post=49041"}],"curies":[{"name":"wp","href":"https:\/\/api.w.org\/{rel}","templated":true}]}}