{"id":49088,"date":"2024-01-15T16:23:15","date_gmt":"2024-01-15T16:23:15","guid":{"rendered":"https:\/\/www.radioempire.it\/?p=49088"},"modified":"2024-01-15T16:23:15","modified_gmt":"2024-01-15T16:23:15","slug":"le-festivita-agatine-in-musica-con-il-coro-lirico-siciliano","status":"publish","type":"post","link":"https:\/\/www.radioempire.it\/index.php\/2024\/01\/15\/le-festivita-agatine-in-musica-con-il-coro-lirico-siciliano\/","title":{"rendered":"LE FESTIVITA&#8217; AGATINE IN MUSICA CON IL CORO LIRICO SICILIANO"},"content":{"rendered":"<div class=\"moz-text-html\" lang=\"x-unicode\">\n<div id=\"forwardbody1\">\n<p><strong><em>Dal concerto evento dedicato al trentennale di Don Pino Puglisi alla tradizionale \u201cSerata del tre\u201d per un inno tra memoria, storia e fede<\/em><\/strong><\/p>\n<p>In occasione dei Festeggiamenti agatini, promossi dal Comitato ufficiale nato in seno al Comune della Citt\u00e0 di Catania, il Coro Lirico Siciliano, diretto artisticamente e musicalmente da Francesco Costa, sar\u00e0 protagonista di due eventi dalla ricca forza evocativa e che coniugano memoria, dovere etico, tradizione e soprattutto grande musica.<\/p>\n<p><img loading=\"lazy\" class=\"size-medium wp-image-49090 alignleft\" src=\"https:\/\/www.radioempire.it\/wp-content\/uploads\/2024\/01\/CLS-07.01.2024--300x200.jpg\" alt=\"\" width=\"300\" height=\"200\" srcset=\"https:\/\/www.radioempire.it\/wp-content\/uploads\/2024\/01\/CLS-07.01.2024--300x200.jpg 300w, https:\/\/www.radioempire.it\/wp-content\/uploads\/2024\/01\/CLS-07.01.2024-.jpg 600w\" sizes=\"(max-width: 300px) 100vw, 300px\" \/>Per le celebrazioni del trentennale della morte del martire palermitano, Don Pino Puglisi, il <strong>19 Gennaio<\/strong>, alle <strong>ore 21<\/strong>, presso la <strong>Chiesa di San Camillo in Catania<\/strong>, l&#8217;ente lirico siciliano proporr\u00e0 un vero e proprio viaggio tra le melodie intime e immortali di autori siciliani di varie generazioni; dall&#8217;ottocento sino alla contemporaneit\u00e0 per un vero e proprio &#8220;inno&#8221; di libert\u00e0, un &#8220;grido&#8221; corale per consacrare la nostra terra quale &#8220;Terra degli Dei&#8221; e non quale &#8220;palcoscenico&#8221; di violenza e crudelt\u00e0; un concerto per esorcizzare, attraverso la parola, il canto e la musica di eminenti compositori della Trinacria, il timore e l&#8217;omert\u00e0 e esaltare il rinnovamento e la rinascita. L\u2019arte, dunque, diventa mezzo per valorizzare, diffondere bellezza e celebrare dovere civico e memoria.<\/p>\n<p>Padre Puglisi, sacerdote della parrocchia San Gaetano (Brancaccio &#8211; Palermo), cominci\u00f2 la sua opera contro la criminalit\u00e0 organizzata parlando ai giovani e aprendo il Centro Padre Nostro, togliendo cos\u00ec la bassa manovalanza alla criminalit\u00e0 organizzata. \u201c<em>Non sono un biblista, non sono un teologo, n\u00e9 un sociologo, sono soltanto uno che ha cercato di lavorare per il Regno di Dio<\/em>\u201d, diceva di s\u00e9, consapevole di essere ormai nel mirino della mafia, tanto che al suo assassino disse: \u201c<em>Me lo aspettavo<\/em>\u201d.<\/p>\n<p>L&#8217;evento &#8211; spettacolo, ideato artisticamente dal direttore stabile della pluripremiata compagine, sar\u00e0 impreziosito dalla drammaturgia e dalla voce recitante di Fabiola Arculeo, giovane attrice palermitana in continua e crescente ascesa nel panorama teatrale nazionale; &lt;&lt;<em>una terra che \u00e8 visione, che \u00e8 sogno, maledizione e ispirazione.<\/em> (dichiara la talentuosa Arculeo). <em>Una terra che \u00e8 madre, vergine, amante e assassina; che toglie e accoglie, che chiama e respinge. La stessa terra che abbraccia e spara, che schiaffeggia e tende la mano sull&#8217;orlo del baratro. Attraversando questa terra amata e amara faremo un viaggio in parole e musica, immaginando di vederla per la prima volta, novelli conquistatori e creatori di mondi, fino ad accompagnare nell&#8217;abbraccio di terra quei figli che per lei hanno dato la vita. Figli illustri, come Sant&#8217;Agata e Padre Puglisi, che nell&#8217;amore hanno trovato la dimensione eterna del ricordo e che con la loro luce continuano a illuminare questa terra<\/em>&gt;&gt;.<\/p>\n<p><img loading=\"lazy\" class=\"size-medium wp-image-49091 alignleft\" src=\"https:\/\/www.radioempire.it\/wp-content\/uploads\/2024\/01\/CLS-FRANCESCO-COSTA-1-300x200.jpg\" alt=\"\" width=\"300\" height=\"200\" srcset=\"https:\/\/www.radioempire.it\/wp-content\/uploads\/2024\/01\/CLS-FRANCESCO-COSTA-1-300x200.jpg 300w, https:\/\/www.radioempire.it\/wp-content\/uploads\/2024\/01\/CLS-FRANCESCO-COSTA-1.jpg 600w\" sizes=\"(max-width: 300px) 100vw, 300px\" \/>Il concerto del prossimo 19 Gennaio, inoltre, sar\u00e0 impreziosito dalla speciale partecipazione di Rita Botto e dei &#8220;Malarazza 100% Terrone&#8221; per una esclusiva contaminazione tra classica e contemporaneo; in tale occasione saranno eseguite, in prima assoluta mondiale, anche alcune pagine di rara bellezza di Frontini, Neglia e Neri per una costante opera di valorizzazione dell&#8217;immenso patrimonio immateriale che ha sempre connotato e continua a demarcare la tradizione culturale, artistica e musicale della Sicilia. Un percorso musicale interamente \u201c<em>made in Sicily<\/em>\u201d con composizioni di Battiato, Cal\u00ec, Ferrauto, Moscuzza, Mul\u00e8, tra gli altri.<\/p>\n<p>Altra grande innovazione delle festivit\u00e0 2024 riguarda il gran concerto lirico corale che annualmente si svolge il <strong>3 Febbraio<\/strong> in una gremita e palpitante <strong>Piazza del Duomo in Catania<\/strong>. Tra tradizione, innovazione, avanguardia e riscoperta il Coro Lirico Siciliano, insieme alla brillante formazione orchestrale giovanile \u201cVincenzo Bellini\u201d del Conservatorio etneo, diretta dalla sapiente bacchetta di Giuseppe Romeo, far\u00e0 rivivere magiche atmosfere musicali di un tempo perduto in cui grandi compositori ed operisti impiegavano il loro genio per intessere le lodi canore della Martire catanese. Il programma prevede l\u2019esecuzione di una sontuosa opera \u00ab<em>Questa terra fortunata, consacrata dal tuo Sangue<\/em>\u00bb composta nel 1886 da Francesco Paolo Frontini, apprezzato operista ed etnomusicologo, e che sar\u00e0 riproposta in prima assoluta, nonch\u00e9 una parte dedicata alla musica liturgica con la suggestiva antifona \u00ab<em>Stans beata Agatha<\/em>\u00bb del maestro Filippo Tarallo, nota ai catanesi per via del tradizionale omaggio musicale che le monache benedettine tributano a S. Agata durante il transito del fercolo per via Crociferi; ed ancora la celebre composizione di Rosario Licciardello, \u201c<em>Inno del Centenario<\/em>\u201d, la devozionale \u201c<em>Coroncina<\/em>\u201d di Giuseppe Maugeri (nella elaborazione e in omaggio a Mons. Nunzio Schilir\u00f2, compianto maestro fondatore della Cappella Musicale del Duomo) e l&#8217;omaggio inedito di Marco Frisina alla martire catanese \u201c<em>Vergine buona<\/em>\u201d, composto proprio su commissione del Coro Lirico Siciliano.<\/p>\n<p>L&#8217;accorato e partecipato omaggio per la Patrona della Citt\u00e0 etnea, nella viglia della grande festa, continuer\u00e0, dopo i tradizionali e sontuosi giochi di fuoco e luci, con una vera e propria festa della musica e della sicilianit\u00e0:<\/p>\n<p>Rita Botto, Etta Scollo, Vincenzo Spampinato, Mario Incudine, I Lautari, Giuseppe Castiglia, con la conduzione di Salvo La Rosa, si esibiranno in un accattivante programma dalle sonorit\u00e0 inedite e dal sapore mediterraneo per rendere memorabile una notte che palpita di attesa, speranza e memoria. Immancabile anche il tributo a Franco Battiato da parte del Coro Lirico Siciliano per una vera e propria \u201c<em>cura<\/em>\u201d sotto le \u201c<em>meccaniche celesti<\/em>\u201d di una Catania raggiante che diverr\u00e0 \u201c<em>centro permanente<\/em>\u201d di arte, storia e mito.<\/p>\n<\/div>\n<\/div>\n","protected":false},"excerpt":{"rendered":"<p>Dal concerto evento dedicato al trentennale di Don Pino Puglisi alla tradizionale \u201cSerata del tre\u201d per un inno tra memoria, storia e fede In occasione dei Festeggiamenti agatini, promossi dal<\/p>\n<div><a class=\"permalink\" href=\"https:\/\/www.radioempire.it\/index.php\/2024\/01\/15\/le-festivita-agatine-in-musica-con-il-coro-lirico-siciliano\/\">Read More&#8230;<\/a><\/div>\n","protected":false},"author":2,"featured_media":49089,"comment_status":"closed","ping_status":"closed","sticky":false,"template":"","format":"standard","meta":[],"categories":[36,78],"tags":[],"_links":{"self":[{"href":"https:\/\/www.radioempire.it\/index.php\/wp-json\/wp\/v2\/posts\/49088"}],"collection":[{"href":"https:\/\/www.radioempire.it\/index.php\/wp-json\/wp\/v2\/posts"}],"about":[{"href":"https:\/\/www.radioempire.it\/index.php\/wp-json\/wp\/v2\/types\/post"}],"author":[{"embeddable":true,"href":"https:\/\/www.radioempire.it\/index.php\/wp-json\/wp\/v2\/users\/2"}],"replies":[{"embeddable":true,"href":"https:\/\/www.radioempire.it\/index.php\/wp-json\/wp\/v2\/comments?post=49088"}],"version-history":[{"count":1,"href":"https:\/\/www.radioempire.it\/index.php\/wp-json\/wp\/v2\/posts\/49088\/revisions"}],"predecessor-version":[{"id":49092,"href":"https:\/\/www.radioempire.it\/index.php\/wp-json\/wp\/v2\/posts\/49088\/revisions\/49092"}],"wp:featuredmedia":[{"embeddable":true,"href":"https:\/\/www.radioempire.it\/index.php\/wp-json\/wp\/v2\/media\/49089"}],"wp:attachment":[{"href":"https:\/\/www.radioempire.it\/index.php\/wp-json\/wp\/v2\/media?parent=49088"}],"wp:term":[{"taxonomy":"category","embeddable":true,"href":"https:\/\/www.radioempire.it\/index.php\/wp-json\/wp\/v2\/categories?post=49088"},{"taxonomy":"post_tag","embeddable":true,"href":"https:\/\/www.radioempire.it\/index.php\/wp-json\/wp\/v2\/tags?post=49088"}],"curies":[{"name":"wp","href":"https:\/\/api.w.org\/{rel}","templated":true}]}}