{"id":49213,"date":"2024-01-25T08:32:49","date_gmt":"2024-01-25T08:32:49","guid":{"rendered":"https:\/\/www.radioempire.it\/?p=49213"},"modified":"2024-01-25T08:32:49","modified_gmt":"2024-01-25T08:32:49","slug":"afi-011-associazione-foto-insieme-all-inaugurazione-dellanno-sociale-premiati-roberto-mendolia-e-la-giovanissima-arianna-molino","status":"publish","type":"post","link":"https:\/\/www.radioempire.it\/index.php\/2024\/01\/25\/afi-011-associazione-foto-insieme-all-inaugurazione-dellanno-sociale-premiati-roberto-mendolia-e-la-giovanissima-arianna-molino\/","title":{"rendered":"AFI 011 \u2013 ASSOCIAZIONE FOTO INSIEME. ALL\u2019 INAUGURAZIONE DELL\u2019ANNO SOCIALE &#8211; PREMIATI ROBERTO MENDOLIA E LA GIOVANISSIMA ARIANNA MOLINO"},"content":{"rendered":"<p>(S.Teresa di Riva) -Un folto pubblico formato da soci, da appassionati di fotografia e da rappresentanti di enti e associazioni, ha assistito all\u2019inaugurazione <img loading=\"lazy\" class=\"size-medium wp-image-49216 alignleft\" src=\"https:\/\/www.radioempire.it\/wp-content\/uploads\/2024\/01\/Afi1-300x225.jpg\" alt=\"\" width=\"300\" height=\"225\" srcset=\"https:\/\/www.radioempire.it\/wp-content\/uploads\/2024\/01\/Afi1-300x225.jpg 300w, https:\/\/www.radioempire.it\/wp-content\/uploads\/2024\/01\/Afi1-1024x768.jpg 1024w, https:\/\/www.radioempire.it\/wp-content\/uploads\/2024\/01\/Afi1-768x576.jpg 768w, https:\/\/www.radioempire.it\/wp-content\/uploads\/2024\/01\/Afi1-1536x1152.jpg 1536w, https:\/\/www.radioempire.it\/wp-content\/uploads\/2024\/01\/Afi1.jpg 1600w\" sizes=\"(max-width: 300px) 100vw, 300px\" \/>dell\u2019anno sociale dell\u2019AFI011 tenutasi domenica scorsa nel salone del Palazzo della Cultura.<br \/>\nHa portato il saluto il sindaco di S. Teresa di Riva, Danilo Lo Giudice che complimentandosi con il presidente Mario Pollino e con i soci, per le qualificate attivit\u00e0 gi\u00e0 svolte, ha dato la piena disponibilit\u00e0 per sostenerla in futuro.<br \/>\nNel corso della serata, condotta brillantemente da Marcella Allegra, sono stati mostrati dei video con gli scatti pi\u00f9 significativi dei soci che hanno partecipato agli eventi del 2023.<br \/>\nUn riconoscimento speciale \u00e8 stato assegnato alla giovanissima socia Arianna Molino per la freschezza e la qualit\u00e0 artistica delle sue foto.<br \/>\nMomento di grande emozione \u00e8 stata la consegna della targa per il Premio AFI011, assegnato per l\u2019anno 2023, a Roberto Mendolia il quale ha ricordato il suo importante percorso fotografico, testimoniato dagli scatti esposti in sala e da quelli che venivanoproiettati.<br \/>\n<img loading=\"lazy\" class=\"size-medium wp-image-49215 alignleft\" src=\"https:\/\/www.radioempire.it\/wp-content\/uploads\/2024\/01\/Afi-300x200.jpg\" alt=\"\" width=\"300\" height=\"200\" srcset=\"https:\/\/www.radioempire.it\/wp-content\/uploads\/2024\/01\/Afi-300x200.jpg 300w, https:\/\/www.radioempire.it\/wp-content\/uploads\/2024\/01\/Afi-1024x683.jpg 1024w, https:\/\/www.radioempire.it\/wp-content\/uploads\/2024\/01\/Afi-768x512.jpg 768w, https:\/\/www.radioempire.it\/wp-content\/uploads\/2024\/01\/Afi-1536x1025.jpg 1536w, https:\/\/www.radioempire.it\/wp-content\/uploads\/2024\/01\/Afi.jpg 2048w\" sizes=\"(max-width: 300px) 100vw, 300px\" \/>Poi \u00e8 toccato al vicepresidente Salvatore Iraci Sareri presentare l\u2019intenso e variegato programma 2024 con gli incontri settimanali serali che partiranno da marted\u00ec 30 gennaio, presso la struttura culturale santateresina, comprendente lezioni teoriche e pratiche, tenute dagli esperti dell\u2019AFI e da Ursula Costa, oltre all\u2019organizzazione di esercitazioni con uscite didattiche e shooting per sperimentare le nozioni acquisite, nonch\u00e9 la progettazione di mostre e la partecipazione a concorsi.<br \/>\nA tal proposito il sindaco di Pagliara, Sebastiano Gugliotta, ha invitato ufficialmente l\u2019associazione a collaborare per un progetto fotografico per il proprio comune.<br \/>\nPrima del brindisi finale la rituale consegna degli attestati ai partecipanti del corso base tenuto nel 2023 e a tutti i presenti un segnalibro per un ricordo della serata.<\/p>\n<p>L\u2019Addetto stampa AFI011<\/p>\n","protected":false},"excerpt":{"rendered":"<p>(S.Teresa di Riva) -Un folto pubblico formato da soci, da appassionati di fotografia e da rappresentanti di enti e associazioni, ha assistito all\u2019inaugurazione dell\u2019anno sociale dell\u2019AFI011 tenutasi domenica scorsa nel<\/p>\n<div><a class=\"permalink\" href=\"https:\/\/www.radioempire.it\/index.php\/2024\/01\/25\/afi-011-associazione-foto-insieme-all-inaugurazione-dellanno-sociale-premiati-roberto-mendolia-e-la-giovanissima-arianna-molino\/\">Read More&#8230;<\/a><\/div>\n","protected":false},"author":2,"featured_media":49217,"comment_status":"closed","ping_status":"closed","sticky":false,"template":"","format":"standard","meta":[],"categories":[36,78],"tags":[],"_links":{"self":[{"href":"https:\/\/www.radioempire.it\/index.php\/wp-json\/wp\/v2\/posts\/49213"}],"collection":[{"href":"https:\/\/www.radioempire.it\/index.php\/wp-json\/wp\/v2\/posts"}],"about":[{"href":"https:\/\/www.radioempire.it\/index.php\/wp-json\/wp\/v2\/types\/post"}],"author":[{"embeddable":true,"href":"https:\/\/www.radioempire.it\/index.php\/wp-json\/wp\/v2\/users\/2"}],"replies":[{"embeddable":true,"href":"https:\/\/www.radioempire.it\/index.php\/wp-json\/wp\/v2\/comments?post=49213"}],"version-history":[{"count":1,"href":"https:\/\/www.radioempire.it\/index.php\/wp-json\/wp\/v2\/posts\/49213\/revisions"}],"predecessor-version":[{"id":49218,"href":"https:\/\/www.radioempire.it\/index.php\/wp-json\/wp\/v2\/posts\/49213\/revisions\/49218"}],"wp:featuredmedia":[{"embeddable":true,"href":"https:\/\/www.radioempire.it\/index.php\/wp-json\/wp\/v2\/media\/49217"}],"wp:attachment":[{"href":"https:\/\/www.radioempire.it\/index.php\/wp-json\/wp\/v2\/media?parent=49213"}],"wp:term":[{"taxonomy":"category","embeddable":true,"href":"https:\/\/www.radioempire.it\/index.php\/wp-json\/wp\/v2\/categories?post=49213"},{"taxonomy":"post_tag","embeddable":true,"href":"https:\/\/www.radioempire.it\/index.php\/wp-json\/wp\/v2\/tags?post=49213"}],"curies":[{"name":"wp","href":"https:\/\/api.w.org\/{rel}","templated":true}]}}