{"id":49335,"date":"2024-02-05T15:10:39","date_gmt":"2024-02-05T15:10:39","guid":{"rendered":"https:\/\/www.radioempire.it\/?p=49335"},"modified":"2024-02-05T15:10:39","modified_gmt":"2024-02-05T15:10:39","slug":"parte-giovedi-8-febbraioil-primo-ciclo-del-cineforum-cinit-2024","status":"publish","type":"post","link":"https:\/\/www.radioempire.it\/index.php\/2024\/02\/05\/parte-giovedi-8-febbraioil-primo-ciclo-del-cineforum-cinit-2024\/","title":{"rendered":"Parte gioved\u00ec 8 febbraioil primo ciclo del Cineforum CINIT 2024"},"content":{"rendered":"<p>Prender\u00e0 il via gioved\u00ec 8 febbraio una nuova rassegna di film di qualit\u00e0presso il cinema Vittoria di Al\u00ec Terme; sono sei i film proposti ogni gioved\u00ec fino al 14 marzo con tre proiezioni alle 17, alle 19 ed alle 21.<\/p>\n<p>Apertura col 50\u00b0 film di Woody Allen \u201c<em>Coup de Chance\u201d<\/em>, ambientato e girato a Parigi, col quale il regista tornasulle dinamiche di coppia e sull\u2019influenza dellafatalit\u00e0 nella \u00a0nostraesistenza.<\/p>\n<p><img loading=\"lazy\" class=\"size-medium wp-image-49338 alignleft\" src=\"https:\/\/www.radioempire.it\/wp-content\/uploads\/2024\/02\/LOCANDINA-24-CINEFORUM-ALI-T.-201x300.jpg\" alt=\"\" width=\"201\" height=\"300\" srcset=\"https:\/\/www.radioempire.it\/wp-content\/uploads\/2024\/02\/LOCANDINA-24-CINEFORUM-ALI-T.-201x300.jpg 201w, https:\/\/www.radioempire.it\/wp-content\/uploads\/2024\/02\/LOCANDINA-24-CINEFORUM-ALI-T.-685x1024.jpg 685w, https:\/\/www.radioempire.it\/wp-content\/uploads\/2024\/02\/LOCANDINA-24-CINEFORUM-ALI-T.-768x1147.jpg 768w, https:\/\/www.radioempire.it\/wp-content\/uploads\/2024\/02\/LOCANDINA-24-CINEFORUM-ALI-T.-1028x1536.jpg 1028w, https:\/\/www.radioempire.it\/wp-content\/uploads\/2024\/02\/LOCANDINA-24-CINEFORUM-ALI-T..jpg 1071w\" sizes=\"(max-width: 201px) 100vw, 201px\" \/>Il ciclo prevede due film sulla Shoah, uno in chiave storico-documentaristico, <em>One life<\/em> di James Hawese l\u2019altro,<em>L\u2019ultima volta che siamo stati bambini<\/em>, esordio alla regia di Claudio Bisioaffrontato con toni pi\u00f9 da commedia e presentato al Giffoni Film Festival.<\/p>\n<p>Completano la programmazione <em>Foglie al vento<\/em><strong>\u00a0<\/strong>del maestro Aki Kaurismaki, Palma d\u2019oro a Cannes 2023,\u00a0 sull\u2019incontro di due solitudini che tentano di riconciliarsi con la vita; e, infine, due opere dedicate alle donne, \u201c<em>La scelta di Anne \u2013 L\u2019\u00e9ven\u00e9ment<\/em>, film vincitore nel 2021\u00a0del Leone d\u2019oro a Venezia, sulle problematicit\u00e0di scelta delle donne tra lavoro einterruzione della maternit\u00e0; e\u00a0<em>Finalmente l\u2019alba<\/em>\u00a0diSaverio Costanzo, presentato in concorso all\u2019ultimo festival di Venezia, un omaggio al cinema del dopoguerra visto attraverso le intrecciate vicende di una giovane aspirante attrice tra Romae l\u2019ambiente di Cinecitt\u00e0.<\/p>\n<p>Anche questa edizione del Cineforum \u00e8 organizzata dal CINIT Cineforum Italiano con la collaborazione del <em>Circolo Nuova Presenza<\/em> di S.Teresa di Riva, giunto al 48\u00b0 anno di attivit\u00e0, <em>dall\u2019Associazione Banca del Tempo \u2013 Insieme \u00e8 meglio<\/em> di \u00a0Al\u00ec Terme e dal <em>Cinecircolo C.S.C. \u201cS. Quasimodo<\/em>di Giardini-Naxos, e di concerto con gli Istituti Superiori della zona ionica messinese.<\/p>\n<p><strong><em>L\u2019addetto stampa CINIT<\/em><\/strong><\/p>\n<p>_______________ ELENCO DEI FILM IN PROGRAMMA ____________<\/p>\n<p><strong>UN COLPO DI FORTUNA &#8211; COUP DE CHANCE<\/strong> di Woody Allen (Fra\/GB, 2023, \u00a0\u00a0\u00a0\u00a0\u00a0\u00a0\u00a0\u00a0\u00a0\u00a0\u00a0 commedia, 96 min.). Con Lou de La\u00e2ge, Val\u00e9rie Lemercier, Melvil Poupaud.\u00a0\u00a0\u00a0\u00a0\u00a0 Presentato Fuori Concorso a Venezia 80.<\/p>\n<p><strong>ONE LIFE<\/strong> di James Hawes (Usa, 2023, drammatico, 110 min.). Con Anthony \u00a0\u00a0\u00a0\u00a0\u00a0\u00a0\u00a0\u00a0\u00a0\u00a0\u00a0 Hopkins, Helena Bonham Carter, Johnny Flynn.<\/p>\n<p><strong>FOGLIE AL VENTO<\/strong> di Aki Kaurismaki (Fin, 2023, commedia, 81 min.). Con Alma \u00a0\u00a0\u00a0\u00a0\u00a0\u00a0\u00a0\u00a0\u00a0\u00a0\u00a0 P\u00f6ysti, Jussi Vatanen, Janne Hyyti\u00e4inen. \u00a0\u00a0\u00a0\u00a0\u00a0\u00a0\u00a0\u00a0\u00a0\u00a0\u00a0\u00a0\u00a0\u00a0\u00a0\u00a0\u00a0\u00a0\u00a0\u00a0\u00a0\u00a0\u00a0\u00a0\u00a0\u00a0\u00a0\u00a0\u00a0\u00a0\u00a0\u00a0\u00a0\u00a0\u00a0\u00a0\u00a0\u00a0\u00a0\u00a0\u00a0\u00a0\u00a0\u00a0\u00a0\u00a0\u00a0\u00a0\u00a0\u00a0\u00a0\u00a0\u00a0\u00a0 \u00a0\u00a0\u00a0\u00a0\u00a0\u00a0\u00a0\u00a0\u00a0\u00a0\u00a0\u00a0\u00a0\u00a0\u00a0\u00a0\u00a0\u00a0\u00a0\u00a0\u00a0\u00a0\u00a0 Palma d\u2019oro all\u2019ultimo Festival di Cannes e due candidature ai Golden Globes.<\/p>\n<p><strong>LA SCELTA DI ANNE \u2013 L\u2019EVENEMENT<\/strong> (Fra, 2021, drammatico, 100 min.). \u00a0\u00a0\u00a0\u00a0\u00a0 \u00a0\u00a0\u00a0\u00a0\u00a0\u00a0\u00a0\u00a0\u00a0\u00a0\u00a0 Con Anamaria Vartolomei, Kacey Mottet Klein, Lu\u00e0na Bajrami. \u00a0\u00a0\u00a0\u00a0\u00a0\u00a0\u00a0\u00a0\u00a0\u00a0\u00a0\u00a0\u00a0 \u00a0\u00a0\u00a0\u00a0\u00a0\u00a0\u00a0\u00a0\u00a0\u00a0\u00a0 Leone d\u2019oro per il miglior film a Venezia 78.<\/p>\n<p><strong>FINALMENTE L\u2019ALBA<\/strong> di Saverio Costanzo (Ita, 2023, drammatico, 142 min.). \u00a0\u00a0\u00a0\u00a0\u00a0\u00a0\u00a0\u00a0\u00a0\u00a0\u00a0 Con Lily James, Willem Dafoe, Rachel Sennott, Joe Keery.\u00a0\u00a0\u00a0\u00a0\u00a0\u00a0\u00a0\u00a0\u00a0\u00a0\u00a0\u00a0\u00a0\u00a0\u00a0\u00a0\u00a0\u00a0\u00a0\u00a0\u00a0\u00a0\u00a0\u00a0 \u00a0\u00a0\u00a0\u00a0\u00a0\u00a0\u00a0\u00a0\u00a0\u00a0\u00a0 Presentato in Concorso a Venezia 80.<\/p>\n<p><strong>L\u2019ULTIMA VOLTA CHE SIAMO STATI BAMBINI<\/strong> di Claudio Bisio (Ita, 2023, \u00a0\u00a0\u00a0\u00a0\u00a0\u00a0\u00a0\u00a0\u00a0\u00a0\u00a0 commedia, 90 min.). Con Alessio Di Domenicantonio, Vincenzo Sebastiani, \u00a0\u00a0\u00a0\u00a0\u00a0\u00a0\u00a0\u00a0\u00a0\u00a0\u00a0 Carlotta De Leonardis. Anteprima al Giffoni Film Festival 2023,\u00a0\u00a0 distribuito a ottobre 2023, per l\u201980\u00b0 anniversario del rastrellamento del ghetto di Roma.<\/p>\n<p>&nbsp;<\/p>\n","protected":false},"excerpt":{"rendered":"<p>Prender\u00e0 il via gioved\u00ec 8 febbraio una nuova rassegna di film di qualit\u00e0presso il cinema Vittoria di Al\u00ec Terme; sono sei i film proposti ogni gioved\u00ec fino al 14 marzo<\/p>\n<div><a class=\"permalink\" href=\"https:\/\/www.radioempire.it\/index.php\/2024\/02\/05\/parte-giovedi-8-febbraioil-primo-ciclo-del-cineforum-cinit-2024\/\">Read More&#8230;<\/a><\/div>\n","protected":false},"author":2,"featured_media":49337,"comment_status":"closed","ping_status":"closed","sticky":false,"template":"","format":"standard","meta":[],"categories":[3,36],"tags":[],"_links":{"self":[{"href":"https:\/\/www.radioempire.it\/index.php\/wp-json\/wp\/v2\/posts\/49335"}],"collection":[{"href":"https:\/\/www.radioempire.it\/index.php\/wp-json\/wp\/v2\/posts"}],"about":[{"href":"https:\/\/www.radioempire.it\/index.php\/wp-json\/wp\/v2\/types\/post"}],"author":[{"embeddable":true,"href":"https:\/\/www.radioempire.it\/index.php\/wp-json\/wp\/v2\/users\/2"}],"replies":[{"embeddable":true,"href":"https:\/\/www.radioempire.it\/index.php\/wp-json\/wp\/v2\/comments?post=49335"}],"version-history":[{"count":1,"href":"https:\/\/www.radioempire.it\/index.php\/wp-json\/wp\/v2\/posts\/49335\/revisions"}],"predecessor-version":[{"id":49339,"href":"https:\/\/www.radioempire.it\/index.php\/wp-json\/wp\/v2\/posts\/49335\/revisions\/49339"}],"wp:featuredmedia":[{"embeddable":true,"href":"https:\/\/www.radioempire.it\/index.php\/wp-json\/wp\/v2\/media\/49337"}],"wp:attachment":[{"href":"https:\/\/www.radioempire.it\/index.php\/wp-json\/wp\/v2\/media?parent=49335"}],"wp:term":[{"taxonomy":"category","embeddable":true,"href":"https:\/\/www.radioempire.it\/index.php\/wp-json\/wp\/v2\/categories?post=49335"},{"taxonomy":"post_tag","embeddable":true,"href":"https:\/\/www.radioempire.it\/index.php\/wp-json\/wp\/v2\/tags?post=49335"}],"curies":[{"name":"wp","href":"https:\/\/api.w.org\/{rel}","templated":true}]}}