{"id":49362,"date":"2024-02-06T20:12:40","date_gmt":"2024-02-06T20:12:40","guid":{"rendered":"https:\/\/www.radioempire.it\/?p=49362"},"modified":"2024-02-06T20:12:40","modified_gmt":"2024-02-06T20:12:40","slug":"savoca-piano-regolatore-generale","status":"publish","type":"post","link":"https:\/\/www.radioempire.it\/index.php\/2024\/02\/06\/savoca-piano-regolatore-generale\/","title":{"rendered":"SAVOCA &#8211; PIANO REGOLATORE GENERALE"},"content":{"rendered":"<p>Soddisfazione negli ambienti Savocesi, dopo che l\u2019Assessore al Territorio a all\u2019Ambiente, Elena Pagana, il 23 gennaio 2024 ha firmato il decreto di approvazione della procedura di Valutazione Ambientale Strategica riguardante l\u2019approvazione del Piano Regolatore Generale del Comune di Savoca, grazie alla valutazione positiva del Comitato Tecnico Scientifico, che nella seduta del 22 dicembre 2023, ha espresso parere motivato favorevole.<br \/>\nEra il 5 novembre 2019 quado il Commissario Straordinario ad Acta, Arch. Massimo Aleo, adottava, in sostituzione del Consiglio Comunale, con delibera n. 69 il Piano Regolatore Generale con annesse Norme Tecniche di Attuazione e Regolamento Edilizio.<br \/>\nAdesso gli adempimenti necessari per giungere all\u2019approvazione finale di uno strumento il cui iter ebbe inizio oltre trent\u2019anni fa e che nel 2016 ha avuto una importante accelerazione grazie all\u2019Amministrazione Bartolotta, il quale, dopo aver affidato la progettazione all\u2019Arch. Gaetano Scarcella, ha ottemperato alle prescrizioni del Genio Civile di Messina e ottenuto tutte le approvazioni necessarie per la trasmissione all\u2019Assessorato Territorio ed Ambiente per la valutazione della VAS.<br \/>\nL\u2019iter \u00e8 stato poi curato dall\u2019Amministrazione Stracuzzi, che ha costantemente seguito tutta la procedura e i rapporti con gli uffici e a giugno del 2023 ha ottemperato alle richieste del Comitato Tecnico Scientifico, in cui si chiedeva di aggiornare il Rapporto Ambientale, adempimento che \u00e8 stato portato a compimento a seguito dell\u2019incarico conferito all\u2019Ing. Giuliana Mirabito.<br \/>\nNei giorni scorsi il Sindaco, assieme al Progettista del Piano e alla Responsabile dell\u2019Area Tecnica, Arch. Angelina Muscolino, si sono recati al Dipartimento dell\u2019Urbanistica della Regione Siciliana e alla presenza del Dirigente Generale Arch. Calogero Beringheli e di altri funzionari, hanno condiviso l\u2019iter da seguire per l\u2019approvazione finale del PRG di Savoca.<br \/>\n\u201cStiamo per portare a termine quello che sicuramente \u00e8 il pi\u00f9 importante obiettivo del mandato e pertanto siamo gi\u00e0 al lavoro per ottemperare alle previsioni del parere reso dalla C.T.S. &#8211; dichiara il Sindaco Massimo Stracuzzi &#8211; in cui l\u2019elemento pi\u00f9 significativo rappresentato dalla commissione \u00e8 la riduzione quantitativa delle aree di espansione e delle relative cubature onde evitare un sovradimensionamento del piano, per poi procedere alla redazione della Dichiarazione di Sintesi Finale e alla pubblicazione della decisione\u201d.<br \/>\n\u201cSavoca diventer\u00e0 una citt\u00e0 migliore &#8211; ha affermato il Sindaco &#8211; grazie al nuovo PRG, che come elemento di rilievo vede la tutela del Centro Storico Medioevale, adeguatamente perimetrato ai fini della valorizzazione del tessuto edilizio e della tutela degli edifici di pregio, in cui gli interventi di ristrutturazione edilizia, mireranno a tutelare le peculiarit\u00e0 del Borgo.<br \/>\nElemento innovativo \u00e8 sicuramente la cosiddetta compensazione urbanistica e il trasferimento di cubatura tra zone omogenee del territorio comunale. Ci\u00f2 consentir\u00e0 all\u2019Amministrazione di effettuare espropri per pubblico interesse remunerando i proprietari privati con premi di cubatura da utilizzare all\u2019interno della zona E, Aree agricole &#8211; Agriturismo.<br \/>\nLe zone di espansione sono state previste per la maggior parte nelle zone a valle del territorio, a completamento del tessuto edilizio esistente, con un\u2019edilizia residenziale che prevede edifici con soli due piani fuori terra e molto spazio destinato al verde e agli spazi pubblici.<br \/>\nCon l\u2019approvazione del PRG non si conclude la pianificazione del nostro territorio anzi, siamo solo all\u2019inizio, un\u2019operazione di crescita importante a cui tutti dobbiamo lavorare per rendere Savoca ancora migliore. Un risultato che va condiviso con tutta l\u2019Amministrazione e con tutti coloro che nel tempo, a vario titolo, si sono spesi per il raggiungimento di questo storico traguardo\u201d.<\/p>\n<p>Giuseppina Adriana Di Bella Macr\u00ec<\/p>\n","protected":false},"excerpt":{"rendered":"<p>Soddisfazione negli ambienti Savocesi, dopo che l\u2019Assessore al Territorio a all\u2019Ambiente, Elena Pagana, il 23 gennaio 2024 ha firmato il decreto di approvazione della procedura di Valutazione Ambientale Strategica riguardante<\/p>\n<div><a class=\"permalink\" href=\"https:\/\/www.radioempire.it\/index.php\/2024\/02\/06\/savoca-piano-regolatore-generale\/\">Read More&#8230;<\/a><\/div>\n","protected":false},"author":2,"featured_media":49363,"comment_status":"closed","ping_status":"closed","sticky":false,"template":"","format":"standard","meta":[],"categories":[3,36],"tags":[],"_links":{"self":[{"href":"https:\/\/www.radioempire.it\/index.php\/wp-json\/wp\/v2\/posts\/49362"}],"collection":[{"href":"https:\/\/www.radioempire.it\/index.php\/wp-json\/wp\/v2\/posts"}],"about":[{"href":"https:\/\/www.radioempire.it\/index.php\/wp-json\/wp\/v2\/types\/post"}],"author":[{"embeddable":true,"href":"https:\/\/www.radioempire.it\/index.php\/wp-json\/wp\/v2\/users\/2"}],"replies":[{"embeddable":true,"href":"https:\/\/www.radioempire.it\/index.php\/wp-json\/wp\/v2\/comments?post=49362"}],"version-history":[{"count":1,"href":"https:\/\/www.radioempire.it\/index.php\/wp-json\/wp\/v2\/posts\/49362\/revisions"}],"predecessor-version":[{"id":49364,"href":"https:\/\/www.radioempire.it\/index.php\/wp-json\/wp\/v2\/posts\/49362\/revisions\/49364"}],"wp:featuredmedia":[{"embeddable":true,"href":"https:\/\/www.radioempire.it\/index.php\/wp-json\/wp\/v2\/media\/49363"}],"wp:attachment":[{"href":"https:\/\/www.radioempire.it\/index.php\/wp-json\/wp\/v2\/media?parent=49362"}],"wp:term":[{"taxonomy":"category","embeddable":true,"href":"https:\/\/www.radioempire.it\/index.php\/wp-json\/wp\/v2\/categories?post=49362"},{"taxonomy":"post_tag","embeddable":true,"href":"https:\/\/www.radioempire.it\/index.php\/wp-json\/wp\/v2\/tags?post=49362"}],"curies":[{"name":"wp","href":"https:\/\/api.w.org\/{rel}","templated":true}]}}