{"id":49382,"date":"2024-02-08T21:57:33","date_gmt":"2024-02-08T21:57:33","guid":{"rendered":"https:\/\/www.radioempire.it\/?p=49382"},"modified":"2024-02-08T21:57:33","modified_gmt":"2024-02-08T21:57:33","slug":"riposto-i-ragazzi-dellistituto-distruzione-superiore-in-prima-linea-contro-il-bullismo-promuoviamo-la-cultura-del-rispetto","status":"publish","type":"post","link":"https:\/\/www.radioempire.it\/index.php\/2024\/02\/08\/riposto-i-ragazzi-dellistituto-distruzione-superiore-in-prima-linea-contro-il-bullismo-promuoviamo-la-cultura-del-rispetto\/","title":{"rendered":"Riposto, i ragazzi dell\u2019Istituto d\u2019Istruzione Superiore in prima linea contro il bullismo. \u201cPromuoviamo la cultura del rispetto\u201d.\u00a0"},"content":{"rendered":"<p>Un giro in barca per dire no al bullismo. Nella giornata organizzata dalla sezione ripostese della Lega Navale Italiana, in collaborazione con il Marina di Riposto e con il patrocinio dei Comuni di Giarre, Riposto e Mascali, gli alunni dell\u2019Istituto Tecnico Trasporti e Logistica \u2018L. Rizzo\u2019, ex Nautico, sono stati gli speciali assistenti alla navigazione ed ai laboratori. I marinai di domani hanno condotto nell\u2019area portuale la barca a remi, una delle imbarcazioni in dotazione all\u2019Istituto d\u2019Istruzione Superiore di Riposto. \u201cLa nostra scuola \u2013 spiega la dirigente scolastica Rosalba Mingiardi \u2013 partecipa sempre attivamente a tutte le iniziative a sfondo sociale e alle campagne di sensibilizzazione su temi importanti come il bullismo. Vogliamo che i nostri ragazzi non siano solo dei bravi studenti ma, prima e soprattutto, che siano donne e uomini di valore, promuovendo <i>la<\/i>\u00a0cultura della solidariet\u00e0 e del rispetto verso tutti. Ringraziamo la Lega Navale Italiana per l\u2019occasione che ci ha fornito di discutere e approfondire un fenomeno purtroppo diffuso\u201d.<\/p>\n<p><img loading=\"lazy\" class=\"size-medium wp-image-49385 alignleft\" src=\"https:\/\/www.radioempire.it\/wp-content\/uploads\/2024\/02\/Imbarcazione-a-vela-225x300.jpg\" alt=\"\" width=\"225\" height=\"300\" srcset=\"https:\/\/www.radioempire.it\/wp-content\/uploads\/2024\/02\/Imbarcazione-a-vela-225x300.jpg 225w, https:\/\/www.radioempire.it\/wp-content\/uploads\/2024\/02\/Imbarcazione-a-vela.jpg 768w\" sizes=\"(max-width: 225px) 100vw, 225px\" \/><\/p>\n<p>Fiore all\u2019occhiello della scuola \u00e8 la barca a vela \u2018Alba\u2019, sequestrata dal tribunale di Messina agli scafisti nel 2018, in occasione di uno sbarco di migranti, nello specchio d\u2019acqua davanti a Taormina, e assegnata tre anni dopo alla scuola grazie all\u2019incessante lavoro del Dsga Danilo Rigatuso. Si tratta di una barca \u2018B\u00e9n\u00e9teau Cyclades\u2019, di 13,25 metri, dotata di vele Randa e Genoa, nonch\u00e9 di un motore di 55 cv Yanmar.\u00a0Tra le dotazioni di bordo anche tre cabine con sei posti letto e tre bagni con servizi e doccia. L\u2019imbarcazione \u00e8 stata ristrutturata e, dopo un lungo periodo di lavoro, che ha visto protagonisti i ragazzi, ha spiegato nuovamente le vele e ha preso il largo.<\/p>\n<p>\u201cLa disponibilit\u00e0 di una barca attrezzata ci consente \u2013 prosegue Rosalba Mingiardi \u2013 di offrire ai nostri studenti la possibilit\u00e0 di sperimentare sul mare quel che imparano in aula. La formazione in mare \u00e8 fondamentale per i nostri studenti che acquisiscono la pratica necessaria a colmare il divario tra l&#8217;esperienza formativa e la realt\u00e0 lavorativa. In tal modo la loro esperienza formativa sar\u00e0 pi\u00f9 solida e spendibile sul mercato del lavoro&#8221;.<\/p>\n<p>&nbsp;<\/p>\n<p>Intanto, oggi \u00e8 stato presentato il Corso per conseguire il brevetto di assistente bagnanti, che prender\u00e0 il via a fine febbraio, mentre a marzo verr\u00e0 avviato un Corso di preparazione alla conduzione dell\u2019imbarcazione a vela di 60 ore, svolto dai Comandanti del diporto Armando Patan\u00e8 e Antonino Bauso, propedeutico al conseguimento della patente nautica, riservato ai ragazzi del Nautico. \u201cLa nostra \u00e8 davvero una scuola al passo coi tempi \u2013 conclude la dirigente scolastica \u2013 Il nostro obiettivo \u00e8 fornire agli alunni tutto il bagaglio di competenze, teoriche e pratiche, necessarie per intraprendere con successo una carriera lavorativa, sfornando figure altamente specializzate che svolgono il loro lavoro su navi mercantili o all\u2019interno di cantieri navali\u201d.<\/p>\n<p><strong>U.S. Maria Bella<\/strong><\/p>\n<p><strong>3284176181<\/strong><\/p>\n","protected":false},"excerpt":{"rendered":"<p>Un giro in barca per dire no al bullismo. Nella giornata organizzata dalla sezione ripostese della Lega Navale Italiana, in collaborazione con il Marina di Riposto e con il patrocinio<\/p>\n<div><a class=\"permalink\" href=\"https:\/\/www.radioempire.it\/index.php\/2024\/02\/08\/riposto-i-ragazzi-dellistituto-distruzione-superiore-in-prima-linea-contro-il-bullismo-promuoviamo-la-cultura-del-rispetto\/\">Read More&#8230;<\/a><\/div>\n","protected":false},"author":2,"featured_media":49384,"comment_status":"closed","ping_status":"closed","sticky":false,"template":"","format":"standard","meta":[],"categories":[3,36],"tags":[],"_links":{"self":[{"href":"https:\/\/www.radioempire.it\/index.php\/wp-json\/wp\/v2\/posts\/49382"}],"collection":[{"href":"https:\/\/www.radioempire.it\/index.php\/wp-json\/wp\/v2\/posts"}],"about":[{"href":"https:\/\/www.radioempire.it\/index.php\/wp-json\/wp\/v2\/types\/post"}],"author":[{"embeddable":true,"href":"https:\/\/www.radioempire.it\/index.php\/wp-json\/wp\/v2\/users\/2"}],"replies":[{"embeddable":true,"href":"https:\/\/www.radioempire.it\/index.php\/wp-json\/wp\/v2\/comments?post=49382"}],"version-history":[{"count":1,"href":"https:\/\/www.radioempire.it\/index.php\/wp-json\/wp\/v2\/posts\/49382\/revisions"}],"predecessor-version":[{"id":49386,"href":"https:\/\/www.radioempire.it\/index.php\/wp-json\/wp\/v2\/posts\/49382\/revisions\/49386"}],"wp:featuredmedia":[{"embeddable":true,"href":"https:\/\/www.radioempire.it\/index.php\/wp-json\/wp\/v2\/media\/49384"}],"wp:attachment":[{"href":"https:\/\/www.radioempire.it\/index.php\/wp-json\/wp\/v2\/media?parent=49382"}],"wp:term":[{"taxonomy":"category","embeddable":true,"href":"https:\/\/www.radioempire.it\/index.php\/wp-json\/wp\/v2\/categories?post=49382"},{"taxonomy":"post_tag","embeddable":true,"href":"https:\/\/www.radioempire.it\/index.php\/wp-json\/wp\/v2\/tags?post=49382"}],"curies":[{"name":"wp","href":"https:\/\/api.w.org\/{rel}","templated":true}]}}