{"id":49421,"date":"2024-02-12T18:27:00","date_gmt":"2024-02-12T18:27:00","guid":{"rendered":"https:\/\/www.radioempire.it\/?p=49421"},"modified":"2024-02-12T18:27:00","modified_gmt":"2024-02-12T18:27:00","slug":"a-riposto-e-a-milo-doppio-appuntamento-il-16-e-il-23-febbraio-con-la-strada-del-vino-e-dei-sapori-delletna","status":"publish","type":"post","link":"https:\/\/www.radioempire.it\/index.php\/2024\/02\/12\/a-riposto-e-a-milo-doppio-appuntamento-il-16-e-il-23-febbraio-con-la-strada-del-vino-e-dei-sapori-delletna\/","title":{"rendered":"A Riposto e a Milo doppio appuntamento, il 16 e il 23 febbraio, con la Strada del Vino e dei Sapori dell\u2019Etna."},"content":{"rendered":"<p><b>\u201cPromuovere il territorio attraverso le sue eccellenze\u201d<\/b><\/p>\n<p>Due degustazioni tematiche di vini e oli per promuovere il territorio attraverso le sue eccellenze enogastronomiche. Questo il filo conduttore del doppio appuntamento organizzato dalla Strada del Vino e dei Sapori dell\u2019Etna, in collaborazione con il Comune di Riposto e la Pro Loco Riposto e con il Comune di Milo e la Pro Loco di Milo. Si inizia <b>venerd\u00ec 16 febbraio<\/b>, al <b>Palazzo Vigo<\/b>\u00a0di <b>Riposto<\/b>, alle <b>ore 19.30<\/b>, con <b>\u201cStrade che si incontrano: Strade del Vino e dei Sapori dell\u2019Etna e del Val di Noto si raccontano\u201d<\/b>, un viaggio esperienziale tra vini e spumanti ottenuti da vitigni autoctoni prodotti nei terroir etnei e del Val di Noto. Una commistione di sentori che rappresentano profondamente le referenze iconiche di questi due territori. La degustazione sar\u00e0 accompagnata da oli di produzione di entrambi i territori. L\u2019evento vedr\u00e0 la partecipazione anche degli studenti dell\u2019Istituto Professionale\u00a0per i Servizi per\u00a0l&#8217;Enogastronomia e l&#8217;Ospitalit\u00e0 Alberghiera \u2018G. Falcone\u2019 di\u00a0Giarre che prepareranno un piatto degustazione con arancinetto al nero di seppia, polpo arrostito e crema di patate, trancio di schiacciata di pesce (pomodoro, bietole, cozze, calamari, gamberetti e tuma), filetto di pesce azzurro scottato e aromatizzato al limone, sformato di pasta alle alici e mollica atturrata e crostatina. In chiusura prevista anche la degustazione di un distillato locale.<\/p>\n<p><img loading=\"lazy\" class=\"size-medium wp-image-49422 alignleft\" src=\"https:\/\/www.radioempire.it\/wp-content\/uploads\/2024\/02\/Strade-del-Vino-e-dellEtna-300x226.jpg\" alt=\"\" width=\"300\" height=\"226\" srcset=\"https:\/\/www.radioempire.it\/wp-content\/uploads\/2024\/02\/Strade-del-Vino-e-dellEtna-300x226.jpg 300w, https:\/\/www.radioempire.it\/wp-content\/uploads\/2024\/02\/Strade-del-Vino-e-dellEtna-1024x770.jpg 1024w, https:\/\/www.radioempire.it\/wp-content\/uploads\/2024\/02\/Strade-del-Vino-e-dellEtna-768x578.jpg 768w, https:\/\/www.radioempire.it\/wp-content\/uploads\/2024\/02\/Strade-del-Vino-e-dellEtna.jpg 1122w\" sizes=\"(max-width: 300px) 100vw, 300px\" \/><\/p>\n<p>Secondo appuntamento, <b>venerd\u00ec 23 febbraio<\/b>, al <b>Centro Servizi<\/b>\u00a0di <b>Milo<\/b>, alle <b>ore 19.30<\/b>, con la degustazione <b>\u201cIl mantello dell\u2019Etna: le espressioni del Nerello Cappuccio\u201d<\/b>, racconto inedito delle multiformi espressioni che assume il Nerello Cappuccio, tradizionalmente complementare al Nerello Mascalese, in una versione monovitigno per apprezzarne tutte le sue potenzialit\u00e0. Anche questa degustazione sar\u00e0 accompagnata da oli, esclusivamente di produzione etnea. I vini saranno abbinati ad un piatto degustazione con millefoglie di patate, caponata, carciofo al forno, arancinetto, insalata di trunzo, tortino di patate e carote con cavolo viola e panelle palermitane. A chiudere la serata sar\u00e0 un\u2019eccellenza di distillato locale accompagnato dagli \u2018nzuddi della tradizione orientale dell\u2019isola. A guidare le due degustazioni i sommelier professionisti Danilo Trapanotto (ONAV Catania) e Gioele Micali <img loading=\"lazy\" class=\"size-medium wp-image-49423 alignleft\" src=\"https:\/\/www.radioempire.it\/wp-content\/uploads\/2024\/02\/Strade-del-Vino-e-dellEtna-2-225x300.jpg\" alt=\"\" width=\"225\" height=\"300\" srcset=\"https:\/\/www.radioempire.it\/wp-content\/uploads\/2024\/02\/Strade-del-Vino-e-dellEtna-2-225x300.jpg 225w, https:\/\/www.radioempire.it\/wp-content\/uploads\/2024\/02\/Strade-del-Vino-e-dellEtna-2-768x1024.jpg 768w, https:\/\/www.radioempire.it\/wp-content\/uploads\/2024\/02\/Strade-del-Vino-e-dellEtna-2-1152x1536.jpg 1152w, https:\/\/www.radioempire.it\/wp-content\/uploads\/2024\/02\/Strade-del-Vino-e-dellEtna-2.jpg 1200w\" sizes=\"(max-width: 225px) 100vw, 225px\" \/>(AIS Sicilia), il docente esperto Riccardo Randello (ONAV Catania) e il capo panel CCIAA Sud Est Sicilia Ercole Aloe, durante le quali saranno presenti anche i produttori, circa venti. \u201cRaccontare il territorio attraverso le proprie eccellenze agroalimentari \u00e8 uno dei modi migliori per promuoverlo al meglio\u00a0\u2013\u00a0dichiara Gina Russo, presidente della Strada del Vino e dei Sapori dell\u2019Etna\u00a0\u2013 Farlo unendo due aree della Sicilia molto apprezzate \u00e8 un\u2019esperienza ancora pi\u00f9 completa e oggi ancor pi\u00f9 importante per accogliere un turista che \u00e8 sempre pi\u00f9 preparato in materia di sapori. La nostra mission \u00e8 proprio questa: raccontare al meglio l\u2019identit\u00e0 e la storia che ci caratterizza, un progetto di promozione turistica che, partendo dalle eccellenze agroalimentari, si ripromette di creare scambi e interconnessioni tra le diverse aree di produzione. D\u2019altronde sono sempre pi\u00f9 numerosi i turisti in cerca di itinerari del gusto, di esperienze ed eventi legati al mondo del vino e dei prodotti tipici. I due eventi in programma \u2013 conclude \u2013 vanno proprio in questa direzione\u201d.<\/p>\n<p>U.S. Maria Bella<\/p>\n<p>3284176181<\/p>\n<p>&nbsp;<\/p>\n","protected":false},"excerpt":{"rendered":"<p>\u201cPromuovere il territorio attraverso le sue eccellenze\u201d Due degustazioni tematiche di vini e oli per promuovere il territorio attraverso le sue eccellenze enogastronomiche. Questo il filo conduttore del doppio appuntamento<\/p>\n<div><a class=\"permalink\" href=\"https:\/\/www.radioempire.it\/index.php\/2024\/02\/12\/a-riposto-e-a-milo-doppio-appuntamento-il-16-e-il-23-febbraio-con-la-strada-del-vino-e-dei-sapori-delletna\/\">Read More&#8230;<\/a><\/div>\n","protected":false},"author":2,"featured_media":49424,"comment_status":"closed","ping_status":"closed","sticky":false,"template":"","format":"standard","meta":[],"categories":[3,36],"tags":[],"_links":{"self":[{"href":"https:\/\/www.radioempire.it\/index.php\/wp-json\/wp\/v2\/posts\/49421"}],"collection":[{"href":"https:\/\/www.radioempire.it\/index.php\/wp-json\/wp\/v2\/posts"}],"about":[{"href":"https:\/\/www.radioempire.it\/index.php\/wp-json\/wp\/v2\/types\/post"}],"author":[{"embeddable":true,"href":"https:\/\/www.radioempire.it\/index.php\/wp-json\/wp\/v2\/users\/2"}],"replies":[{"embeddable":true,"href":"https:\/\/www.radioempire.it\/index.php\/wp-json\/wp\/v2\/comments?post=49421"}],"version-history":[{"count":1,"href":"https:\/\/www.radioempire.it\/index.php\/wp-json\/wp\/v2\/posts\/49421\/revisions"}],"predecessor-version":[{"id":49425,"href":"https:\/\/www.radioempire.it\/index.php\/wp-json\/wp\/v2\/posts\/49421\/revisions\/49425"}],"wp:featuredmedia":[{"embeddable":true,"href":"https:\/\/www.radioempire.it\/index.php\/wp-json\/wp\/v2\/media\/49424"}],"wp:attachment":[{"href":"https:\/\/www.radioempire.it\/index.php\/wp-json\/wp\/v2\/media?parent=49421"}],"wp:term":[{"taxonomy":"category","embeddable":true,"href":"https:\/\/www.radioempire.it\/index.php\/wp-json\/wp\/v2\/categories?post=49421"},{"taxonomy":"post_tag","embeddable":true,"href":"https:\/\/www.radioempire.it\/index.php\/wp-json\/wp\/v2\/tags?post=49421"}],"curies":[{"name":"wp","href":"https:\/\/api.w.org\/{rel}","templated":true}]}}