{"id":49533,"date":"2024-02-20T16:29:56","date_gmt":"2024-02-20T16:29:56","guid":{"rendered":"https:\/\/www.radioempire.it\/?p=49533"},"modified":"2024-02-20T16:34:41","modified_gmt":"2024-02-20T16:34:41","slug":"il-23-febbraio-partira-da-palermola-rassegna-musicale-che-coinvolgera-le-principali-citta-della-regione-in-eventi-live-di-artisti-nazionali-e-locali","status":"publish","type":"post","link":"https:\/\/www.radioempire.it\/index.php\/2024\/02\/20\/il-23-febbraio-partira-da-palermola-rassegna-musicale-che-coinvolgera-le-principali-citta-della-regione-in-eventi-live-di-artisti-nazionali-e-locali\/","title":{"rendered":"Il 23 febbraio partir\u00e0 da Palermola rassegna musicale  \u00a0che coinvolger\u00e0 le principali citt\u00e0 della regione  \u00a0in eventi live di artisti nazionali e locali."},"content":{"rendered":"<p>Il <strong>23 febbraio <\/strong>partir\u00e0 da<strong>Palermo <\/strong>la rassegna musicale <strong>Onda Pop<\/strong> che coinvolger\u00e0 le <strong>principali citt\u00e0 della regione <\/strong>in eventi live di <strong>artisti nazionali e locali<\/strong>. In un&#8217;atmosfera elettrizzante di creativit\u00e0 e innovazione, il progetto, frutto della\u00a0collaborazione fra tre forze trainanti della scena musicale locale &#8211; <strong>Mind<\/strong>, <strong>TumaRecords<\/strong>e\u00a0<strong>Crox Concerti<\/strong> &#8211; si appresta a riversare onde di emozioni attraverso la Sicilia. L&#8217;evento, in programma in alcuni dei locali siciliani, tra cui <strong>Mind House<\/strong>, <strong>Retronouveau<\/strong>, <strong>RollingStones<\/strong>, <strong>Lizard<\/strong> e altri ancora da annunciare, si presenta come\u00a0un\u2019esperienza intensa che va ben oltre il semplice ascolto. Ecco le date, in aggiornamento:<\/p>\n<p>23 febbraio &#8211; <strong>DADA\u2019<\/strong>, opening act<strong>KIKI<\/strong>&#8211; MIND HOUSE (PA)<\/p>\n<p>24 febbraio &#8211;<strong> DADA\u2019<\/strong>, opening act<strong>KIKI<\/strong>&#8211; RETRONOUVEAU (ME)<\/p>\n<p>25 febbraio &#8211; <strong>ALOSI<\/strong>, opening act<strong>DARIO NACCARI<\/strong>&#8211; RETRONOUVEAU (ME)<\/p>\n<p>8 marzo &#8211; <strong>DELVENTO<\/strong> &#8211; ROLLING STONES (TP)<\/p>\n<p>10 marzo &#8211; <strong>DELVENTO<\/strong> &#8211; LIZARD PUB (PA)<\/p>\n<p>9 marzo &#8211; <strong>BEBO (Lo Stato Sociale) <\/strong>&#8211; MIND HOUSE\u00a0(PA)<\/p>\n<p>10 marzo &#8211;<strong> BEBO (Lo Stato Sociale) <\/strong>&#8211; RETRONOUVEAU (ME)<\/p>\n<p>La Sicilia \u00e8 una terra ricca di tradizioni musicali e <strong>Onda Pop<\/strong> si impegna a mettere in risalto\u00a0questo patrimonio unico. <em>\u201cNon \u00e8 soltanto un palco per la musica indipendente; \u00e8 uno spazio dove l&#8217;arte, <\/em><strong>&#8211; dicono gli organizzatori &#8211; <\/strong><em>il rinnovamento e le connessioni convergono. Artisti emergenti e figure consolidate condivideranno il palco, creando un dialogo sonoro che attraversa generi e stili. Questo evento non solo celebra la musica, ma anche la sua capacit\u00e0 di connettere, ispirare e\u00a0trasformare. Onda Pop \u00e8 pi\u00f9 di un evento, \u00e8 un invito a immergersi nella ricchezza della cultura musicale siciliana, a celebrare il nuovo e a connettersi attraverso l&#8217;espressione artistica. Non\u00a0perdetevi questa straordinaria celebrazione di musica, arte e connessioni.\u201d<\/em><\/p>\n<p><em> <img loading=\"lazy\" class=\"size-medium wp-image-49535 alignleft\" src=\"https:\/\/www.radioempire.it\/wp-content\/uploads\/2024\/02\/la-limina-1-300x300.jpg\" alt=\"\" width=\"300\" height=\"300\" srcset=\"https:\/\/www.radioempire.it\/wp-content\/uploads\/2024\/02\/la-limina-1-300x300.jpg 300w, https:\/\/www.radioempire.it\/wp-content\/uploads\/2024\/02\/la-limina-1-1024x1024.jpg 1024w, https:\/\/www.radioempire.it\/wp-content\/uploads\/2024\/02\/la-limina-1-150x150.jpg 150w, https:\/\/www.radioempire.it\/wp-content\/uploads\/2024\/02\/la-limina-1-768x768.jpg 768w, https:\/\/www.radioempire.it\/wp-content\/uploads\/2024\/02\/la-limina-1-188x188.jpg 188w, https:\/\/www.radioempire.it\/wp-content\/uploads\/2024\/02\/la-limina-1.jpg 1200w\" sizes=\"(max-width: 300px) 100vw, 300px\" \/><\/em><\/p>\n<p>La rassegna non solo offre una vetrina ai talenti locali, ma promuove la collaborazione tra artisti e altre realt\u00e0 culturali siciliane.<strong>Onda Pop<\/strong> \u00e8 a cura di <strong>TUMA RECORDS<\/strong>, un&#8217;etichetta indipendente con sede a Messina, <strong>CROX CONCERTI<\/strong>, un&#8217;agenzia di booking e management con sede a Palermo, e <strong>MIND<\/strong>, una factory multiservizio dedicata agli artisti con sede anch&#8217;essa a Palermo, nata con lo scopo di collaborare attivamente per creare una rete musicale in Sicilia. L&#8217;obiettivo del progetto \u00e8 quello di creare\u00a0una rete interconnessa che alimenta il rinnovamento culturale e musicale nell&#8217;isola ed ecco perch\u00e9 <strong>Onda Pop<\/strong> \u00e8 <strong>patrocinata dall\u2019Assessorato del Turismo, dello Sport e dello Spettacolo della Regione Sicilia<\/strong>.<\/p>\n<p>&nbsp;<\/p>\n<p><a href=\"https:\/\/www.instagram.com\/ondapopsicilia\/\">https:\/\/www.instagram.com\/ondapopsicilia\/<\/a><\/p>\n<p><strong>Resp comunicazione: Anna Spica \u2013 3662705195 \u2013 <a href=\"mailto:press@gabrielelopiccolo.it\">press@gabrielelopiccolo.it<\/a><\/strong><\/p>\n","protected":false},"excerpt":{"rendered":"<p>Il 23 febbraio partir\u00e0 daPalermo la rassegna musicale Onda Pop che coinvolger\u00e0 le principali citt\u00e0 della regione in eventi live di artisti nazionali e locali. In un&#8217;atmosfera elettrizzante di creativit\u00e0<\/p>\n<div><a class=\"permalink\" href=\"https:\/\/www.radioempire.it\/index.php\/2024\/02\/20\/il-23-febbraio-partira-da-palermola-rassegna-musicale-che-coinvolgera-le-principali-citta-della-regione-in-eventi-live-di-artisti-nazionali-e-locali\/\">Read More&#8230;<\/a><\/div>\n","protected":false},"author":2,"featured_media":49534,"comment_status":"closed","ping_status":"closed","sticky":false,"template":"","format":"standard","meta":[],"categories":[3,36],"tags":[],"_links":{"self":[{"href":"https:\/\/www.radioempire.it\/index.php\/wp-json\/wp\/v2\/posts\/49533"}],"collection":[{"href":"https:\/\/www.radioempire.it\/index.php\/wp-json\/wp\/v2\/posts"}],"about":[{"href":"https:\/\/www.radioempire.it\/index.php\/wp-json\/wp\/v2\/types\/post"}],"author":[{"embeddable":true,"href":"https:\/\/www.radioempire.it\/index.php\/wp-json\/wp\/v2\/users\/2"}],"replies":[{"embeddable":true,"href":"https:\/\/www.radioempire.it\/index.php\/wp-json\/wp\/v2\/comments?post=49533"}],"version-history":[{"count":3,"href":"https:\/\/www.radioempire.it\/index.php\/wp-json\/wp\/v2\/posts\/49533\/revisions"}],"predecessor-version":[{"id":49538,"href":"https:\/\/www.radioempire.it\/index.php\/wp-json\/wp\/v2\/posts\/49533\/revisions\/49538"}],"wp:featuredmedia":[{"embeddable":true,"href":"https:\/\/www.radioempire.it\/index.php\/wp-json\/wp\/v2\/media\/49534"}],"wp:attachment":[{"href":"https:\/\/www.radioempire.it\/index.php\/wp-json\/wp\/v2\/media?parent=49533"}],"wp:term":[{"taxonomy":"category","embeddable":true,"href":"https:\/\/www.radioempire.it\/index.php\/wp-json\/wp\/v2\/categories?post=49533"},{"taxonomy":"post_tag","embeddable":true,"href":"https:\/\/www.radioempire.it\/index.php\/wp-json\/wp\/v2\/tags?post=49533"}],"curies":[{"name":"wp","href":"https:\/\/api.w.org\/{rel}","templated":true}]}}